{"id":33789,"date":"2011-05-29T11:22:33","date_gmt":"2011-05-29T08:22:33","guid":{"rendered":"http:\/\/www.korhanyilmaz.com\/?p=33789"},"modified":"2011-05-29T11:22:33","modified_gmt":"2011-05-29T08:22:33","slug":"helal-internet-icin-dev-filtre","status":"publish","type":"post","link":"http:\/\/www.korhanyilmaz.com\/?p=33789","title":{"rendered":"Helal internet i\u00e7in dev filtre"},"content":{"rendered":"<p style=\"text-align: justify;\"><a href=\"http:\/\/www.korhanyilmaz.com\/wp-content\/uploads\/2011\/05\/416.jpg\"  class=\"lightview\"><img loading=\"lazy\" decoding=\"async\" class=\"aligncenter size-full wp-image-33790\" src=\"http:\/\/www.korhanyilmaz.com\/wp-content\/uploads\/2011\/05\/416.jpg\" alt=\"\" width=\"414\" height=\"221\" \/><\/a><\/p>\n<p style=\"text-align: justify;\">\u0130ran \u00fclkeye \u00f6zel internet a\u011f\u0131 i\u00e7in \u00e7al\u0131\u015fmalar\u0131 h\u0131zland\u0131rd\u0131. Wall Street Journal gazetesi dev filtrenin \u00e7ok yak\u0131nda devreye girece\u011fini yazd\u0131.<\/p>\n<p style=\"text-align: justify;\">\u0130STANBUL &#8211; \u0130nternete sert sans\u00fcrler uygulayan \u0130ran, bir ad\u0131m \u00f6teye ge\u00e7erek kendine \u00f6zel internet kurma \u00e7al\u0131\u015fmalar\u0131n\u0131 h\u0131zland\u0131rd\u0131. <!--more--><\/p>\n<p style=\"text-align: justify;\"><a href=\"http:\/\/www.korhanyilmaz.com\/wp-content\/uploads\/2011\/05\/417.jpg\"  class=\"lightview\"><img loading=\"lazy\" decoding=\"async\" class=\"alignleft size-full wp-image-33791\" style=\"margin-left: 10px; margin-right: 10px;\" src=\"http:\/\/www.korhanyilmaz.com\/wp-content\/uploads\/2011\/05\/417.jpg\" alt=\"\" width=\"200\" height=\"136\" \/><\/a>Rejim, \u00fclkeyi d\u00fcnyan\u0131n geri kalan\u0131ndan ay\u0131racak bu internet filtresinin \u0130slami de\u011ferlerin korunmas\u0131n\u0131 sa\u011flayaca\u011f\u0131n\u0131 s\u00f6yl\u00fcyor. \u0130ran politikas\u0131n\u0131 yak\u0131ndan tan\u0131yanlar rejimin bu proje ile internetin kontrol\u00fc i\u00e7in verdikleri m\u00fccadeleyi yak\u0131n zamanda tamamlayaca\u011f\u0131n\u0131 s\u00f6yl\u00fcyor. 2009 se\u00e7imlerine itiraz eden muhalefetin, sert m\u00fcdahaleleri internet sayesinde d\u00fcnyaya duyurmas\u0131n\u0131n projeyi h\u0131zland\u0131rd\u0131\u011f\u0131 d\u00fc\u015f\u00fcn\u00fcl\u00fcyor.<\/p>\n<p style=\"text-align: justify;\">\u0130ran \u0130leti\u015fim Bakan\u0131 Reza Bagheri \u015fubat ay\u0131nda, \u00fclkenin y\u00fczde 60\u2019\u0131n\u0131n \u00e7ok yak\u0131nda d\u00fcnyan\u0131n geri kalan\u0131ndan ayr\u0131 bir internet a\u011f\u0131 kullanmaya ba\u015flayaca\u011f\u0131n\u0131, iki y\u0131l i\u00e7inde bunun t\u00fcm \u00fclkeye yay\u0131laca\u011f\u0131n\u0131 s\u00f6ylemi\u015fti.<\/p>\n<p style=\"text-align: justify;\">Milliyet&#8217;in haberine g\u00f6re, cumhurba\u015fkan\u0131 yard\u0131mc\u0131s\u0131 ve T\u00fcrkiye \u00d6zel Temsilcisi olan Ali A\u011fa Muhammedi ise bu hafta ulusal internetin \u201cM\u00fcsl\u00fcmanlar\u0131n daha etik ve ahlaki bir seviyede olmas\u0131n\u0131 sa\u011flayacak tamamen helal bir a\u011f\u201d olaca\u011f\u0131n\u0131 belirtti. Muhammedi, \u2018helal internetin\u2019 \u00f6nce normal internetle bir arada olaca\u011f\u0131n\u0131, daha sonra t\u00fcm \u0130ran\u2019\u0131n sadece bu interneti kullanaca\u011f\u0131n\u0131 s\u00f6yledi. Bankalar\u0131n, b\u00fcy\u00fck \u015firketlerin ve bakanlar\u0131n normal a\u011fa eri\u015fimi devam edecek. Ayn\u0131 zamanda \u0130ran birka\u00e7 ay i\u00e7inde Microsoft\u2019un Windows\u2019unun yerini alacak kendi i\u015fletim sistemini \u00e7\u0131karacak, t\u00fcm bilgisayarlarda bu kullan\u0131lacak.<\/p>\n<p style=\"text-align: justify;\"><strong>15 B\u0130N S\u0130TE YASAKLI<\/strong><\/p>\n<p style=\"text-align: justify;\">\u0130ran 1990\u2019larda Ortado\u011fu\u2019da interneti kullanmaya ba\u015flayan ilk M\u00fcsl\u00fcman \u00fclke olmu\u015ftu. B\u00f6lgede ise \u0130srail\u2019in ard\u0131ndan ikinciydi. Bug\u00fcn 100 ki\u015fiden 11\u2019inin internet kulland\u0131\u011f\u0131 \u00fclkede 15 bin\u2019den fazla site yasakland\u0131. \u0130ran\u2019a \u00f6zg\u00fc internet fikri ise 2005 y\u0131l\u0131nda Mahmud Ahmedinecad\u2019\u0131n cumhurba\u015fkan\u0131 olmas\u0131 ile g\u00fcndeme geldi. 2008 y\u0131l\u0131nda altyap\u0131 \u00e7al\u0131\u015fmalar\u0131 i\u00e7in 1 milyar dolar b\u00fct\u00e7e ayr\u0131ld\u0131. Ulusal internet uygulamalar\u0131 Myanmar ve K\u00fcba\u2019da bulunuyor, Kuzey Kore ise benzer bir sistem haz\u0131rl\u0131yor. K\u00fcba\u2019da turistler ve yerli halk i\u00e7in iki ayr\u0131 internet a\u011f\u0131 bulunuyor.<\/p>\n<p style=\"text-align: justify;\"><a href=\"http:\/\/www.gazeteport.com.tr\/DUNYA\/NEWS\/GP_912384\" target=\"_blank\">Kaynak: GAZETEPORT<\/a><\/p>\n","protected":false},"excerpt":{"rendered":"<p style=\"text-align: justify;\">\n<p style=\"text-align: justify;\">\u0130ran \u00fclkeye \u00f6zel internet a\u011f\u0131 i\u00e7in \u00e7al\u0131\u015fmalar\u0131 h\u0131zland\u0131rd\u0131. Wall Street Journal gazetesi dev filtrenin \u00e7ok yak\u0131nda devreye girece\u011fini yazd\u0131.<\/p>\n<p style=\"text-align: justify;\">\u0130STANBUL &#8211; \u0130nternete sert sans\u00fcrler uygulayan \u0130ran, bir ad\u0131m \u00f6teye ge\u00e7erek kendine \u00f6zel internet kurma \u00e7al\u0131\u015fmalar\u0131n\u0131 h\u0131zland\u0131rd\u0131. <\/p>\n","protected":false},"author":1,"featured_media":0,"comment_status":"open","ping_status":"closed","sticky":false,"template":"","format":"standard","meta":{"footnotes":""},"categories":[105],"tags":[],"class_list":["post-33789","post","type-post","status-publish","format-standard","hentry","category-gundem","odd"],"_links":{"self":[{"href":"http:\/\/www.korhanyilmaz.com\/index.php?rest_route=\/wp\/v2\/posts\/33789","targetHints":{"allow":["GET"]}}],"collection":[{"href":"http:\/\/www.korhanyilmaz.com\/index.php?rest_route=\/wp\/v2\/posts"}],"about":[{"href":"http:\/\/www.korhanyilmaz.com\/index.php?rest_route=\/wp\/v2\/types\/post"}],"author":[{"embeddable":true,"href":"http:\/\/www.korhanyilmaz.com\/index.php?rest_route=\/wp\/v2\/users\/1"}],"replies":[{"embeddable":true,"href":"http:\/\/www.korhanyilmaz.com\/index.php?rest_route=%2Fwp%2Fv2%2Fcomments&post=33789"}],"version-history":[{"count":0,"href":"http:\/\/www.korhanyilmaz.com\/index.php?rest_route=\/wp\/v2\/posts\/33789\/revisions"}],"wp:attachment":[{"href":"http:\/\/www.korhanyilmaz.com\/index.php?rest_route=%2Fwp%2Fv2%2Fmedia&parent=33789"}],"wp:term":[{"taxonomy":"category","embeddable":true,"href":"http:\/\/www.korhanyilmaz.com\/index.php?rest_route=%2Fwp%2Fv2%2Fcategories&post=33789"},{"taxonomy":"post_tag","embeddable":true,"href":"http:\/\/www.korhanyilmaz.com\/index.php?rest_route=%2Fwp%2Fv2%2Ftags&post=33789"}],"curies":[{"name":"wp","href":"https:\/\/api.w.org\/{rel}","templated":true}]}}