{"id":33776,"date":"2011-05-29T07:29:33","date_gmt":"2011-05-29T04:29:33","guid":{"rendered":"http:\/\/www.korhanyilmaz.com\/?p=33776"},"modified":"2011-05-29T07:29:33","modified_gmt":"2011-05-29T04:29:33","slug":"basbakan%e2%80%99i-kullaniyorlar","status":"publish","type":"post","link":"http:\/\/www.korhanyilmaz.com\/?p=33776","title":{"rendered":"Ba\u015fbakan\u2019\u0131 kullan\u0131yorlar"},"content":{"rendered":"<p style=\"text-align: justify;\"><a href=\"http:\/\/www.korhanyilmaz.com\/wp-content\/uploads\/2011\/05\/406.jpeg\"  class=\"lightview\"><img loading=\"lazy\" decoding=\"async\" class=\"aligncenter size-full wp-image-33777\" src=\"http:\/\/www.korhanyilmaz.com\/wp-content\/uploads\/2011\/05\/406.jpeg\" alt=\"\" width=\"448\" height=\"222\" \/><\/a><\/p>\n<p style=\"text-align: justify;\">Ak Parti h\u00fck\u00fcmetine ABD ile ili\u015fkiler \u00fczerinden y\u00fcklenen CHP lideri, \u2018Recep Tayyip Erdo\u011fan kullan\u0131l\u0131yor\u2019 dedi. \u00dclkede sanki OHAL ilan edildi\u011fini kaydeden K\u0131l\u0131\u00e7daro\u011flu, \u2018Bunlarda bereket olsa, \u00f6zg\u00fcrl\u00fck olur\u2019 diye konu\u015ftu.<!--more--><\/p>\n<p style=\"text-align: justify;\">CHP Genel Ba\u015fkan\u0131 Kemal K\u0131l\u0131\u00e7daro\u011flu, Ba\u015fbakan Recep Tayyip Erdo\u011fan\u2019\u0131n ABD taraf\u0131ndan kullan\u0131ld\u0131\u011f\u0131n\u0131 belirterek, \u201cOndan sonra da horozlan\u0131yorsun\u201d dedi.<\/p>\n<p style=\"text-align: justify;\">K\u0131l\u0131\u00e7daro\u011flu, partisinin \u0130zmir G\u00fcndo\u011fdu Meydan\u0131\u2019ndaki mitinginde yapt\u0131\u011f\u0131 konu\u015fmada, mitinge kat\u0131lanlar\u0131n halini hat\u0131r\u0131n\u0131 sorduktan sonra, \u201cBir \u015fey s\u00f6yleyece\u011fim ama Recep Bey k\u0131zacak. K\u0131zs\u0131n m\u0131? Allah\u2019\u0131na kurban \u0130zmir\u201d dedi.<\/p>\n<p style=\"text-align: justify;\">K\u0131l\u0131\u00e7daro\u011flu, \u0130zmir\u2019in, insanlar\u0131n \u00f6zg\u00fcrce soka\u011fa \u00e7\u0131k\u0131p, \u00f6zg\u00fcrce nefes ald\u0131\u011f\u0131 bir kent oldu\u011funu<\/p>\n<p style=\"text-align: justify;\">belirterek, \u201c\u0130zmir bu nedenle AKP taraf\u0131ndan hazmedilemiyor. \u2019Nas\u0131l olur da \u0130zmir\u2019i bask\u0131 alt\u0131na al\u0131r\u0131z, nas\u0131l olur da \u0130zmir\u2019in \u0130zmirlinin sesini \u00e7\u0131karmay\u0131z\u2019 diye \u00e7al\u0131\u015f\u0131yorlar\u201d dedi. \u00d6zg\u00fcrl\u00fc\u011f\u00fc ya\u015famak, \u00f6zg\u00fcrl\u00fc\u011f\u00fc teneff\u00fcs etmek istediklerini dile getiren K\u0131l\u0131\u00e7daro\u011flu, konu\u015fmas\u0131na \u015f\u00f6yle devam etti:<\/p>\n<p style=\"text-align: justify;\"><strong>SANK\u0130 OHAL VAR<\/strong><\/p>\n<p style=\"text-align: justify;\">Bu g\u00fczel \u00fclkede sanki askeri y\u00f6netim varm\u0131\u015f gibi b\u00fct\u00fcn \u00fclkeyi OHAL\u2019e d\u00f6n\u00fc\u015ft\u00fcrd\u00fcler. Sanki ola\u011fan\u00fcst\u00fc hal varm\u0131\u015f gibi sabah\u0131n k\u00f6r\u00fcnde polis, evlerinizi bas\u0131yor. Sabah\u0131n k\u00f6r\u00fcnde ifadeleriniz al\u0131n\u0131yor. Mustafa Balbay ne yapt\u0131? Yaz\u0131 yazd\u0131. Yaz\u0131 yazman\u0131n su\u00e7 oldu\u011fu bir \u00fclkedeyiz. Bas\u0131lmam\u0131\u015f kitab\u0131n toplat\u0131ld\u0131\u011f\u0131 \u00fclkedeyiz.<\/p>\n<p style=\"text-align: justify;\"><strong>KULLANILAN BA\u015eBAKAN<\/strong><\/p>\n<p style=\"text-align: justify;\">Bug\u00fcn bir de d\u0131\u015f politika uzman\u0131 kesilmi\u015f. \u2019Vay efendim d\u0131\u015f politikada \u015funu yapt\u0131k, bunu yapt\u0131k&#8230;\u2019 Ne yapt\u0131n d\u0131\u015f politikada sen? \u2019Rasmussen\u2019e oy vermeyece\u011fim\u2019 dedin, t\u0131p\u0131\u015f t\u0131p\u0131\u015f gittin, oy verdin. Ondan sonra da horozlan\u0131yorsun. Onun adam\u0131 ABD\u2019de ne dedi Allah a\u015fk\u0131na? \u2019Bu adam\u0131 s\u00fcp\u00fcrmeyin, kullan\u0131n\u2019 dedi. Kullan\u0131lan bir Ba\u015fbakan var \u015fu anda. Recep Tayyip Erdo\u011fan kullan\u0131l\u0131yor.<\/p>\n<p style=\"text-align: justify;\"><strong>BEREKETS\u0130Z \u0130KT\u0130DAR<\/strong><\/p>\n<p style=\"text-align: justify;\">Bir meyve vermez bunlar\u0131n a\u011fac\u0131, \u00e7\u00fcnk\u00fc bunlar bereketsiz bir iktidar, bunlarda bereket yok. Bereket olsa i\u015fsizlik, yoksulluk, yolsuzluk olur mu, yurt d\u0131\u015f\u0131ndan ithal kurbanl\u0131k koyun gelir mi? Bereket olsa, \u00f6zg\u00fcrl\u00fck olur. Bereketin oldu\u011fu yerde \u00f6zg\u00fcrl\u00fck, karde\u015flik vard\u0131r, \u015fiddet de\u011fil dostluk vard\u0131r, demokrasi vard\u0131r.<\/p>\n<p style=\"text-align: justify;\"><strong>KEMAL\u2019\u0130N DERD\u0130<\/strong><\/p>\n<p style=\"text-align: justify;\">Ekonomik \u00f6zg\u00fcrl\u00fck olsun ki siyasal \u00f6zg\u00fcrl\u00fck olsun. Bize \u2019kaynak nerede\u2019 diye soruyorlar, hi\u00e7 merak etmeyin bizim kayna\u011f\u0131m\u0131z var. Ak Parti Genel Merkezi\u2019ne giden hortumlar\u0131 kesece\u011fim, hi\u00e7 merak etmeyin siz. Bir pankart daha var. \u2019Recep\u2019in derdi \u0130stanbul bo\u011faz\u0131, Kemal\u2019in derdi halk\u0131n bo\u011faz\u0131\u2019. A\u00e7\u0131klad\u0131klar\u0131 projelerin tamam\u0131 ihale \u00fczerine kurulu. \u2019Kime, nas\u0131l, hangi ihaleyi kuraca\u011f\u0131z?\u2019 Bizim projelerimiz insan \u00fczerine, insan\u0131n mutlulu\u011fu \u00fczerine kurulu. A\u00e7l\u0131k olmas\u0131n, \u00e7ocuklar yata\u011fa a\u00e7 girmesin, bunun \u00fczerine kurulu.<\/p>\n<p style=\"text-align: justify;\"><strong>S\u0130GORTASI ATTI<\/strong><\/p>\n<p style=\"text-align: justify;\">Aile sigortas\u0131, Tayyip\u2019in sigortas\u0131n\u0131 att\u0131rd\u0131. \u2019\u015eifresini \u00e7\u00f6zd\u00fcm\u2019 dedim, o itiraflara ba\u015flad\u0131. \u0130tiraflar d\u00f6nemi ba\u015flad\u0131. Bakanlar\u0131n\u0131n yolsuzluk yapt\u0131\u011f\u0131n\u0131 itiraf etti. Cumhuriyet tarihinde ilktir bu. \u00d6nemli bir itiraft\u0131r. Kendi sesinden, nefesinden, \u2019Biz yolsuzluklar\u0131n adresiyiz, ben de onlar\u0131 liste d\u0131\u015f\u0131 b\u0131rakt\u0131m\u2019 dedi. \u015eifreyi \u00e7\u00f6zd\u00fck, bundan sonra daha \u00e7ok itiraf yapt\u0131raca\u011f\u0131m ona.<\/p>\n<p style=\"text-align: justify;\"><strong>PANKARTLARI OKUDU<\/strong><\/p>\n<p style=\"text-align: justify;\">(Yedi\u011fin hurmalar 13 Haziran\u2019da seni fena t\u0131rmalar) diyorsun. G\u00fczel pankartlar var. \u2019<strong><em>Bir at\u0131n, iki dakikada \u00fczerinden att\u0131\u011f\u0131 adam\u0131, bu millet 9 y\u0131ld\u0131r ta\u015f\u0131yor&#8230;<\/em><\/strong>\u2019 Ataca\u011f\u0131z, beraber ataca\u011f\u0131z. \u2019<strong><em>Tayyip yaz, AKP\u2019ye g\u00f6nder, susuz k\u00f6ye \u00e7ama\u015f\u0131r makinesi gelsin<\/em><\/strong>\u2019, \u2019<strong><em>AKP\u2019nin son kullanma tarihi 12 Haziran 2011<\/em><\/strong>\u2019, \u2019<strong><em>Gelecek ku\u015faklar i\u00e7in gereksiz ampulleri s\u00f6nd\u00fcrelim&#8230;<\/em><\/strong>\u2019 S\u00f6nd\u00fcrece\u011fiz zaten\u201d dedi.<\/p>\n\n<p style=\"text-align: justify;\"><a href=\"http:\/\/siyaset.milliyet.com.tr\/basbakan-i-kullaniyorlar\/siyaset\/siyasetdetay\/29.05.2011\/1395979\/default.htm\" target=\"_blank\">Kaynak : Milliyet<\/a><\/p>\n","protected":false},"excerpt":{"rendered":"<p style=\"text-align: justify;\">\n<p style=\"text-align: justify;\">Ak Parti h\u00fck\u00fcmetine ABD ile ili\u015fkiler \u00fczerinden y\u00fcklenen CHP lideri, \u2018Recep Tayyip Erdo\u011fan kullan\u0131l\u0131yor\u2019 dedi. \u00dclkede sanki OHAL ilan edildi\u011fini kaydeden K\u0131l\u0131\u00e7daro\u011flu, \u2018Bunlarda bereket olsa, \u00f6zg\u00fcrl\u00fck olur\u2019 diye konu\u015ftu.<\/p>\n","protected":false},"author":1,"featured_media":0,"comment_status":"open","ping_status":"closed","sticky":false,"template":"","format":"standard","meta":{"footnotes":""},"categories":[105],"tags":[],"class_list":["post-33776","post","type-post","status-publish","format-standard","hentry","category-gundem","odd"],"_links":{"self":[{"href":"http:\/\/www.korhanyilmaz.com\/index.php?rest_route=\/wp\/v2\/posts\/33776","targetHints":{"allow":["GET"]}}],"collection":[{"href":"http:\/\/www.korhanyilmaz.com\/index.php?rest_route=\/wp\/v2\/posts"}],"about":[{"href":"http:\/\/www.korhanyilmaz.com\/index.php?rest_route=\/wp\/v2\/types\/post"}],"author":[{"embeddable":true,"href":"http:\/\/www.korhanyilmaz.com\/index.php?rest_route=\/wp\/v2\/users\/1"}],"replies":[{"embeddable":true,"href":"http:\/\/www.korhanyilmaz.com\/index.php?rest_route=%2Fwp%2Fv2%2Fcomments&post=33776"}],"version-history":[{"count":0,"href":"http:\/\/www.korhanyilmaz.com\/index.php?rest_route=\/wp\/v2\/posts\/33776\/revisions"}],"wp:attachment":[{"href":"http:\/\/www.korhanyilmaz.com\/index.php?rest_route=%2Fwp%2Fv2%2Fmedia&parent=33776"}],"wp:term":[{"taxonomy":"category","embeddable":true,"href":"http:\/\/www.korhanyilmaz.com\/index.php?rest_route=%2Fwp%2Fv2%2Fcategories&post=33776"},{"taxonomy":"post_tag","embeddable":true,"href":"http:\/\/www.korhanyilmaz.com\/index.php?rest_route=%2Fwp%2Fv2%2Ftags&post=33776"}],"curies":[{"name":"wp","href":"https:\/\/api.w.org\/{rel}","templated":true}]}}