{"id":33763,"date":"2011-05-27T13:32:10","date_gmt":"2011-05-27T10:32:10","guid":{"rendered":"http:\/\/www.korhanyilmaz.com\/?p=33763"},"modified":"2011-05-27T13:32:10","modified_gmt":"2011-05-27T10:32:10","slug":"gulene-kogusturma-yok","status":"publish","type":"post","link":"http:\/\/www.korhanyilmaz.com\/?p=33763","title":{"rendered":"G\u00fclen&#8217;e ko\u011fu\u015fturma yok"},"content":{"rendered":"<p style=\"text-align: center;\"><a href=\"http:\/\/www.korhanyilmaz.com\/wp-content\/uploads\/2011\/05\/404.jpg\"  class=\"lightview\"><img loading=\"lazy\" decoding=\"async\" class=\"aligncenter size-full wp-image-33764\" src=\"http:\/\/www.korhanyilmaz.com\/wp-content\/uploads\/2011\/05\/404.jpg\" alt=\"\" width=\"309\" height=\"231\" \/><\/a><\/p>\n<p style=\"text-align: justify;\">\u00d6zel yetkili Ankara Cumhuriyet Ba\u015fsavc\u0131vekilli\u011fi, tutuklu Emniyet M\u00fcd\u00fcr\u00fc Hanefi Avc\u0131&#8217;n\u0131n, &#8221;Hali\u00e7&#8217;te Ya\u015fayan Simonlar, D\u00fcn Devlet Bug\u00fcn Cemaat&#8221; adl\u0131 kitab\u0131 \u00fczerine, Fethullah G\u00fclen hakk\u0131nda, &#8221;Anayasal d\u00fczeni de\u011fi\u015ftirmek amac\u0131yla su\u00e7 \u00f6rg\u00fct\u00fc kurmak ve bu \u00f6rg\u00fcte \u00fcye olmak&#8221; iddialar\u0131yla ba\u015flatt\u0131\u011f\u0131 soru\u015fturma sonucunda &#8221;kovu\u015fturmaya yer olmad\u0131\u011f\u0131na&#8221; karar verdi.<!--more--><\/p>\n<p style=\"text-align: justify;\">ANKARA- Kararda, &#8221;Kitapta belirtilen hususlar\u0131n soyut iddiadan ibaret oldu\u011fu ve delile dayanmad\u0131\u011f\u0131&#8221; ifade edildi.<\/p>\n<p style=\"text-align: justify;\">\u00d6zel yetkili Ankara Cumhuriyet Ba\u015fsavc\u0131vekilli\u011fi, Avc\u0131&#8217;n\u0131n kitab\u0131n\u0131 ihbar kabul ederek, Fethullah G\u00fclen ile O.H.\u00d6. hakk\u0131nda 20 A\u011fustos 2010&#8217;da soru\u015fturma ba\u015flatm\u0131\u015ft\u0131.<\/p>\n<p style=\"text-align: justify;\">Edinilen bilgiye g\u00f6re, &#8221;Anayasal d\u00fczeni de\u011fi\u015ftirmek amac\u0131yla su\u00e7 \u00f6rg\u00fct\u00fc kurmak ve bu \u00f6rg\u00fcte \u00fcye olmak&#8221; iddialar\u0131yla y\u00fcr\u00fct\u00fclen soru\u015fturma sonucunda &#8221;kovu\u015fturmaya yer olmad\u0131\u011f\u0131na&#8221; karar verildi.<\/p>\n<p style=\"text-align: justify;\">Kararda, kitap ile Avc\u0131&#8217;n\u0131n ba\u015fsavc\u0131vekilli\u011fine 29 A\u011fustos 2010&#8217;da verdi\u011fi 6 sayfal\u0131k ifadesi \u00f6zetlendi.<\/p>\n<p style=\"text-align: justify;\">Avc\u0131&#8217;n\u0131n, baz\u0131 emniyet yetkilileri hakk\u0131ndaki soru\u015fturmalar\u0131n &#8221;cemaatin y\u00f6nlendirmesi sonucunda yap\u0131ld\u0131\u011f\u0131&#8221; y\u00f6n\u00fcndeki iddialar\u0131 an\u0131msat\u0131lan kararda, bu ki\u015filere ili\u015fkin iddianamelerin incelendi\u011fi, bunlara ili\u015fkin soru\u015fturmalar\u0131n \u00f6nceden ba\u015flat\u0131lan projeli soru\u015fturmalar oldu\u011fu, teknik takipler yap\u0131ld\u0131\u011f\u0131, sonras\u0131nda operasyon d\u00fczenlenerek, soru\u015fturmalar\u0131n sonu\u00e7land\u0131r\u0131ld\u0131 anlat\u0131ld\u0131.<\/p>\n<p style=\"text-align: justify;\">Kararda, Avc\u0131&#8217;n\u0131n kitab\u0131nda ve ifadesinde bahsetti\u011fi konular\u0131n somut delillere dayanmad\u0131\u011f\u0131, ki\u015fi ve yer belirtmeksizin soyut iddiadan olu\u015ftu\u011fu ifade edildi.<\/p>\n<p style=\"text-align: justify;\">Soru\u015fturma kapsam\u0131nda Emniyet Genel M\u00fcd\u00fcrl\u00fc\u011f\u00fcne yaz\u0131lan yaz\u0131ya, &#8221;Kay\u0131tlar\u0131m\u0131zda yap\u0131lan ara\u015ft\u0131rmada 5237 say\u0131l\u0131 TCK ve 3713 say\u0131l\u0131 Ter\u00f6rle M\u00fccadele Kanunu kapsam\u0131nda Fethullah G\u00fclen cemaati ad\u0131 alt\u0131nda bir \u00f6rg\u00fcte rastlan\u0131lmam\u0131\u015ft\u0131r&#8221; cevab\u0131 verildi\u011fi bildirilen kararda, O.H.\u00d6. ve kitapta bahsedilen di\u011fer konularda ara\u015ft\u0131rma yap\u0131lmas\u0131 i\u00e7in Emniyet Genel M\u00fcd\u00fcrl\u00fc\u011f\u00fcne yaz\u0131 yaz\u0131ld\u0131\u011f\u0131 aktar\u0131ld\u0131.<\/p>\n<p style=\"text-align: justify;\">Buradan al\u0131nan ve 3 m\u00fclkiye m\u00fcfetti\u015fi ile 1 polis m\u00fcfetti\u015fi taraf\u0131ndan d\u00fczenlenen 9 May\u0131s 2011 tarihli 105 sayfal\u0131k raporda, \u00fcst d\u00fczey emniyet g\u00f6revlileri ile kitapta ismi ge\u00e7en ba\u015fka emniyet g\u00f6revlilerinin ifadeleri do\u011frultusunda, iddialar hakk\u0131nda adli ve idari y\u00f6nden yap\u0131lacak bir i\u015flem olmad\u0131\u011f\u0131na karar verildi\u011finin anla\u015f\u0131ld\u0131\u011f\u0131 bildirilen kararda, ayr\u0131ca M\u00fclkiye Ba\u015fm\u00fcfetti\u015fi ile Dernekler Denet\u00e7isince d\u00fczenlenen 9 May\u0131s 2011 tarihli raporda, kitab\u0131n 559. sayfas\u0131nda bahsedilen iddialar konusunda herhangi bir i\u015flem yap\u0131lmas\u0131na gerek olmad\u0131\u011f\u0131na karar verildi\u011finin g\u00f6r\u00fcld\u00fc\u011f\u00fc bildirildi.<\/p>\n<p style=\"text-align: justify;\"><strong>O.H.\u00d6&#8217;N\u00dcN EV\u0130NDE ARAMA YAPILDI<\/strong><\/p>\n<p style=\"text-align: justify;\">Kararda, O.H.\u00d6&#8217;n\u00fcn 25 Ekim 2010&#8217;da al\u0131nan 2 sayfal\u0131k ifadesi \u00f6zetlendi. O.H.\u00d6&#8217;n\u00fcn, \u015fahs\u0131yla ilgili kitaptaki hi\u00e7bir iddiay\u0131 kabul etmedi\u011fi belirtilen kararda, mahkeme karar\u0131yla O.H.\u00d6&#8217;n\u00fcn ev ve i\u015f yerinde yap\u0131lan aramada ve bilgisayar\u0131n\u0131n incelenmesinde herhangi bir su\u00e7 delili bulunamad\u0131\u011f\u0131na yer verildi.<\/p>\n<p style=\"text-align: justify;\">Karar\u0131n son b\u00f6l\u00fcm\u00fcnde, \u015funlar denildi:<\/p>\n<p style=\"text-align: justify;\">&#8221;Hanefi Avc\u0131&#8217;ya ait kitab\u0131n tamam\u0131n\u0131n ve \u00f6zellikle cemaat isimli b\u00f6l\u00fcm\u00fcn\u00fcn Hanefi Avc\u0131 taraf\u0131ndan Cumhuriyet Ba\u015fsavc\u0131vekilli\u011fimize verdi\u011fi ifadenin ve dosya i\u00e7erisindeki di\u011fer delillerin incelenmesinde, iddialar\u0131n soyut iddialar olup, somut herhangi bir delil ve belgenin sunulmad\u0131\u011f\u0131, iddialar\u0131n genel olarak yazar\u0131n kendi d\u00fc\u015f\u00fcnce ve kanaatlerine dayand\u0131\u011f\u0131, kendisine geldi\u011fini iddia etti\u011fi bilgi ve belgelerin nereden, kimin taraf\u0131ndan g\u00f6nderildi\u011fi konusunda net bilgiler vermedi\u011fi, bu nedenlerle kitapta belirtilen hususlar\u0131n soyut iddiadan ibaret oldu\u011fu, bu nedenle \u015f\u00fcpheliler hakk\u0131nda kamu davas\u0131 a\u00e7maya yeterli ve inand\u0131r\u0131c\u0131 ba\u015fka deliller de bulunmad\u0131\u011f\u0131ndan, \u015f\u00fcpheliler hakk\u0131nda, &#8216;Anayasal d\u00fczeni de\u011fi\u015ftirmek amac\u0131yla su\u00e7 \u00f6rg\u00fct\u00fc kurmak ve bu \u00f6rg\u00fcte \u00fcye olmak&#8217; iddialar\u0131 nedeniyle kamu ad\u0131na kovu\u015fturmaya yer olmad\u0131\u011f\u0131na karar verildi.&#8221;<\/p>\n<p style=\"text-align: justify;\"><a href=\"http:\/\/www.gazeteport.com.tr\/GUNCEL\/NEWS\/GP_911612\" target=\"_blank\">Kaynak : GAZETEPORT<\/a><\/p>\n","protected":false},"excerpt":{"rendered":"<p style=\"text-align: center;\">\n<p style=\"text-align: justify;\">\u00d6zel yetkili Ankara Cumhuriyet Ba\u015fsavc\u0131vekilli\u011fi, tutuklu Emniyet M\u00fcd\u00fcr\u00fc Hanefi Avc\u0131&#8217;n\u0131n, &#8221;Hali\u00e7&#8217;te Ya\u015fayan Simonlar, D\u00fcn Devlet Bug\u00fcn Cemaat&#8221; adl\u0131 kitab\u0131 \u00fczerine, Fethullah G\u00fclen hakk\u0131nda, &#8221;Anayasal d\u00fczeni de\u011fi\u015ftirmek amac\u0131yla su\u00e7 \u00f6rg\u00fct\u00fc kurmak ve bu \u00f6rg\u00fcte \u00fcye olmak&#8221; iddialar\u0131yla ba\u015flatt\u0131\u011f\u0131 soru\u015fturma sonucunda &#8221;kovu\u015fturmaya yer olmad\u0131\u011f\u0131na&#8221; karar verdi.<\/p>\n","protected":false},"author":1,"featured_media":0,"comment_status":"open","ping_status":"closed","sticky":false,"template":"","format":"standard","meta":{"footnotes":""},"categories":[105],"tags":[],"class_list":["post-33763","post","type-post","status-publish","format-standard","hentry","category-gundem","odd"],"_links":{"self":[{"href":"http:\/\/www.korhanyilmaz.com\/index.php?rest_route=\/wp\/v2\/posts\/33763","targetHints":{"allow":["GET"]}}],"collection":[{"href":"http:\/\/www.korhanyilmaz.com\/index.php?rest_route=\/wp\/v2\/posts"}],"about":[{"href":"http:\/\/www.korhanyilmaz.com\/index.php?rest_route=\/wp\/v2\/types\/post"}],"author":[{"embeddable":true,"href":"http:\/\/www.korhanyilmaz.com\/index.php?rest_route=\/wp\/v2\/users\/1"}],"replies":[{"embeddable":true,"href":"http:\/\/www.korhanyilmaz.com\/index.php?rest_route=%2Fwp%2Fv2%2Fcomments&post=33763"}],"version-history":[{"count":0,"href":"http:\/\/www.korhanyilmaz.com\/index.php?rest_route=\/wp\/v2\/posts\/33763\/revisions"}],"wp:attachment":[{"href":"http:\/\/www.korhanyilmaz.com\/index.php?rest_route=%2Fwp%2Fv2%2Fmedia&parent=33763"}],"wp:term":[{"taxonomy":"category","embeddable":true,"href":"http:\/\/www.korhanyilmaz.com\/index.php?rest_route=%2Fwp%2Fv2%2Fcategories&post=33763"},{"taxonomy":"post_tag","embeddable":true,"href":"http:\/\/www.korhanyilmaz.com\/index.php?rest_route=%2Fwp%2Fv2%2Ftags&post=33763"}],"curies":[{"name":"wp","href":"https:\/\/api.w.org\/{rel}","templated":true}]}}