{"id":33753,"date":"2011-05-29T13:12:05","date_gmt":"2011-05-29T10:12:05","guid":{"rendered":"http:\/\/www.korhanyilmaz.com\/?p=33753"},"modified":"2011-05-29T13:12:05","modified_gmt":"2011-05-29T10:12:05","slug":"gursel-tekinin-bulent-arinca-cevabi","status":"publish","type":"post","link":"http:\/\/www.korhanyilmaz.com\/?p=33753","title":{"rendered":"G\u00fcrsel Tekin&#8217;in B\u00fclent Ar\u0131n\u00e7&#8217;a Cevab\u0131"},"content":{"rendered":"<p style=\"text-align: justify;\"><a href=\"http:\/\/www.korhanyilmaz.com\/wp-content\/uploads\/2011\/05\/402.jpg\"  class=\"lightview\"><img loading=\"lazy\" decoding=\"async\" class=\"aligncenter size-full wp-image-33754\" src=\"http:\/\/www.korhanyilmaz.com\/wp-content\/uploads\/2011\/05\/402.jpg\" alt=\"\" width=\"424\" height=\"225\" \/><\/a><\/p>\n<p style=\"text-align: justify;\">CHP Genel Ba\u015fkan Yard\u0131mc\u0131s\u0131 G\u00fcrsel Tekin, partisinin se\u00e7im \u00e7al\u0131\u015fmalar\u0131 i\u00e7in gitti\u011fi Malatya&#8217;da d\u00fczenledi\u011fi bas\u0131n toplant\u0131s\u0131nda, bir gazetecinin B\u00fclent Ar\u0131n\u00e7&#8217;\u0131n d\u00fcnk\u00fc konu\u015fmas\u0131na ili\u015fkin sorusu \u00fczerine, AK Parti&#8217;nin sanat deyince akl\u0131na &#8221;porno&#8221; geldi\u011fini iddia etti: <!--more--><\/p>\n<p style=\"text-align: justify;\">&#8221;Bunu anlamakta zorluk \u00e7ekiyoruz. Bu nas\u0131l bir \u00fcsluptur? Bu yasak\u00e7\u0131 bir anlay\u0131\u015f. \u0130nsanlar\u0131n d\u00fc\u015f\u00fcncelerine tahamm\u00fcl edemeyen bir anlay\u0131\u015f\u0131 \u015fiddetle k\u0131n\u0131yorum. Lin\u00e7 anlay\u0131\u015f\u0131 AKP&#8217;nin k\u00fclt\u00fcr\u00fcne yerle\u015fmi\u015f. Heykel deyince ak\u0131llar\u0131na ba\u015fka \u015feyler geliyor. Elleri yolsuzluk i\u00e7inde. Dillerini g\u00f6r\u00fcyorsunuz, herkese sald\u0131ran bir dil anlay\u0131\u015f\u0131 i\u00e7erisinde. Kafalar\u0131 da belden a\u015fa\u011f\u0131 \u00e7al\u0131\u015f\u0131yor. Ne s\u00f6ylerseniz s\u00f6yleyin sanat deyince porno ve seks geliyor ak\u0131llar\u0131na\u2026&#8221;<\/p>\n<p style=\"text-align: justify;\">G\u00fcrsel Tekin, \u015f\u00f6yle dedi:<\/p>\n<p style=\"text-align: justify;\">&#8221;Kafalar fa\u015fist kafa. \u00d6yle bug\u00fcnden yar\u0131na demokrasiyi kavramak kolay de\u011fildir. Benden olmuyorsan bertaraf olacaks\u0131n. Bizde tam tersine diyoruz. Biz CHP iktidar\u0131nda, bas\u0131n da, i\u015f d\u00fcnyas\u0131 da, sivil toplum \u00f6rg\u00fctleri de, sendikalar da kendisini \u00f6zg\u00fcr hissedecek, d\u00fc\u015f\u00fcncelerini rahatl\u0131kla ifade edebilecek. Haberler yap\u0131labiliyor mu? Yolsuzluk anlat\u0131yoruz. Gazete sayfalar\u0131na girebiliyor mu? \u0130mar yolsuzluklar\u0131 T\u00fcrkiye&#8217;nin d\u00f6rt bir yan\u0131na yay\u0131lmam\u0131\u015f m\u0131? \u0130hale yolsuzluklar\u0131, bir bak\u0131n. AKP&#8217;ye oy veren b\u00fct\u00fcn se\u00e7menlere soruyorum; elinizi vicdan\u0131n\u0131za koyun. Se\u00e7mi\u015f oldu\u011funuz AKP&#8217;li bakanlara ve bakanlar\u0131n \u00e7ocuklar\u0131na bir bak\u0131n. Bu k\u0131sa s\u00fcrede bu ne zekad\u0131r? Herkes mal m\u00fclk sahibi oluyor. Vatanda\u015f Ahmet&#8217;in, Mehmet&#8217;in \u00e7ocu\u011fu geri zekal\u0131 m\u0131?&#8221;<\/p>\n<p style=\"text-align: justify;\"><a href=\"http:\/\/www.odatv.com\/n.php?n=kafalari-belden-asagi-calisiyor-2905111200\" target=\"_blank\">Kaynak : Odatv.com<\/a><\/p>\n","protected":false},"excerpt":{"rendered":"<p style=\"text-align: justify;\">\n<p style=\"text-align: justify;\">CHP Genel Ba\u015fkan Yard\u0131mc\u0131s\u0131 G\u00fcrsel Tekin, partisinin se\u00e7im \u00e7al\u0131\u015fmalar\u0131 i\u00e7in gitti\u011fi Malatya&#8217;da d\u00fczenledi\u011fi bas\u0131n toplant\u0131s\u0131nda, bir gazetecinin B\u00fclent Ar\u0131n\u00e7&#8217;\u0131n d\u00fcnk\u00fc konu\u015fmas\u0131na ili\u015fkin sorusu \u00fczerine, AK Parti&#8217;nin sanat deyince akl\u0131na &#8221;porno&#8221; geldi\u011fini iddia etti: <\/p>\n","protected":false},"author":1,"featured_media":0,"comment_status":"open","ping_status":"closed","sticky":false,"template":"","format":"standard","meta":{"footnotes":""},"categories":[105],"tags":[],"class_list":["post-33753","post","type-post","status-publish","format-standard","hentry","category-gundem","odd"],"_links":{"self":[{"href":"http:\/\/www.korhanyilmaz.com\/index.php?rest_route=\/wp\/v2\/posts\/33753","targetHints":{"allow":["GET"]}}],"collection":[{"href":"http:\/\/www.korhanyilmaz.com\/index.php?rest_route=\/wp\/v2\/posts"}],"about":[{"href":"http:\/\/www.korhanyilmaz.com\/index.php?rest_route=\/wp\/v2\/types\/post"}],"author":[{"embeddable":true,"href":"http:\/\/www.korhanyilmaz.com\/index.php?rest_route=\/wp\/v2\/users\/1"}],"replies":[{"embeddable":true,"href":"http:\/\/www.korhanyilmaz.com\/index.php?rest_route=%2Fwp%2Fv2%2Fcomments&post=33753"}],"version-history":[{"count":0,"href":"http:\/\/www.korhanyilmaz.com\/index.php?rest_route=\/wp\/v2\/posts\/33753\/revisions"}],"wp:attachment":[{"href":"http:\/\/www.korhanyilmaz.com\/index.php?rest_route=%2Fwp%2Fv2%2Fmedia&parent=33753"}],"wp:term":[{"taxonomy":"category","embeddable":true,"href":"http:\/\/www.korhanyilmaz.com\/index.php?rest_route=%2Fwp%2Fv2%2Fcategories&post=33753"},{"taxonomy":"post_tag","embeddable":true,"href":"http:\/\/www.korhanyilmaz.com\/index.php?rest_route=%2Fwp%2Fv2%2Ftags&post=33753"}],"curies":[{"name":"wp","href":"https:\/\/api.w.org\/{rel}","templated":true}]}}