{"id":33749,"date":"2011-05-29T07:56:37","date_gmt":"2011-05-29T04:56:37","guid":{"rendered":"http:\/\/www.korhanyilmaz.com\/?p=33749"},"modified":"2011-05-29T07:56:37","modified_gmt":"2011-05-29T04:56:37","slug":"bana-degil-tum-kadinlara-ayip-oluyor","status":"publish","type":"post","link":"http:\/\/www.korhanyilmaz.com\/?p=33749","title":{"rendered":"Bana de\u011fil t\u00fcm kad\u0131nlara ay\u0131p oluyor"},"content":{"rendered":"<p style=\"text-align: center;\"><a href=\"http:\/\/www.korhanyilmaz.com\/wp-content\/uploads\/2011\/05\/401.jpeg\"  class=\"lightview\"><img loading=\"lazy\" decoding=\"async\" class=\"aligncenter size-full wp-image-33750\" src=\"http:\/\/www.korhanyilmaz.com\/wp-content\/uploads\/2011\/05\/401.jpeg\" alt=\"\" width=\"384\" height=\"254\" \/><\/a><\/p>\n<p style=\"text-align: justify;\">Ar\u0131n\u00e7&#8217;\u0131n &#8220;\u0130ktidarda pornoyu serbest b\u0131rak\u0131r&#8221; s\u00f6z\u00fcne Boyner&#8217;in tepkisi: &#8220;Referandumda da konsomatris dediler. B\u00fct\u00fcn kad\u0131nlara ay\u0131p oluyor.&#8221;<\/p>\n<p style=\"text-align: justify;\">Ba\u015fbakan Yard\u0131mc\u0131s\u0131 B\u00fclent Ar\u0131n\u00e7 ile T\u00dcS\u0130AD Ba\u015fkan\u0131 \u00dcmit Boyner aras\u0131nda \u2018internet sans\u00fcr\u00fc\u2019 nedeniyle ba\u015flayan \u2018porno tart\u0131\u015fma\u2019s\u0131 s\u00fcr\u00fcyor. Boyner, daha \u00f6nce de \u2018konsomatris\u2019 ifadesini kulland\u0131klar\u0131n\u0131 hat\u0131rlatarak, \u201cT\u00fcrkiye\u2019deki b\u00fct\u00fcn kad\u0131nlara ay\u0131p oluyor\u201d dedi.<!--more--><\/p>\n<p style=\"text-align: justify;\">B\u00fclent Ar\u0131n\u00e7\u2019\u0131n se\u00e7im b\u00f6lgesi Bursa\u2019da s\u00f6yledi\u011fi \u201c\u0130ktidara gelirse porno siteleri serbest b\u0131rak\u0131r\u201d s\u00f6zlerine, Boyner de yaz\u0131l\u0131 a\u00e7\u0131klamayla \u201cBeni ve \u00e7ocuklar\u0131m\u0131 g\u00fcndeme getirerek elde etmek istedi\u011fi siyasi rant\u0131 ay\u0131pl\u0131yorum\u201d diye yan\u0131t vermi\u015fti.<\/p>\n<p style=\"text-align: justify;\">Boyner, d\u00fcn de Barcelona\u2019da d\u00fczenlenen Perakende Liderler Konferans\u0131\u2019nda gazetecilerin sorular\u0131 \u00fczerine konu\u015ftu. Boyner, \u201cSe\u00e7im d\u00f6nemlerinde hep b\u00f6yle \u015feyler oluyor. Referandumda konsomatris dediler. \u015eimdi de bu olay. Ben bu olay\u0131 sadece \u015fahs\u0131ma y\u00f6nelik olarak alg\u0131lam\u0131yorum. Ama T\u00fcrkiye\u2019deki b\u00fct\u00fcn kad\u0131nlara ay\u0131p oluyor\u201d dedi.<\/p>\n<p style=\"text-align: justify;\">Boyner \u015funlar\u0131 s\u00f6yledi: \u201cBeni \u00e7ok arayan oldu. Aray\u0131p \u2018Ge\u00e7mi\u015f olsun\u2019 diyorlar. Bu i\u015fin bir par\u00e7as\u0131 art\u0131k. Bunun \u00f6tesinde bir \u015fey de s\u00f6ylemek istemiyorum. \u00c7\u00fcnk\u00fc bu tart\u0131\u015fma benim seviyemin alt\u0131nda. Herkes i\u015fine baks\u0131n. T\u00fcrkiye\u2019nin \u00e7ok ciddi problemleri var. Ekonomi \u00e7ok g\u00fczel, harika b\u00fcy\u00fcyor. Evet ama bu her \u015feyi \u00e7\u00f6zm\u00fcyor. Pek \u00e7ok sorun var. Onlarla ilgili siyaset \u00fcretilsin. \u00dcmit Boyner\u2019in pornoculu\u011fu ile de\u011fil. \u00dcslubun bu kadar d\u00fc\u015fmesi uygar bir topluma yak\u0131\u015fm\u0131yor.\u201d<\/p>\n<p style=\"text-align: justify;\">Boyner, \u201cSon ya\u015fananlardan sonra ofisinizde, evinizde kamera olmas\u0131yla ilgili bir endi\u015fe ya\u015fad\u0131n\u0131z m\u0131?\u201d soru-sunu ise, \u201cBu kadar d\u00fc\u015f\u00fcn\u00fcrsem ya\u015fayamam\u201d dedi.<\/p>\n<p style=\"text-align: justify;\"><strong>\u2018Gazeteciler hapis yats\u0131n&#8230;\u2019<\/strong><\/p>\n<p style=\"text-align: justify;\">Boyner, perakendecilere seslenirken de, T\u00fcrkiye\u2019nin d\u00fcnyan\u0131n 16\u2019\u0131nc\u0131 b\u00fcy\u00fck ekonomisi oldu\u011funu ama bunun bile kimseyi heyecanland\u0131rmad\u0131\u011f\u0131n\u0131 s\u00f6yledi. Boyner, \u201cEkonomik ba\u015far\u0131lar\u0131n tad\u0131n\u0131 \u00e7\u0131karam\u0131yoruz. \u00c7\u00fcnk\u00fc vicdan\u0131m\u0131z el vermiyor. Kazananlar\u0131 kaybedenlerle payla\u015fmad\u0131k\u00e7a bizi g\u00fczel g\u00fcnler beklemiyor. Paralar gelsin, \u00f6zg\u00fcrl\u00fckler k\u0131s\u0131tlans\u0131n, paralar gelsin gazeteciler hapis yats\u0131n. Paralar gelsin, t\u00f6re cinayetleri devam etsin. Oysa T\u00fcrkiye insani geli\u015fmi\u015flik endeksinde 86\u2019\u0131nc\u0131\u201d diye konu\u015ftu.<\/p>\n<p style=\"text-align: justify;\">Perakendecilere, \u201cHayat\u0131m\u0131z sanki en \u00e7ok ma\u011faza a\u00e7arak b\u00fcy\u00fcmek \u00fczerine kurulmu\u015f. G\u00f6z\u00fcm\u00fcz\u00fc sadece ekonomik b\u00fcy\u00fcmeye dikemeyiz\u201d diyen Boyner, \u2018Bana dokunmayan y\u0131lan bin ya\u015fas\u0131n\u2019 s\u00f6z\u00fcnden ve sorunlar\u0131 hal\u0131n\u0131n alt\u0131na s\u00fcp\u00fcrmekten art\u0131k vazge\u00e7ilmesi gerekti\u011fini s\u00f6yledi. Boyner, \u201cAkmerkez\u2019e yak\u0131n bir yerde bomba patlay\u0131nca aman diyoruz. \u00c7\u00fcnk\u00fc hepimizin orda ma\u011fazalar\u0131 var. Ama T\u00fcrkiye\u2019nin her yerinde her g\u00fcn bomba patl\u0131yor. Sorunun yak\u0131n\u0131nda de\u011filsek bizi ilgilendirmiyor\u201d dedi.<\/p>\n<p style=\"text-align: justify;\">Boyner, Ergenekon yarg\u0131lanmalar\u0131na da de\u011findi: \u201cYarg\u0131lamalar\u0131 destekliyoruz ama insanlar\u0131n hapiste \u00e7\u00fcr\u00fcmelerini de\u011fil. Neyin ne i\u00e7in sans\u00fcrlendi\u011fini bilelim. Sivil toplum \u00f6rg\u00fctlerini destekleyelim. \u0130lerde \u00e7ocuklar\u0131m\u0131z \u2018Cumhuriyet tarihinin en yak\u0131c\u0131 g\u00fcnlerini ge\u00e7iriyorken siz ne yapt\u0131n\u0131z?\u2019 diye sorduklar\u0131nda \u2018Bizler daha \u00e7ok ma\u011faza a\u00e7mak, AVM\u2019lerde en iyi yerleri kapmak i\u00e7in \u00e7al\u0131\u015f\u0131yorduk mu\u2019 diyece\u011fiz. Bir kere geldi\u011fimiz hayat bundan ibaret olmamal\u0131.&#8221;<\/p>\n<p style=\"text-align: justify;\">Bu T\u00dcS\u0130AD\u2019a ilk vuru\u015f de\u011fil \u0130ktidar, T\u00dcS\u0130AD\u2019a y\u00f6nelik en sert \u00e7\u0131k\u0131\u015flar\u0131n\u0131 12 Eyl\u00fcl referandumu \u00f6ncesi yapm\u0131\u015ft\u0131. Ba\u015fbakan Erdo\u011fan, \u201cAnayasa de\u011fi\u015fiklik paketinde tavr\u0131n\u0131z\u0131 ortaya koyun, bitaraf olan bertaraf olur\u201d demi\u015fti.<\/p>\n<p style=\"text-align: justify;\">Yine referandum \u00f6ncesi, Hak-\u0130\u015f Ba\u015fkan\u0131 Salim Uslu, \u201cKonsamatrisler masa masa dola\u015f\u0131p, muhabbete ikna ederek, m\u00fc\u015fterinin daha fazla t\u00fcketmesine \u00e7aba harcar. T\u00dcS\u0130AD da her devirde iktidarlara kar\u015f\u0131 benzer \u015fekilde davran\u0131yor\u201d diye konu\u015fmu\u015ftu.<\/p>\n<p style=\"text-align: justify;\">\u00dcmit Boyner\u2019in \u201cKamuda da t\u00fcrbana al\u0131\u015fmam\u0131z gerekti\u011fi\u201d y\u00f6n\u00fcndeki s\u00f6zlerine Ar\u0131n\u00e7 beklenmedik bir tepki vermi\u015fti: \u201c\u0130smi \u00dcmit han\u0131mefendi ama b\u00fct\u00fcn \u00fcmitlerimizi bo\u015fa \u00e7\u0131karan, \u00f6zg\u00fcrl\u00fck\u00e7\u00fc g\u00f6r\u00fcnen ama arkadan korkularla, endi\u015felerle, bu t\u00fcr \u015feyler&#8230; Bendeki kredisini tamamen t\u00fcketmi\u015f durumda.\u201d<\/p>\n<p style=\"text-align: justify;\">Ar\u0131n\u00e7, Boyner\u2019in internete filtre uygulamas\u0131yla ilgili ele\u015ftirisine \u201cSay\u0131n Boyner\u2019in bir \u00e7ocuk annesi olarak memnun olmas\u0131 gerek\u201d demi\u015fti. Ar\u0131n\u00e7, \u00f6nceki g\u00fcn de \u201cT\u00dcS\u0130AD g\u00fcvenilmez bir kurulu\u015f oldu\u201d demi\u015f ve eklemi\u015fti: \u201cSay\u0131n Boyner ya da \u00f6yle d\u00fc\u015f\u00fcnenler iktidara gelirse, porno siteleri ya da di\u011fer konularda istediklerini serbest b\u0131rakabilirler. \u0130ktidara geldiklerinde d\u00fc\u015f\u00fcn\u00fcr\u00fcz.\u201d<\/p>\n<p style=\"text-align: justify;\"><strong>G\u00fcl: \u0130nternette k\u0131s\u0131tlama olmamal\u0131<\/strong><\/p>\n<p style=\"text-align: justify;\">\u0130nternette filtre uygulamas\u0131yla ba\u015flayan tart\u0131\u015fmalara Cumhurba\u015fkan\u0131 G\u00fcl de kat\u0131ld\u0131. G\u00fcl d\u00fcn twiter\u2019da \u015fu mesajlar\u0131 verdi: \u201cT\u0130B y\u00f6neticilerini \u00e7a\u011f\u0131r\u0131p bilgi ald\u0131m. Bana verilen bilgilere g\u00f6re, kimse bir zorlamaya tabi tutulmuyor. Kimsenin \u00f6zg\u00fcrl\u00fc\u011f\u00fc k\u0131s\u0131tlanm\u0131yor. \u00d6zel sekt\u00f6r, \u00fcr\u00fcnlerini ayn\u0131 \u015fekilde sunmaya devam edecek. Kamu da alternatif bir \u00fcr\u00fcn sunacak. Benim g\u00f6r\u00fc\u015f\u00fcm, temelde hi\u00e7bir \u00f6zg\u00fcrl\u00fck k\u0131s\u0131tlamas\u0131 olmamal\u0131. Herkes internette \u00f6zg\u00fcrce dola\u015fabilmeli. \u00d6te yandan, unutmayal\u0131m ki, internet f\u0131rt\u0131nal\u0131 bir okyanus. Gemisini korumak isteyenlere de g\u00fcvenli limanlar sunulabilmeli.\u201d<\/p>\n<p style=\"text-align: justify;\"><strong>Akda\u011f: Se\u00e7kinler kul\u00fcb\u00fc olmas\u0131n<\/strong><\/p>\n<p style=\"text-align: justify;\">Sa\u011fl\u0131k Bakan\u0131 Recep Akda\u011f da d\u00fcn Boyner\u2019e y\u00fcklendi. Erzurum\u2019da konu\u015fan Bakan Akda\u011f, \u015funlar\u0131 s\u00f6yledi: \u201cT\u00dcS\u0130AD art\u0131k se\u00e7kinler kulub\u00fc olmaktan vazge\u00e7melidir. Nas\u0131l ki sonradan kurulmu\u015f olan M\u00dcS\u0130AD, TUSKAN b\u00f6lgede bir \u015feyler yapmak arzusundaysa T\u00dcS\u0130AD\u2019\u0131n da Erzurum\u2019a \u015fube kurmas\u0131 laz\u0131m. Aksi takdirde y\u00f6neticilerinin samimiyetinden \u015f\u00fcphe ederim. Uzaktan gazel okumak kolay.\u201d<\/p>\n<p style=\"text-align: justify;\"><a href=\"http:\/\/www.radikal.com.tr\/Radikal.aspx?aType=RadikalDetayV3&amp;ArticleID=1050962&amp;Date=29.05.2011&amp;CategoryID=78\">Kaynak : Radikal<\/a><\/p>\n","protected":false},"excerpt":{"rendered":"<p style=\"text-align: center;\">\n<p style=\"text-align: justify;\">Ar\u0131n\u00e7&#8217;\u0131n &#8220;\u0130ktidarda pornoyu serbest b\u0131rak\u0131r&#8221; s\u00f6z\u00fcne Boyner&#8217;in tepkisi: &#8220;Referandumda da konsomatris dediler. B\u00fct\u00fcn kad\u0131nlara ay\u0131p oluyor.&#8221;<\/p>\n<p style=\"text-align: justify;\">Ba\u015fbakan Yard\u0131mc\u0131s\u0131 B\u00fclent Ar\u0131n\u00e7 ile T\u00dcS\u0130AD Ba\u015fkan\u0131 \u00dcmit Boyner aras\u0131nda \u2018internet sans\u00fcr\u00fc\u2019 nedeniyle ba\u015flayan \u2018porno tart\u0131\u015fma\u2019s\u0131 s\u00fcr\u00fcyor. Boyner, daha \u00f6nce de \u2018konsomatris\u2019 ifadesini kulland\u0131klar\u0131n\u0131 hat\u0131rlatarak, \u201cT\u00fcrkiye\u2019deki b\u00fct\u00fcn kad\u0131nlara ay\u0131p oluyor\u201d dedi.<\/p>\n","protected":false},"author":1,"featured_media":0,"comment_status":"open","ping_status":"closed","sticky":false,"template":"","format":"standard","meta":{"footnotes":""},"categories":[105],"tags":[],"class_list":["post-33749","post","type-post","status-publish","format-standard","hentry","category-gundem","odd"],"_links":{"self":[{"href":"http:\/\/www.korhanyilmaz.com\/index.php?rest_route=\/wp\/v2\/posts\/33749","targetHints":{"allow":["GET"]}}],"collection":[{"href":"http:\/\/www.korhanyilmaz.com\/index.php?rest_route=\/wp\/v2\/posts"}],"about":[{"href":"http:\/\/www.korhanyilmaz.com\/index.php?rest_route=\/wp\/v2\/types\/post"}],"author":[{"embeddable":true,"href":"http:\/\/www.korhanyilmaz.com\/index.php?rest_route=\/wp\/v2\/users\/1"}],"replies":[{"embeddable":true,"href":"http:\/\/www.korhanyilmaz.com\/index.php?rest_route=%2Fwp%2Fv2%2Fcomments&post=33749"}],"version-history":[{"count":0,"href":"http:\/\/www.korhanyilmaz.com\/index.php?rest_route=\/wp\/v2\/posts\/33749\/revisions"}],"wp:attachment":[{"href":"http:\/\/www.korhanyilmaz.com\/index.php?rest_route=%2Fwp%2Fv2%2Fmedia&parent=33749"}],"wp:term":[{"taxonomy":"category","embeddable":true,"href":"http:\/\/www.korhanyilmaz.com\/index.php?rest_route=%2Fwp%2Fv2%2Fcategories&post=33749"},{"taxonomy":"post_tag","embeddable":true,"href":"http:\/\/www.korhanyilmaz.com\/index.php?rest_route=%2Fwp%2Fv2%2Ftags&post=33749"}],"curies":[{"name":"wp","href":"https:\/\/api.w.org\/{rel}","templated":true}]}}