{"id":33745,"date":"2011-05-29T11:31:50","date_gmt":"2011-05-29T08:31:50","guid":{"rendered":"http:\/\/www.korhanyilmaz.com\/?p=33745"},"modified":"2011-05-29T11:31:50","modified_gmt":"2011-05-29T08:31:50","slug":"emniyet-artik-irticayi-izlemiyor","status":"publish","type":"post","link":"http:\/\/www.korhanyilmaz.com\/?p=33745","title":{"rendered":"Emniyet art\u0131k &#8216;irticay\u0131&#8217; izlemiyor!"},"content":{"rendered":"<p style=\"text-align: center;\"><a href=\"http:\/\/www.korhanyilmaz.com\/wp-content\/uploads\/2011\/05\/400.jpeg\"  class=\"lightview\"><img loading=\"lazy\" decoding=\"async\" class=\"aligncenter size-full wp-image-33746\" src=\"http:\/\/www.korhanyilmaz.com\/wp-content\/uploads\/2011\/05\/400.jpeg\" alt=\"\" width=\"384\" height=\"254\" \/><\/a><\/p>\n<p style=\"text-align: justify;\">28 \u015eubat s\u00fcreci sonras\u0131 kamudaki irticai faaliyetlerin takibi amac\u0131yla \u00e7\u0131kar\u0131lan genelgenin, Ba\u015fbakan Recep Tayyip Erdo\u011fan&#8217;\u0131n talimat\u0131yla kald\u0131r\u0131lmas\u0131n\u0131n ard\u0131ndan, Emniyet Genel M\u00fcd\u00fcrl\u00fc\u011f\u00fc de (EGM) benzer i\u00e7erikteki genelgesini y\u00fcr\u00fcrl\u00fckten kald\u0131rd\u0131.<!--more--><\/p>\n<p style=\"text-align: justify;\">Milliyet gazetesinde Serta\u00e7 Ko\u00e7 imzal\u0131 haberde, 28 \u015eubat s\u00fcreci sonras\u0131 kamudaki irticai faaliyetlerin takibi amac\u0131yla \u00e7\u0131kar\u0131lan genelgenin, Ba\u015fbakan Recep Tayyip Erdo\u011fan\u2019\u0131n talimat\u0131yla kald\u0131r\u0131lmas\u0131n\u0131n ard\u0131ndan, Emniyet Genel M\u00fcd\u00fcrl\u00fc\u011f\u00fc de (EGM) benzer i\u00e7erikteki genelgesinin y\u00fcr\u00fcrl\u00fckten kald\u0131rd\u0131\u011f\u0131 yer al\u0131yor.<\/p>\n<p style=\"text-align: justify;\">Ak Parti\u2019den milletvekili aday\u0131 olan, eski Emniyet Genel M\u00fcd\u00fcr\u00fc O\u011fuz Ka\u011fan K\u00f6ksal\u2019\u0131n 18 \u015eubat 2011\u2019de \u201colur\u201d verdi\u011fi genelgeyle, irticai faaliyetler nedeniyle inceleme ve soru\u015fturma yap\u0131lan emniyet personelinin takibine y\u00f6nelik 2000 tarihli genelge iptal edildi.<\/p>\n<p style=\"text-align: justify;\">Genelgede, bundan sonra Ba\u015fbakanl\u0131k\u2019\u0131n, 28 Kas\u0131m 1997 tarihli talimat do\u011frultusunda \u00e7\u0131kar\u0131lan genelge, tamim, eylem plan\u0131, y\u00f6nerge ve talimatlar\u0131n y\u00fcr\u00fcrl\u00fckten kald\u0131r\u0131lmas\u0131na y\u00f6nelik 19 Ocak 2011 tarihli genelgesi uyar\u0131nca hareket edilmesi istendi.<\/p>\n<p style=\"text-align: justify;\"><strong>Erdo\u011fan\u2019\u0131n talimat\u0131 <\/strong><\/p>\n<p style=\"text-align: center;\"><strong><a href=\"http:\/\/www.korhanyilmaz.com\/wp-content\/uploads\/2011\/05\/fft99_mf1378539.jpeg\"  class=\"lightview\"><img loading=\"lazy\" decoding=\"async\" class=\"aligncenter size-full wp-image-33771\" src=\"http:\/\/www.korhanyilmaz.com\/wp-content\/uploads\/2011\/05\/fft99_mf1378539.jpeg\" alt=\"\" width=\"408\" height=\"212\" \/><\/a><br \/>\n<\/strong><\/p>\n<p style=\"text-align: justify;\">Erdo\u011fan\u2019\u0131n talimat\u0131yla, 28 \u015eubat s\u00fcrecinde, kamudaki irticai faaliyetlerin izlenmesi amac\u0131yla \u00e7\u0131kar\u0131lan t\u00fcm genelgeler y\u00fcr\u00fcrl\u00fckten kald\u0131r\u0131lm\u0131\u015ft\u0131.<\/p>\n<p style=\"text-align: justify;\">S\u00f6z konusu genelgeyle, 28 \u015eubat s\u00fcreci ve devam\u0131nda \u00e7\u0131kar\u0131lan genelgeler emniyette de y\u00fcr\u00fcrl\u00fckten kalkt\u0131. D\u00f6nemin Emniyet Genel M\u00fcd\u00fcr\u00fc Turan Gen\u00e7 imzal\u0131, \u201cgizli\u201d ibareli ve 3 Mart 2000 tarihini ta\u015f\u0131yan; 81 il emniyet m\u00fcd\u00fcrl\u00fcklerine, Polis Akademisi Ba\u015fkanl\u0131\u011f\u0131 ve e\u011fitim-\u00f6\u011fretim kurumu m\u00fcd\u00fcrl\u00fcklerine g\u00f6nderilen genelge ortadan kalkm\u0131\u015f oldu.<\/p>\n<p style=\"text-align: justify;\"><a href=\"http:\/\/www.radikal.com.tr\/Radikal.aspx?aType=RadikalDetayV3&amp;ArticleID=1050984&amp;Date=29.05.2011&amp;CategoryID=77\" target=\"_blank\">Kaynak : Radikal<\/a><\/p>\n","protected":false},"excerpt":{"rendered":"<p style=\"text-align: center;\">\n<p style=\"text-align: justify;\">28 \u015eubat s\u00fcreci sonras\u0131 kamudaki irticai faaliyetlerin takibi amac\u0131yla \u00e7\u0131kar\u0131lan genelgenin, Ba\u015fbakan Recep Tayyip Erdo\u011fan&#8217;\u0131n talimat\u0131yla kald\u0131r\u0131lmas\u0131n\u0131n ard\u0131ndan, Emniyet Genel M\u00fcd\u00fcrl\u00fc\u011f\u00fc de (EGM) benzer i\u00e7erikteki genelgesini y\u00fcr\u00fcrl\u00fckten kald\u0131rd\u0131.<\/p>\n","protected":false},"author":1,"featured_media":0,"comment_status":"open","ping_status":"closed","sticky":false,"template":"","format":"standard","meta":{"footnotes":""},"categories":[105],"tags":[],"class_list":["post-33745","post","type-post","status-publish","format-standard","hentry","category-gundem","odd"],"_links":{"self":[{"href":"http:\/\/www.korhanyilmaz.com\/index.php?rest_route=\/wp\/v2\/posts\/33745","targetHints":{"allow":["GET"]}}],"collection":[{"href":"http:\/\/www.korhanyilmaz.com\/index.php?rest_route=\/wp\/v2\/posts"}],"about":[{"href":"http:\/\/www.korhanyilmaz.com\/index.php?rest_route=\/wp\/v2\/types\/post"}],"author":[{"embeddable":true,"href":"http:\/\/www.korhanyilmaz.com\/index.php?rest_route=\/wp\/v2\/users\/1"}],"replies":[{"embeddable":true,"href":"http:\/\/www.korhanyilmaz.com\/index.php?rest_route=%2Fwp%2Fv2%2Fcomments&post=33745"}],"version-history":[{"count":0,"href":"http:\/\/www.korhanyilmaz.com\/index.php?rest_route=\/wp\/v2\/posts\/33745\/revisions"}],"wp:attachment":[{"href":"http:\/\/www.korhanyilmaz.com\/index.php?rest_route=%2Fwp%2Fv2%2Fmedia&parent=33745"}],"wp:term":[{"taxonomy":"category","embeddable":true,"href":"http:\/\/www.korhanyilmaz.com\/index.php?rest_route=%2Fwp%2Fv2%2Fcategories&post=33745"},{"taxonomy":"post_tag","embeddable":true,"href":"http:\/\/www.korhanyilmaz.com\/index.php?rest_route=%2Fwp%2Fv2%2Ftags&post=33745"}],"curies":[{"name":"wp","href":"https:\/\/api.w.org\/{rel}","templated":true}]}}