{"id":33734,"date":"2011-05-28T22:38:10","date_gmt":"2011-05-28T19:38:10","guid":{"rendered":"http:\/\/www.korhanyilmaz.com\/?p=33734"},"modified":"2011-05-28T22:38:10","modified_gmt":"2011-05-28T19:38:10","slug":"38-ak-partili-mhpye-katildi","status":"publish","type":"post","link":"http:\/\/www.korhanyilmaz.com\/?p=33734","title":{"rendered":"38 AK Partili MHP&#8217;ye kat\u0131ld\u0131"},"content":{"rendered":"<p style=\"text-align: justify;\"><a href=\"http:\/\/www.korhanyilmaz.com\/wp-content\/uploads\/2011\/05\/3381.jpg\"  class=\"lightview\"><img loading=\"lazy\" decoding=\"async\" class=\"aligncenter size-full wp-image-33736\" src=\"http:\/\/www.korhanyilmaz.com\/wp-content\/uploads\/2011\/05\/3381.jpg\" alt=\"\" width=\"280\" height=\"195\" \/><\/a><\/p>\n<p style=\"text-align: justify;\">AK Parti Mamak \u0130l\u00e7e Te\u015fkilat\u0131&#8217;ndan 38 ki\u015fi, MHP&#8217;ye kat\u0131ld\u0131.<\/p>\n<p style=\"text-align: justify;\">Kat\u0131l\u0131m dolay\u0131s\u0131yla d\u00fczenlenen t\u00f6rende konu\u015fan MHP \u0130l Ba\u015fkan\u0131 Fatih \u00c7etinkaya, Mevlana&#8217;n\u0131n &#8220;Ba\u015fkalar\u0131n\u0131n mutlulu\u011fu i\u00e7in kendi mutlulu\u011funu hi\u00e7e sayanlar\u0131n Allah yan\u0131ndad\u0131r ve yard\u0131mc\u0131s\u0131d\u0131r&#8221; s\u00f6z\u00fcn\u00fc hat\u0131rlatarak, &#8220;Asi soylu T\u00fcrk milliyet\u00e7ileri olarak milletinin huzuru ve refah\u0131 i\u00e7in sab\u0131rla \u00fclkesine hizmet sevdas\u0131n\u0131 ya\u015fatma ve gelecek nesillere aktarma davas\u0131n\u0131 s\u00fcrd\u00fcrd\u00fcklerini&#8221; s\u00f6yledi. <!--more--><\/p>\n<p style=\"text-align: justify;\">Se\u00e7imler \u00f6ncesi fedakar bir \u015fekilde \u00e7al\u0131\u015ft\u0131klar\u0131n\u0131 belirten \u00c7etinkaya, &#8220;Hakk\u0131, adaleti ve insana hizmeti temel esas alan hareketimizin tek ba\u015f\u0131na iktidar\u0131n\u0131 in\u015fallah 12 Haziran&#8217;da sa\u011flayaca\u011f\u0131z&#8221; dedi.<\/p>\n<p style=\"text-align: justify;\">MHP&#8217;nin T\u00fcrkiye Cumhuriyeti&#8217;nin kap\u0131s\u0131, duvar\u0131 oldu\u011funu dile getiren \u00c7etinkaya, &#8220;E\u011fer bu kap\u0131 k\u0131r\u0131lacak, bu duvar y\u0131k\u0131lacak olursa bizi koruyacak, kollayacak, hakk\u0131m\u0131z\u0131 g\u00f6zetecek hi\u00e7bir g\u00fc\u00e7 kalmayacakt\u0131r&#8221; g\u00f6r\u00fc\u015f\u00fcn\u00fc dile getirdi.<\/p>\n<p style=\"text-align: justify;\">MHP Mamak \u0130l\u00e7e Ba\u015fkan\u0131 Tamer \u00c7ak\u0131r da &#8220;Tek devlet tek millet&#8221; diyen tek partinin MHP oldu\u011funu ifade etti. MHP&#8217;ye kat\u0131lman\u0131n s\u0131radan bir i\u015f olmad\u0131\u011f\u0131n\u0131 s\u00f6yleyen \u00c7ak\u0131r, &#8220;MHP sevdas\u0131, T\u00fcrkiye&#8217;nin gelece\u011fi olan insanlar\u0131n alt\u0131nda topland\u0131\u011f\u0131 m\u00fcbarek \u00e7at\u0131y\u0131 ifade eder&#8221; diye konu\u015ftu.<\/p>\n<p style=\"text-align: justify;\">MHP Ankara milletvekili adaylar\u0131n\u0131n da tan\u0131t\u0131ld\u0131\u011f\u0131 t\u00f6rende, daha sonra AK Parti \u0130l\u00e7e Te\u015fkilat\u0131ndan istifa eden 38 ki\u015fi MHP&#8217;ye kat\u0131ld\u0131.<\/p>\n<p style=\"text-align: justify;\"><a href=\"http:\/\/www.cnnturk.com\/2011\/turkiye\/05\/28\/38.ak.partili.mhpye.katildi\/618231.0\/index.html\" target=\"_blank\">Kaynak : CNN T\u00dcRK<\/a><\/p>\n<p style=\"text-align: justify;\">&nbsp;<\/p>\n","protected":false},"excerpt":{"rendered":"<p style=\"text-align: justify;\">\n<p style=\"text-align: justify;\">AK Parti Mamak \u0130l\u00e7e Te\u015fkilat\u0131&#8217;ndan 38 ki\u015fi, MHP&#8217;ye kat\u0131ld\u0131.<\/p>\n<p style=\"text-align: justify;\">Kat\u0131l\u0131m dolay\u0131s\u0131yla d\u00fczenlenen t\u00f6rende konu\u015fan MHP \u0130l Ba\u015fkan\u0131 Fatih \u00c7etinkaya, Mevlana&#8217;n\u0131n &#8220;Ba\u015fkalar\u0131n\u0131n mutlulu\u011fu i\u00e7in kendi mutlulu\u011funu hi\u00e7e sayanlar\u0131n Allah yan\u0131ndad\u0131r ve yard\u0131mc\u0131s\u0131d\u0131r&#8221; s\u00f6z\u00fcn\u00fc hat\u0131rlatarak, &#8220;Asi soylu T\u00fcrk milliyet\u00e7ileri olarak milletinin huzuru ve refah\u0131 i\u00e7in sab\u0131rla \u00fclkesine hizmet sevdas\u0131n\u0131 ya\u015fatma <\/p>\n","protected":false},"author":1,"featured_media":0,"comment_status":"open","ping_status":"closed","sticky":false,"template":"","format":"standard","meta":{"footnotes":""},"categories":[105],"tags":[],"class_list":["post-33734","post","type-post","status-publish","format-standard","hentry","category-gundem","odd"],"_links":{"self":[{"href":"http:\/\/www.korhanyilmaz.com\/index.php?rest_route=\/wp\/v2\/posts\/33734","targetHints":{"allow":["GET"]}}],"collection":[{"href":"http:\/\/www.korhanyilmaz.com\/index.php?rest_route=\/wp\/v2\/posts"}],"about":[{"href":"http:\/\/www.korhanyilmaz.com\/index.php?rest_route=\/wp\/v2\/types\/post"}],"author":[{"embeddable":true,"href":"http:\/\/www.korhanyilmaz.com\/index.php?rest_route=\/wp\/v2\/users\/1"}],"replies":[{"embeddable":true,"href":"http:\/\/www.korhanyilmaz.com\/index.php?rest_route=%2Fwp%2Fv2%2Fcomments&post=33734"}],"version-history":[{"count":0,"href":"http:\/\/www.korhanyilmaz.com\/index.php?rest_route=\/wp\/v2\/posts\/33734\/revisions"}],"wp:attachment":[{"href":"http:\/\/www.korhanyilmaz.com\/index.php?rest_route=%2Fwp%2Fv2%2Fmedia&parent=33734"}],"wp:term":[{"taxonomy":"category","embeddable":true,"href":"http:\/\/www.korhanyilmaz.com\/index.php?rest_route=%2Fwp%2Fv2%2Fcategories&post=33734"},{"taxonomy":"post_tag","embeddable":true,"href":"http:\/\/www.korhanyilmaz.com\/index.php?rest_route=%2Fwp%2Fv2%2Ftags&post=33734"}],"curies":[{"name":"wp","href":"https:\/\/api.w.org\/{rel}","templated":true}]}}