{"id":33729,"date":"2011-05-28T19:25:25","date_gmt":"2011-05-28T16:25:25","guid":{"rendered":"http:\/\/www.korhanyilmaz.com\/?p=33729"},"modified":"2011-05-28T19:25:25","modified_gmt":"2011-05-28T16:25:25","slug":"cozumun-onundeki-en-buyuk-engel-bdp","status":"publish","type":"post","link":"http:\/\/www.korhanyilmaz.com\/?p=33729","title":{"rendered":"&#8220;\u00c7\u00f6z\u00fcm\u00fcn \u00f6n\u00fcndeki en b\u00fcy\u00fck engel BDP&#8221;"},"content":{"rendered":"<p style=\"text-align: center;\"><a href=\"http:\/\/www.korhanyilmaz.com\/wp-content\/uploads\/2011\/05\/337.jpg\"  class=\"lightview\"><img loading=\"lazy\" decoding=\"async\" class=\"aligncenter size-full wp-image-33730\" src=\"http:\/\/www.korhanyilmaz.com\/wp-content\/uploads\/2011\/05\/337.jpg\" alt=\"\" width=\"398\" height=\"211\" \/><\/a><\/p>\n<p style=\"text-align: justify;\">AK Parti Genel Ba\u015fkan\u0131 ve Ba\u015fbakan Recep Tayyip Erdo\u011fan, &#8221;K\u00fcrt meselesinin \u00e7\u00f6z\u00fcm\u00fcn\u00fcn \u00f6n\u00fcndeki en b\u00fcy\u00fck engel, BDP&#8217;dir. Bizim \u00e7\u00f6z\u00fcm odakl\u0131 siyasetimizi engellemek isteyen, \u00e7\u00f6z\u00fcm\u00fc yava\u015flatmak isteyen, \u00e7\u00f6z\u00fcme direnen BDP&#8217;dir, CHP&#8217;dir, MHP&#8217;dir&#8221; dedi.<!--more--><\/p>\n<p style=\"text-align: justify;\">Erdo\u011fan, partisince Eski\u015fehir Odun Pazar\u0131&#8217;nda d\u00fczenlenen mitingde vatanda\u015flara hitap etti.<\/p>\n<p style=\"text-align: justify;\">Son d\u00f6nemde ya\u015fanan ter\u00f6r olaylar\u0131na de\u011finen Erdo\u011fan, \u015funlar\u0131 kaydetti:<\/p>\n<p style=\"text-align: justify;\">&#8221;Yine \u00f6nceki g\u00fcn, Silvan&#8217;da, bir i\u015f adam\u0131n\u0131n i\u015f makineleri, i\u015f adam\u0131 AK Partili diye yak\u0131ld\u0131. Bunun yan\u0131nda medya d\u00fcnyas\u0131nda da bir gazeteye ne yaz\u0131k ki bir grup MHP&#8217;li, ara\u00e7larla beraber sald\u0131rmak suretiyle cam \u00e7er\u00e7eve indirdi.<\/p>\n<p style=\"text-align: justify;\">A\u00e7\u0131k a\u00e7\u0131k s\u00f6yl\u00fcyorum; se\u00e7im \u00f6ncesinde, siyasi ortam\u0131 etkilemek amac\u0131yla masum bir kad\u0131n\u0131, tek su\u00e7u oradan ge\u00e7mek olan bir kad\u0131n\u0131, \u00f6m\u00fcr boyu engelli olmaya mahkum etmek al\u00e7akl\u0131kt\u0131r. O bombay\u0131 haz\u0131rlayan da o bombay\u0131 oraya getiren de patlatan da o plan\u0131 yapan da al\u00e7akt\u0131r, insanl\u0131ktan nasibini almam\u0131\u015ft\u0131r. Se\u00e7im \u00f6ncesinde, bar\u0131\u015f ve huzur ortam\u0131n\u0131 bozarak, buradan \u00fc\u00e7 oy elde etmek i\u00e7in 13-14 ya\u015flar\u0131ndaki \u00e7ocuklar\u0131n y\u00fcz\u00fcn\u00fc yakmak al\u00e7akl\u0131kt\u0131r, vicdans\u0131zl\u0131kt\u0131r, insafs\u0131zl\u0131kt\u0131r.&#8221;<\/p>\n<p style=\"text-align: justify;\">Masum \u00e7ocuklar\u0131n y\u00fcz\u00fcn\u00fc yakarak oy dev\u015firmeye \u00e7al\u0131\u015fan, bu \u015fiddet ortam\u0131ndan beslenen BDP&#8217;lilere sesleniyorum; BDP i\u00e7inde, demokrat oldu\u011funu, dindar oldu\u011funu iddia eden ba\u011f\u0131ms\u0131z adaylara sesleniyorum: S\u0131rt\u0131n\u0131z\u0131 dayad\u0131\u011f\u0131n\u0131z ter\u00f6r, bebekleri, \u00e7ocuklar\u0131, gen\u00e7leri katlediyor, masum insanlar\u0131 sakat b\u0131rak\u0131yor. Ya de\u011fer mi Allah a\u015fk\u0131na? Bunun vebalinden, bunun sorumlulu\u011fundan, bunun vicdan azab\u0131ndan nas\u0131l s\u0131yr\u0131lacaks\u0131n\u0131z? Bu olaylar kar\u015f\u0131s\u0131nda kendinizi halk\u0131m\u0131za nas\u0131l anlatacaks\u0131n\u0131z? Bu olaylar\u0131 \u015fiddetle lanetleyebilecek misiniz? Bu ter\u00f6rle aran\u0131za hala mesafe koymayacak m\u0131s\u0131n\u0131z? Bir tanesi \u00e7\u0131k\u0131yor ortaya, s\u00f6yledi\u011fi ne biliyor musunuz? &#8216;\u015eimdilik diyor sivil cumalar k\u0131lmaya ba\u015flad\u0131k.&#8217; Bak\u0131n \u00e7ok enteresan, &#8216;sivil cuma&#8217;&#8230; Cuma ne zamandan beri resmi olmaya ba\u015flad\u0131? &#8216;Gerekirse camileri de ele ge\u00e7iririz&#8217; diyor. Bu da ba\u011f\u0131ms\u0131z aday, dindarm\u0131\u015f.&#8221;<\/p>\n<p style=\"text-align: justify;\"><strong>&#8221;BU KADAR MI V\u0130CDAN YOKSUNUSUNUZ?&#8221;<\/strong><\/p>\n<p style=\"text-align: justify;\">&#8221;Gen\u00e7lerin eline molotofkokteyli verenlerle \u00e7ocuklar\u0131n eline ta\u015f verip arkalar\u0131na saklananlarla aran\u0131za \u00e7izgi \u00e7ekmeyecek misiniz?&#8221; diye soran, Erdo\u011fan, \u015funlar\u0131 s\u00f6yledi:<\/p>\n<p style=\"text-align: justify;\">&#8221;Bu kadar m\u0131 insanl\u0131\u011f\u0131n\u0131z\u0131 kaybettiniz, bu kadar m\u0131 vicdan yoksunusunuz? Buradan, Eski\u015fehir&#8217;den sesleniyorum: K\u00fcrt meselesinin \u00e7\u00f6z\u00fcm\u00fcn\u00fcn \u00f6n\u00fcndeki en b\u00fcy\u00fck engel BDP&#8217;dir, ter\u00f6r \u00f6rg\u00fct\u00fcd\u00fcr. Bu \u00fclkede, K\u00fcrt meselesinin \u00e7\u00f6z\u00fcm\u00fcn\u00fc istemeyen, gen\u00e7lerin \u00f6l\u00fcm\u00fcne son vermek istemeyen, annelerin g\u00f6zya\u015f\u0131ndan beslenen BDP&#8217;dir. Bizim \u00e7\u00f6z\u00fcm odakl\u0131 siyasetimizi engellemek isteyen, \u00e7\u00f6z\u00fcm\u00fc yava\u015flatmak isteyen, \u00e7\u00f6z\u00fcme derenen BDP&#8217;dir. CHP&#8217;dir, MHP&#8217;dir.&#8221;<\/p>\n<p style=\"text-align: justify;\"><strong>&#8220;CHP&#8217;Y\u0130, MHP&#8217;Y\u0130 BDP PARMA\u011eINDA OYNATMAYA BA\u015eLADI&#8221;<\/strong><\/p>\n<p style=\"text-align: justify;\">AK Parti Genel Ba\u015fkan\u0131 ve Ba\u015fbakan Recep Tayyip Erdo\u011fan, &#8221;CHP&#8217;yi, MHP&#8217;yi, genel ba\u015fkanlar\u0131n\u0131 da maalesef BDP parma\u011f\u0131nda oynatmaya ba\u015flam\u0131\u015ft\u0131r&#8221; dedi.<\/p>\n<p style=\"text-align: justify;\">Ba\u015fbakan Erdo\u011fan, &#8221;\u00d6nceki g\u00fcn, \u0130stanbul;da, halk\u0131n aras\u0131nda patlat\u0131lan bir bomba ile biri polis, 7&#8217;si sivil 8 vatanda\u015f\u0131m\u0131z yaraland\u0131. \u0130\u015fine gitmek i\u00e7in oradan ge\u00e7en bir han\u0131m karde\u015fimiz, maalesef sakat b\u0131rak\u0131ld\u0131. D\u00fcn, Cizre;de, 13-14 ya\u015f\u0131nda \u00e7ocuklar\u0131n kald\u0131\u011f\u0131 bir yurda molotofkokteylleriyle sald\u0131rd\u0131lar. 3 \u00f6\u011frencimiz maalesef yanmak suretiyle yaraland\u0131&#8221; diye konu\u015ftu.<\/p>\n<p style=\"text-align: justify;\">&#8221;CHP&#8217;yi, MHP&#8217;yi, genel ba\u015fkanlar\u0131n\u0131 da maalesef BDP parma\u011f\u0131nda oynatmaya ba\u015flam\u0131\u015ft\u0131r&#8221; diyen Erdo\u011fan \u015funlar\u0131 kaydetti:<\/p>\n<p style=\"text-align: justify;\">&#8221;Bak\u0131n\u0131z, CHP Genel Ba\u015fkan\u0131 Hakkari&#8217;deki mitingde, kendisine nas\u0131l bir oyun oynand\u0131\u011f\u0131n\u0131 g\u00f6rm\u00fcyor, g\u00f6remiyor. CHP Genel Ba\u015fkan\u0131 ile pazarl\u0131k yap\u0131l\u0131yor. &#8216;Burada CHP bayra\u011f\u0131 olabilir, ama T\u00fcrk bayra\u011f\u0131 olamaz&#8217; ve Hakkari&#8217;de bir tane T\u00fcrk bayra\u011f\u0131 yoktu K\u0131l\u0131\u00e7daro\u011flu&#8217;nun mitinginde. \u00c7\u00fcnk\u00fc seslendi\u011fi insanlar CHP&#8217;li de\u011fildi, BDP&#8217;liydi. Bu nas\u0131l vatanseverlik ya. \u015eu CHP&#8217;ye 12 Haziran&#8217;da gerekli dersi vermeye haz\u0131r m\u0131y\u0131z? Ka\u00e7 g\u00fcn kald\u0131 14 g\u00fcn, bug\u00fcn ile 15. 15 g\u00fcn Eski\u015fehir&#8217;i kap\u0131 kap\u0131 dola\u015fmaya var m\u0131y\u0131z? Sevgili karde\u015flerim, gen\u00e7ler \u00f6zellikle sizlere sesleniyorum; gen\u00e7ler yo\u011fun, gayretli \u00e7al\u0131\u015facaks\u0131n\u0131z. Han\u0131m karde\u015fler \u00f6zellikle sizlere sesleniyorum. Kap\u0131 kap\u0131 dola\u015fmaya var m\u0131y\u0131z? Duyduklar\u0131n\u0131z\u0131 l\u00fctfen duymayanlara anlat\u0131n\u0131z.&#8221;<\/p>\n<p style=\"text-align: justify;\"><strong>&#8221;BAKARSINIZ B\u00dcY\u00dcK\u015eEH\u0130R BELED\u0130YE BA\u015eKANI &#8216;ONLARI BEN YAPTIM&#8217; DER&#8221;<\/strong><\/p>\n<p style=\"text-align: justify;\">Ba\u015fbakan Recep Tayyip Erdo\u011fan, bir\u00e7ok ger\u00e7e\u011fin hala bilinmedi\u011fini ifade etti\u011fi konu\u015fmas\u0131n\u0131, \u015f\u00f6yle s\u00fcrd\u00fcrd\u00fc:<\/p>\n<p style=\"text-align: justify;\">&#8221;Allah a\u015fk\u0131na \u015fu Eski\u015fehir&#8217;in \u00e7ehresi nas\u0131l de\u011fi\u015fiyor g\u00f6r\u00fcyorsunuz, \u015fu \u00e7evre yollar\u0131n\u0131n hallerini g\u00f6r\u00fcyorsunuz, 3 gidi\u015f 3 geli\u015f. B\u00fct\u00fcn altge\u00e7itleri g\u00f6r\u00fcyorsunuz. Eski\u015fehir&#8217;in havas\u0131 farkl\u0131 de\u011fi\u015fiyor. \u00c7\u00fcnk\u00fc bug\u00fcn 68 yeni eseri a\u00e7\u0131yoruz, Eski\u015fehir&#8217;e kazand\u0131r\u0131yoruz. Bunlar\u0131 kim yapt\u0131? Ama bakars\u0131n\u0131z biraz sonra B\u00fcy\u00fck\u015fehir belediye Ba\u015fkan\u0131 &#8216;onlar\u0131 ben yapt\u0131m&#8217; der ha. Der der. \u00c7\u00fcnk\u00fc onun da yanda\u015f, canda\u015f medyas\u0131 var. Bir tane i\u015f makinesini oraya koyar, &#8216;Bak onlar\u0131 da ben yapt\u0131m&#8217; der. Herhalde bu oyunlara gelmiyoruz de\u011fil mi? Y\u00fcksek H\u0131zl\u0131 Treni o yapm\u0131\u015f. \u015eimdi gar\u0131 da Eski\u015fehir stad\u0131n\u0131 da her\u015feyi o yap\u0131yor.&#8221;<\/p>\n<p style=\"text-align: justify;\">Vatanda\u015flar\u0131n &#8221;K\u0131skananlar \u00e7atlas\u0131n&#8221; \u015feklinde tempo tutmas\u0131 \u00fczerine, Ba\u015fbakan Erdo\u011fan, &#8221;\u00c7atlamas\u0131n be. \u00c7atlamas\u0131n onlar\u0131 da aram\u0131za alal\u0131m. Onlar\u0131 da kazanal\u0131m daha iyi olmaz m\u0131, alal\u0131m, alal\u0131m daha da g\u00fc\u00e7lenelim, daha g\u00fc\u00e7l\u00fc olal\u0131m. Anlatal\u0131m, kalbi dille yumu\u015fak dille anlatal\u0131m. Daha g\u00fc\u00e7l\u00fc olal\u0131m, onlar\u0131 da kazanal\u0131m de\u011fil mi? Kazanal\u0131m olsun. Biz anlatal\u0131m, g\u00f6revimizi yapal\u0131m, gerisi Allah kerim&#8221; diye konu\u015ftu.<\/p>\n<p style=\"text-align: justify;\"><strong>&#8221;CEKET\u0130M\u0130 \u00c7IKARAB\u0130L\u0130R M\u0130Y\u0130M?&#8221;<\/strong><\/p>\n<p style=\"text-align: justify;\">Vatanda\u015flara &#8221;Ceketimi \u00e7\u0131karabilir miyim&#8221; diye soran Ba\u015fbakan Erdo\u011fan, ceketini \u00e7\u0131kararak s\u00fcrd\u00fcrd\u00fc\u011f\u00fc konu\u015fmas\u0131nda \u015funlar\u0131 kaydetti:<\/p>\n<p style=\"text-align: justify;\">&#8221;Biz dik duraca\u011f\u0131z, dikle\u015fmeyece\u011fiz. Ge\u00e7ti\u011fimiz g\u00fcnlerde \u0130stanbul&#8217;da ve Ankara&#8217;da \u00e7ok b\u00fcy\u00fck projeleri a\u00e7\u0131klad\u0131k. T\u00fcrkiye&#8217;nin iki b\u00fcy\u00fck kenti Diyarbak\u0131r ve \u0130zmir i\u00e7in de yeni projeler a\u00e7\u0131klayaca\u011f\u0131z. Elbette Eski\u015fehir&#8217;i unutmu\u015f de\u011filiz. Bilimin, sanat\u0131n, k\u00fclt\u00fcr\u00fcn, tarihin ve gelece\u011fin \u015fehri, sanayinin \u00fcniversitenin \u015fehri Eski\u015fehir i\u00e7in \u00e7ok \u00f6nemli projelerimiz, \u00e7ok b\u00fcy\u00fck vizyonumuz var. Eski\u015fehir ba\u015fta Tatar karde\u015flerimiz olmak \u00fczere Balkanlardan, Kafkaslardan yani Osmanl\u0131 co\u011frafyas\u0131ndan g\u00f6\u00e7 etmi\u015f binlerce, onbinlerce karde\u015fini ba\u011fr\u0131na bast\u0131. Bu karde\u015flerimiz Eski\u015fehirli Manav karde\u015flerimizle tarih boyunca huzur i\u00e7inde i\u00e7 i\u00e7e ya\u015fad\u0131lar. Gerek Manav gerek Tatar karde\u015flerimiz, gerek Balkanlardan ve Kafkaslardan gelen karde\u015flerimiz, adetleri, gelenekleri ve g\u00f6renekleri Eski\u015fehir&#8217;e her bak\u0131mdan zenginlik kat\u0131yorlar.&#8221;<\/p>\n<p style=\"text-align: justify;\"><strong>&#8220;ESK\u0130\u015eEH\u0130R&#8217; \u00dc\u00c7\u00dcNC\u00dc \u00dcN\u0130VERS\u0130TE&#8221;<\/strong><\/p>\n<p style=\"text-align: justify;\">Ba\u015fbakan Recep Tayyip Erdo\u011fan, \u00f6n\u00fcm\u00fczdeki d\u00f6nem Eski\u015fehir&#8217;e \u00fc\u00e7\u00fcnc\u00fc \u00fcniversiteyi, Y\u00fcksek Teknoloji \u00dcniversitesi&#8217;ni kazand\u0131racaklar\u0131n\u0131 belirterek, &#8221;Eski\u015fehir yine \u00e7evre illerle birlikte Ortado\u011fu ve Avrupa&#8217;dan gelen turistler i\u00e7in bir cazibe merkezi haline geliyor&#8221; dedi.<\/p>\n<p style=\"text-align: justify;\">Eski\u015fehir&#8217;i, 2013&#8217;te T\u00fcrk D\u00fcnyas\u0131 K\u00fclt\u00fcr Ba\u015fkenti yapacaklar\u0131n\u0131 belirterek, &#8221;K\u00fclt\u00fcr zenginli\u011fimizi b\u00fct\u00fcn d\u00fcnyaya tan\u0131taca\u011f\u0131z&#8221; dedi.<\/p>\n<p style=\"text-align: justify;\">Ba\u015fta D\u0131\u015fi\u015fleri, K\u00fclt\u00fcr ve Turizm Bakanl\u0131\u011f\u0131 olmak \u00fczere b\u00fct\u00fcn ilgili kurum ve kurulu\u015flar\u0131n, sivil toplum \u00f6rg\u00fctlerinin, T\u00fcrk K\u00fclt\u00fcr ve Sanatlar\u0131 Ortak Y\u00f6netimi T\u00dcRKSOY&#8217;u harekete ge\u00e7ireceklerini anlatan Erdo\u011fan, bunlarla birlikte UNESCO T\u00fcrkiye Milli Komisyonu, Yunus Emre Enstit\u00fcs\u00fc ve Eski\u015fehir&#8217;deki \u00fcniversiteleri de seferber ettiklerini kaydetti.<\/p>\n<p style=\"text-align: justify;\">Erdo\u011fan, s\u00f6zlerini \u015f\u00f6yle s\u00fcrd\u00fcrd\u00fc:<\/p>\n<p style=\"text-align: justify;\">&#8221;Eski\u015fehir, b\u00fct\u00fcn T\u00fcrk d\u00fcnyas\u0131ndan, y\u00fczlerce k\u00fclt\u00fcr ve sanat etkinli\u011fine, binlerce misafire ev sahipli\u011fi yapacak. Biz onlar\u0131 daha yak\u0131ndan tan\u0131yaca\u011f\u0131z, onlar bizi daha yak\u0131ndan tan\u0131yacak. B\u00fct\u00fcn T\u00fcrk d\u00fcnyas\u0131 Eski\u015fehir&#8217;de birbiriyle kucakla\u015facak. K\u0131r\u0131m&#8217;dan, Kazan&#8217;dan, Bulgaristan, Arnavutluk&#8217;tan, Kosova&#8217;dan, Makedonya&#8217;dan, Bosna Hersek&#8217;ten, Romanya&#8217;dan, Bat\u0131 Trakya&#8217;dan, Kafkasya&#8217;dan ve b\u00fct\u00fcn T\u00fcrk cumhuriyetlerinden gelen misafirlerimiz burada akrabalar\u0131yla, karde\u015fleriyle kayna\u015facaklar.<\/p>\n<p style=\"text-align: justify;\">Eski\u015fehir&#8217;de en \u00e7ok \u00f6nem verdi\u011fimiz konulardan biri de \u00f6zellikle e\u011fitimli gen\u00e7 n\u00fcfusa y\u00f6nelik yeni istihdam alanlar\u0131n\u0131n a\u00e7\u0131lmas\u0131d\u0131r. Bunun i\u00e7in Eski\u015fehir&#8217;de havac\u0131l\u0131k sanayi, savunma sanayi, elektronik sanayi, yaz\u0131l\u0131m sekt\u00f6r\u00fc, sinema televizyon sekt\u00f6r\u00fc gibi katma de\u011feri y\u00fcksek yat\u0131r\u0131mlar\u0131n \u00f6n\u00fcn\u00fc a\u00e7\u0131yoruz. \u0130\u015fte o y\u00fczden gen\u00e7lerimizin daha nitelikli yeti\u015fmesini sa\u011flamak i\u00e7in bu ileri teknoloji alanlar\u0131nda istihdam edilebilmeleri i\u00e7in meslek liselerine, meslek y\u00fcksek okullar\u0131na b\u00fcy\u00fck \u00f6nem veriyoruz. \u00d6n\u00fcm\u00fczdeki d\u00f6nem de Eski\u015fehir&#8217;e \u00fc\u00e7\u00fcnc\u00fc  \u00fcniversiteyi, Y\u00fcksek Teknoloji \u00dcniversitesini kazand\u0131raca\u011f\u0131z. Bu noktada \u015fu ana kadar yapt\u0131klar\u0131m\u0131za \u00f6n\u00fcm\u00fczdeki d\u00f6nemde \u00e7ok daha fazlas\u0131n\u0131 kataca\u011f\u0131z.&#8221;<\/p>\n<p style=\"text-align: justify;\"><strong>&#8221;GASSAL YET\u0130\u015eT\u0130RME OKULU&#8221;<\/strong><\/p>\n<p style=\"text-align: justify;\">Ba\u015fbakan Erdo\u011fan, uluslararas\u0131 sermayenin, \u00f6zellikle Ortado\u011fu sermayesinin Eski\u015fehir&#8217;in potansiyelini daha iyi g\u00f6rmesi i\u00e7in \u00f6zel tan\u0131t\u0131m stratejileri geli\u015ftirdiklerini s\u00f6yledi.<\/p>\n<p style=\"text-align: justify;\">T\u00fcrkiye&#8217;nin ola\u011fan\u00fcst\u00fc potansiyellerini yabanc\u0131 bilim adamlar\u0131 ve giri\u015fimcilerin, T\u00fcrkiye&#8217;deki muhalefetten \u00e7ok daha iyi g\u00f6rd\u00fc\u011f\u00fcn\u00fc ifade eden Ba\u015fbakan Erdo\u011fan, \u015funlar\u0131 kaydetti:<\/p>\n<p style=\"text-align: justify;\">&#8221;Bak\u0131n\u0131z ana muhalefet partisinin genel ba\u015fkan\u0131 d\u00fcn ak\u015fam bir televizyon program\u0131nda kendisine soruyorlar, &#8216;Bu imam hatip okullar\u0131 konusunda siz neden b\u00f6yle d\u00fc\u015f\u00fcn\u00fcyorsunuz&#8217;, veyahut, &#8216;\u0130HL&#8217;lere kar\u015f\u0131 m\u0131s\u0131n\u0131z?&#8217; diyor. K\u0131l\u0131\u00e7daro\u011flu&#8217;nun verdi\u011fi cevap ne biliyor musunuz?, &#8216;Niye kar\u015f\u0131 olay\u0131m ki.&#8217; Bunun \u00fczerine &#8216;ama i\u015fte e\u011fitimde bununla ilgili herhangi bir \u015feyiniz yok&#8217; sorusuna da K\u0131l\u0131\u00e7daro\u011flu&#8217;nun cevab\u0131, &#8216;Ne kadar ihtiya\u00e7 varsa o kadar yap\u0131lmas\u0131 laz\u0131m&#8217; diyor. &#8216;Mesela ne kadar ziraat\u00e7\u0131 laz\u0131msa o kadar&#8230; Ya b\u00f6yle bir e\u011fitimle, bilimle ilgili kafa olur mu? \u015eu anda bu mant\u0131ktan bakarsak, bu yakla\u015f\u0131mla ele al\u0131rsak. y\u00fczde 70 T\u00fcrkiye&#8217;de d\u00fcz lise mezunu var. Eee \u015fimdi d\u00fcz lise mezunlar\u0131 bombo\u015f dola\u015f\u0131yor. O zaman, &#8216;Bug\u00fcne kadar ni\u00e7in d\u00fcz lise a\u00e7t\u0131n\u0131z&#8217; diye soru sorulmaz m\u0131? Fakat meslek liselerinden mezun olanlar\u0131n ellerinde hi\u00e7 olmazsa bir mesle\u011fi var. \u0130\u015f bulur veya bulmaz sana ne, sana ne? Ama dert ba\u015fka, dert bu \u00fclkede imam hatip mezunu olmas\u0131n. Onun nar\u0131na, di\u011fer meslek liselerine de kar\u015f\u0131 \u00e7\u0131k\u0131yorlar. K\u0131l\u0131\u00e7daro\u011flu, CHP zihniyeti, \u015fu imam hatiplerin \u00fczerinden elinizi \u00e7ekiniz l\u00fctfen&#8230; &#8216;\u0130mam hatip okullar\u0131n\u0131 biz kurduk, CHP kurdu&#8217; diyor. Onu sen gel bana sor. \u0130mam hatip okullar\u0131n\u0131 kurarken \u0130n\u00f6n\u00fc&#8217;n\u00fcn Milli E\u011fitim Bakan\u0131 Tahsin Mangao\u011flu&#8217;na s\u00f6yledi\u011fini biliyor musunuz? Bana &#8216;Gassal Yeti\u015ftirme Okulu kur&#8217; diyor. Gassal ne demek? \u00d6l\u00fclerimizi y\u0131kamak i\u00e7in. \u00c7\u00fcnk\u00fc \u00f6yle bir d\u00f6nem oldu ki CHP&#8217;nin d\u00f6neminde, cenazeleri y\u0131kayacak, cenaze namaz\u0131n\u0131 k\u0131ld\u0131racak imam bulamad\u0131lar, o hale geldik. CHP budur. Neleri yapmad\u0131lar ki? Camileri ah\u0131r yapan bu CHP zihniyetidir. Konya&#8217;daki o halden, \u015fimdi restore edip bizim tekrar camiye d\u00f6nd\u00fcrd\u00fcklerimiz. Atat\u00fcrk&#8217;\u00fcn \u0130n\u00f6n\u00fc&#8217;ye kesin talimat\u0131 var diyor ki &#8216;bunlar\u0131 restore edeceksin&#8217; ama Atat\u00fcrk&#8217;\u00fcn \u00f6mr\u00fc vefa etmiyor. Ne restoresi ah\u0131r olarak devam ediyor. CHP bu, bu CHP&#8217;yi iyi tan\u0131yal\u0131m ve bunlar\u0131 da Eski\u015fehirli karde\u015flerime, CHP&#8217;ye g\u00f6n\u00fcl verenlere iyi anlatal\u0131m.&#8221;<\/p>\n<p style=\"text-align: justify;\"><strong>ESK\u0130\u015eEH\u0130R CAZ\u0130BE MERKEZ\u0130 HAL\u0130NE GELECEK<\/strong><\/p>\n<p style=\"text-align: justify;\">Ba\u015fbakan Erdo\u011fan, Eski\u015fehir&#8217;de 68 tesisin a\u00e7\u0131l\u0131\u015f\u0131n\u0131 ger\u00e7ekle\u015ftirdiklerini, bunun katrilyonlarca liray\u0131 bulan yat\u0131r\u0131mlar oldu\u011funu s\u00f6yledi.<\/p>\n<p style=\"text-align: justify;\">Erdo\u011fan, konu\u015fmas\u0131n\u0131 \u015f\u00f6yle s\u00fcrd\u00fcrd\u00fc:<\/p>\n<p style=\"text-align: justify;\">&#8221;\u00d6n\u00fcm\u00fczdeki d\u00f6nemde in\u015fallah Eski\u015fehir yine \u00e7evre illerle birlikte Ortado\u011fu ve Avrupa&#8217;dan gelen turistler i\u00e7in bir cazibe merkezi haline geliyor. \u015eu tarihi Odunpazar\u0131 evleri, Odunpazar\u0131 Belediyemizin y\u00fcr\u00fctt\u00fc\u011f\u00fc T\u00fcrkiye&#8217;nin en b\u00fcy\u00fck restorasyon projelerinden biri olan Odunpazar\u0131 Evleri Ya\u015fatma Projesi&#8217;nin bir sonucudur. Sadece ge\u00e7en y\u0131l buraya gelen 1,5 milyon turist Eski\u015fehir ekonomisine 500 milyon liral\u0131k bir getiri sa\u011flad\u0131. Bu y\u0131l in\u015fallah buray\u0131 g\u00f6rmeye, 2,5 milyon yerli ve yabanc\u0131 turist gelecek. A\u00e7\u0131k konu\u015fuyorum Eski\u015fehir&#8217;e nas\u0131l h\u0131zl\u0131 treni getirdiysek, Eski\u015fehir \u00c7evreyolu&#8217;nun \u015fehir ge\u00e7i\u015fini nas\u0131l tamamlad\u0131ysak, bu projeleri de tamamlayaca\u011f\u0131z. Havaalan\u0131m\u0131z\u0131n pist geni\u015fletme \u00e7al\u0131\u015fmalar\u0131 devam ediyor, in\u015fallah bu y\u0131l tamaml\u0131yoruz, demiryolunu alta al\u0131yoruz.<\/p>\n<p style=\"text-align: justify;\">Yeni bir stadyumun yap\u0131lmas\u0131 ve yeni bir gar binas\u0131n\u0131n yap\u0131lmas\u0131 konusunu da bizzat ben takip ediyorum. K\u0131rm\u0131z\u0131 \u015fim\u015feklere Eski\u015fehirspor&#8217;un vefal\u0131 ve fedakar taraftar\u0131na ve Eski\u015fehir&#8217;in b\u00fct\u00fcn amat\u00f6r sporcular\u0131na UEFA standartlar\u0131nda \u00e7ok modern bir stadyumu in\u015fallah bu d\u00f6nemde Eski\u015fehir&#8217;e biz kazand\u0131raca\u011f\u0131z.&#8221;<\/p>\n<p style=\"text-align: justify;\">Erdo\u011fan&#8217;a &#8221;26&#8221; s\u0131rt numaral\u0131 ve \u00fczerinde &#8221;Tayyip Erdo\u011fan&#8221; yaz\u0131l\u0131 Eski\u015fehirspor formas\u0131 hediye edildi.<\/p>\n<p style=\"text-align: justify;\"><strong>S\u0130MAV Z\u0130YARET\u0130 ERTELEND\u0130<\/strong><\/p>\n<p style=\"text-align: justify;\">Bu arada, Ba\u015fbakan Recep Tayyip Erdo\u011fan, Hatay&#8217;dan, ge\u00e7en g\u00fcnlerde 5,9 b\u00fcy\u00fckl\u00fc\u011f\u00fcnde depremin ya\u015fand\u0131\u011f\u0131 K\u00fctahya&#8217;n\u0131n Simav il\u00e7esine giderken, hava muhalefeti dolay\u0131s\u0131yla ziyareti erteleyerek,  partisince d\u00fczenlenen mitinge kat\u0131lmak \u00fczere Eski\u015fehir&#8217;e ge\u00e7ti.<\/p>\n<p style=\"text-align: justify;\">Erdo\u011fan&#8217;\u0131n, Simav&#8217;\u0131 \u00f6n\u00fcm\u00fczdeki g\u00fcnlerde ziyaret edece\u011fi bildirildi.<\/p>\n<p style=\"text-align: justify;\"><strong>&#8220;ESER \u00dcRETEN PART\u0130LER\u0130N YANINDA OLUNUR&#8221;<\/strong><\/p>\n<p style=\"text-align: justify;\">Ba\u015fbakan Recep Tayyip Erdo\u011fan, &#8221;Eser siyaseti, hizmet siyaseti yapanlarla m\u0131 olaca\u011f\u0131z, ideolojik siyaset veya istismar siyaseti yapanlarla m\u0131 olaca\u011f\u0131z. Futbol tak\u0131m\u0131 tutar gibi parti tutulmaz, eser \u00fcreten partilerin yan\u0131nda olunur&#8221; dedi.<\/p>\n<p style=\"text-align: justify;\">Eski\u015fehir gar\u0131n\u0131n ve \u00e7evre d\u00fczenlemesin yap\u0131m\u0131n\u0131 bizzat kendisinin takip edece\u011fini belirten Erdo\u011fan, Eski\u015fehir&#8217;e 8,5 y\u0131l boyunca verdikleri g\u00fc\u00e7l\u00fc deste\u011fi bundan sonra da s\u00fcrd\u00fcreceklerini s\u00f6yledi.<\/p>\n<p style=\"text-align: justify;\">Eski\u015fehir&#8217;i hi\u00e7bir alanda ihmal etmediklerini, yap\u0131lan hizmetlerin Eski\u015fehir&#8217;in \u00f6n\u00fcn\u00fc a\u00e7t\u0131\u011f\u0131n\u0131 ifade eden Erdo\u011fan, \u015funlar\u0131 kaydetti:<\/p>\n<p style=\"text-align: justify;\">&#8221;Eski\u015fehir&#8217;e bin 975 derslik yapt\u0131k. T\u00fcrkiye&#8217;de bir milyona yak\u0131n bilgisayar da\u011f\u0131tt\u0131k. Eski\u015fehir&#8217;e 8 bin 808 bilgisayar g\u00f6nderdik. Bizden \u00f6nce bili\u015fim teknolojisi var m\u0131yd\u0131 T\u00fcrkiye&#8217;de? Okullara bili\u015fim teknolojisini biz getirdik. Bunlar\u0131 gen\u00e7lere anlat\u0131n, \u00fcniversiteli gen\u00e7ler bile bunlar\u0131 bilmiyor. Kimin, kimlerin yan\u0131nda oldu\u011funun fark\u0131nda de\u011filler, insan buna kahrediyor. Yani eser siyaseti, hizmet siyaseti yapanlarla m\u0131 olaca\u011f\u0131z, ideolojik siyaset veya istismar siyaseti yapanlarla m\u0131 olaca\u011f\u0131z. Futbol tak\u0131m\u0131 tutar gibi parti tutulmaz, eser \u00fcreten partilerin yan\u0131nda olunur.&#8221;<\/p>\n<p style=\"text-align: justify;\">Anadolu ve Osmangazi \u00fcniversitelerinde hizmete a\u00e7\u0131lan b\u00f6l\u00fcmleri hat\u0131rlatan Erdo\u011fan, &#8221;2002 y\u0131l\u0131nda 6 bin 68 y\u00fcksek\u00f6\u011fretim yurt yatak kapasitesini 7 bin 28&#8217;e \u00e7\u0131kard\u0131k. \u0130lk\u00f6\u011fretim okullar\u0131nda, ortaokullarda kitaplar\u0131 \u00fccretsiz verdik&#8221; dedi.<\/p>\n<p style=\"text-align: justify;\">\u00c7ocuklar\u0131n e\u011fitimi i\u00e7in ailelere verilen destekleri dile getiren Erdo\u011fan, okullarda ak\u0131ll\u0131 tahtaya ge\u00e7ilece\u011fini ve ak\u0131ll\u0131 tahtalar\u0131n internet ba\u011flant\u0131s\u0131 olaca\u011f\u0131n\u0131 s\u00f6yledi.<\/p>\n<p style=\"text-align: justify;\">Elektronik kitap\u00e7\u0131klar\u0131 \u00f6\u011frencilere \u00fccretsiz vereceklerini yineleyen Erdo\u011fan, Eski\u015fehir&#8217;e 167 trilyonluk sa\u011fl\u0131k yat\u0131r\u0131m\u0131 yapt\u0131klar\u0131n\u0131 ifade etti.<\/p>\n<p style=\"text-align: justify;\">CHP Genel Ba\u015fkan\u0131 Kemal K\u0131l\u0131\u00e7daro\u011flu&#8217;nun SSK Genel M\u00fcd\u00fcrl\u00fc\u011f\u00fc yapt\u0131\u011f\u0131n\u0131 hat\u0131rlatan Ba\u015fbakan, &#8221;Hastanelerde anan\u0131m\u0131z\u0131 a\u011flatt\u0131, anam\u0131z\u0131. O d\u00f6nemi ya\u015fayanlar iyi bilir&#8221; diye konu\u015ftu.<\/p>\n<p style=\"text-align: justify;\">AK Parti g\u00f6reve geldi\u011finde Eski\u015fehir&#8217;de bir tane tomografi cihaz\u0131 oldu\u011funu, cihaz say\u0131s\u0131n\u0131n \u015fimdi 3&#8217;e \u00e7\u0131kt\u0131\u011f\u0131n\u0131 kaydeden Erdo\u011fan, Eski\u015fehir&#8217;de 2002 y\u0131l\u0131nda MR hizmeti verilmedi\u011fini, \u015fimdi bu say\u0131n\u0131n 2 oldu\u011funu, 89 olan diyaliz cihaz\u0131n\u0131n 176&#8217;ya, 6 olan 112 istasyon say\u0131s\u0131n\u0131 29&#8217;a, 6 olan ambulans say\u0131s\u0131n\u0131 da 42&#8217;ye \u00e7\u0131kard\u0131klar\u0131n\u0131 anlatt\u0131.<\/p>\n<p style=\"text-align: justify;\"><strong>&#8221;B\u0130Z \u0130K\u0130 ANAHTAR SALLAYAN S\u0130YAS\u0130LERDEN DE\u011e\u0130L\u0130Z&#8221;<\/strong><\/p>\n<p style=\"text-align: justify;\">Eski\u015fehir Adalet Saray\u0131&#8217;n\u0131 tamamlay\u0131p hizmete a\u00e7t\u0131klar\u0131n\u0131 an\u0131msatan Erdo\u011fan, \u015f\u00f6yle konu\u015ftu:<\/p>\n<p style=\"text-align: justify;\">&#8221;Eski\u015fehir&#8217;e bug\u00fcn kadar 8 bin 67 toplu konut yapt\u0131k, 7 bin 971&#8217;ini sahiplerine teslim ettik. Biz iki anahtar sallayan siyasilerden de\u011filiz, K\u0131l\u0131\u00e7daro\u011flu gibi. &#8216;O ne veriyorsa ben 5 kat fazlas\u0131n\u0131 veriyorum&#8217; diyenlerden de\u011filiz. K\u0131l\u0131\u00e7daro\u011flu&#8217;nun ak\u0131l hocas\u0131 &#8216;Sen \u015fimdi bunlar\u0131 s\u00f6yle de gerisi kolay. \u0130ktidara geldikten sonra sana kimse bunlar\u0131 sormaz&#8217; diyor. Onun i\u00e7in \u00e7ok \u00e7al\u0131\u015faca\u011f\u0131z, M\u00fcsl\u00fcman, bir sokuldu\u011fu delikten bir daha sokulmaz.&#8221;<\/p>\n<p style=\"text-align: justify;\">Ihlamur Kenti ve Vadi \u015eehri&#8217;ni Eski\u015fehir&#8217;e kaz\u0131nd\u0131klar\u0131n\u0131 anlatan Erdo\u011fan, Karap\u0131nar Vadisi d\u00f6n\u00fc\u015f\u00fcm projesinin ihalesinin sonu\u00e7land\u0131\u011f\u0131n\u0131 ve Karap\u0131nar Vadisi&#8217;nin, bin 536 konut, 5 y\u0131ld\u0131zl\u0131 otel, kongre ve k\u00fclt\u00fcr merkezi, cami, okul, sa\u011fl\u0131k merkezi ile yepyeni bir prestij \u015fehri olaca\u011f\u0131n\u0131 kaydetti.<\/p>\n<p style=\"text-align: justify;\">Eski\u015fehir&#8217;e 8 y\u0131lda 213 kilometre b\u00f6l\u00fcnm\u00fc\u015f yol yapt\u0131klar\u0131n\u0131 ifade eden Erdo\u011fan, &#8221;Biz iktidarda olsayd\u0131k demek ki T\u00fcrkiye Cumhuriyeti art\u0131k yol sorununu \u00e7\u00f6zm\u00fc\u015f olurdu. Eski\u015fehir&#8217;i; Ankara, Bilecek, K\u00fctahya ve Afyonkarahisar&#8217;a b\u00f6l\u00fcnm\u00fc\u015f yolla ba\u011flad\u0131k. Eski\u015fehir&#8217;i Y\u00fcksek H\u0131zl\u0131 Tren ile bulu\u015fturduk. \u0130ki y\u0131l i\u00e7erisinde \u00fc\u00e7 milyon vatanda\u015f\u0131m\u0131z Y\u00fcksek H\u0131zl\u0131 Tren konforuyla Ankara-Eski\u015fehir aras\u0131nda gidip geldi. \u00d6n\u00fcm\u00fczdeki g\u00fcnlerde Eski\u015fehir-Konya Y\u00fcksek H\u0131zl\u0131 Tren seferlerini de ba\u015flat\u0131yoruz. Hazreti Mevlana&#8217;n\u0131n \u015fehri ile Yunus Emre hazretlerinin \u015fehri bir kez daha kucakla\u015facak&#8221; dedi.<\/p>\n<p style=\"text-align: justify;\">CHP Genel Ba\u015fkan\u0131 K\u0131l\u0131\u00e7daro\u011flu&#8217;nun, AK Parti&#8217;nin propagandas\u0131 olur endi\u015fesiyle Eski\u015fehir&#8217;e Y\u00fcksek H\u0131zl\u0131 Tren ile gelmek istemedi\u011fini duydu\u011funu belirten Erdo\u011fan, \u015funlar\u0131 s\u00f6yledi:<\/p>\n<p style=\"text-align: justify;\">&#8221;Miting tarihini bile de\u011fi\u015ftirmi\u015f. \u0130stanbul&#8217;dan u\u00e7akla gelece\u011fi bir tarih se\u00e7mi\u015f. Say\u0131n K\u0131l\u0131\u00e7daro\u011flu kurtulu\u015fun yok. \u0130nece\u011fin o havaalan\u0131n\u0131 da biz yapt\u0131k. Karayoluyla da gelsen bizim yapt\u0131\u011f\u0131m\u0131z duble yollardan geleceksin. Gel inat etme, 74 milyonun g\u00f6r\u00fcp takdir etti\u011fi bu hizmetlerden sen de istifade et. Merak etme senden te\u015fekk\u00fcr beklemiyoruz, vatanda\u015f\u0131n hay\u0131r duas\u0131 bize yeter.&#8221;<\/p>\n<p style=\"text-align: justify;\">\u0130stanbul-Ankara-Antalya aras\u0131nda y\u00fcksek standartl\u0131, \u00e7ift hatl\u0131, elektrik sinyalli bir demiryolu olu\u015fturulaca\u011f\u0131n\u0131 bildiren Erdo\u011fan, &#8221;B\u00fct\u00fcn projeler tamamland\u0131\u011f\u0131nda Eski\u015fehir, do\u011fudan bat\u0131ya, kuzeyden g\u00fcneye uzanan demiryollar\u0131n\u0131n ortak merkezi haline gelecek. Eski\u015fehir Havaalan\u0131&#8217;n\u0131n geli\u015ftirilmesi i\u015fine devam ediyoruz&#8221; dedi.<\/p>\n<p style=\"text-align: justify;\">Erdo\u011fan, Eski\u015fehir&#8217;de K\u00d6YDES i\u00e7in 52 trilyon harcad\u0131klar\u0131n\u0131, tar\u0131ma 73 trilyon, hayvanc\u0131l\u0131\u011fa da 58 trilyon destek verdiklerini s\u00f6yledi.<\/p>\n<p style=\"text-align: justify;\">\u00c7ift\u00e7iye d\u00fc\u015f\u00fck faizle kredi verdiklerini anlatan Erdo\u011fan, &#8221;\u00c7ift\u00e7i bizden \u00f6nce krediye ne kadar faiz \u00f6d\u00fcyordu biliyor musunuz? Y\u00fczde 59. Say\u0131n Bah\u00e7eli bunlar\u0131n hesab\u0131n\u0131 vereceksin, \u015fimdi y\u00fczde 5. Say\u0131n K\u0131l\u0131\u00e7daro\u011flu siz de vereceksiniz, siz de bu milleti inim inim inlettiniz. Ziraat Bankas\u0131n\u0131 zarar ettirenlerle beraber kol kola y\u00fcr\u00fcyorsunuz&#8221; diye konu\u015ftu.<\/p>\n<p style=\"text-align: justify;\">Gazetelerdeki AK Parti ilanlar\u0131n\u0131n muhakkak okunmas\u0131n\u0131 isteyen Erdo\u011fan, &#8221;Biz ne CHP&#8217;yiz ne MHP&#8217;yiz, biz kad\u0131na, &#8216;Cennet analar\u0131n aya\u011f\u0131 alt\u0131nda&#8217; anlay\u0131\u015f\u0131yla bakan bir medeniyetin \u00e7ocuklar\u0131y\u0131z. Bize g\u00f6re analar\u0131n ayaklar\u0131n\u0131n alt\u0131 \u00f6p\u00fcl\u00fcr. Biz buyuz, onlarda bu yok, onlar bunu yapamaz, fark\u0131m\u0131z bu. \u0130n\u015fallah 12 Haziran ak\u015fam\u0131 bu ba\u015far\u0131y\u0131 ta\u00e7land\u0131raca\u011f\u0131z&#8221; dedi.<\/p>\n<p style=\"text-align: justify;\"><a href=\"http:\/\/www.gazeteport.com.tr\/SIYASET\/NEWS\/GP_912236\" target=\"_blank\">Kaynak : GAZETEPORT<\/a><\/p>\n","protected":false},"excerpt":{"rendered":"<p style=\"text-align: center;\">\n<p style=\"text-align: justify;\">AK Parti Genel Ba\u015fkan\u0131 ve Ba\u015fbakan Recep Tayyip Erdo\u011fan, &#8221;K\u00fcrt meselesinin \u00e7\u00f6z\u00fcm\u00fcn\u00fcn \u00f6n\u00fcndeki en b\u00fcy\u00fck engel, BDP&#8217;dir. Bizim \u00e7\u00f6z\u00fcm odakl\u0131 siyasetimizi engellemek isteyen, \u00e7\u00f6z\u00fcm\u00fc yava\u015flatmak isteyen, \u00e7\u00f6z\u00fcme direnen BDP&#8217;dir, CHP&#8217;dir, MHP&#8217;dir&#8221; dedi.<\/p>\n","protected":false},"author":1,"featured_media":0,"comment_status":"open","ping_status":"closed","sticky":false,"template":"","format":"standard","meta":{"footnotes":""},"categories":[105],"tags":[],"class_list":["post-33729","post","type-post","status-publish","format-standard","hentry","category-gundem","odd"],"_links":{"self":[{"href":"http:\/\/www.korhanyilmaz.com\/index.php?rest_route=\/wp\/v2\/posts\/33729","targetHints":{"allow":["GET"]}}],"collection":[{"href":"http:\/\/www.korhanyilmaz.com\/index.php?rest_route=\/wp\/v2\/posts"}],"about":[{"href":"http:\/\/www.korhanyilmaz.com\/index.php?rest_route=\/wp\/v2\/types\/post"}],"author":[{"embeddable":true,"href":"http:\/\/www.korhanyilmaz.com\/index.php?rest_route=\/wp\/v2\/users\/1"}],"replies":[{"embeddable":true,"href":"http:\/\/www.korhanyilmaz.com\/index.php?rest_route=%2Fwp%2Fv2%2Fcomments&post=33729"}],"version-history":[{"count":0,"href":"http:\/\/www.korhanyilmaz.com\/index.php?rest_route=\/wp\/v2\/posts\/33729\/revisions"}],"wp:attachment":[{"href":"http:\/\/www.korhanyilmaz.com\/index.php?rest_route=%2Fwp%2Fv2%2Fmedia&parent=33729"}],"wp:term":[{"taxonomy":"category","embeddable":true,"href":"http:\/\/www.korhanyilmaz.com\/index.php?rest_route=%2Fwp%2Fv2%2Fcategories&post=33729"},{"taxonomy":"post_tag","embeddable":true,"href":"http:\/\/www.korhanyilmaz.com\/index.php?rest_route=%2Fwp%2Fv2%2Ftags&post=33729"}],"curies":[{"name":"wp","href":"https:\/\/api.w.org\/{rel}","templated":true}]}}