{"id":33724,"date":"2011-05-28T20:08:00","date_gmt":"2011-05-28T17:08:00","guid":{"rendered":"http:\/\/www.korhanyilmaz.com\/?p=33724"},"modified":"2011-05-28T20:08:00","modified_gmt":"2011-05-28T17:08:00","slug":"akp-izmiri-hazmedemiyor","status":"publish","type":"post","link":"http:\/\/www.korhanyilmaz.com\/?p=33724","title":{"rendered":"&#8220;AKP \u0130zmir&#8217;i hazmedemiyor&#8221;"},"content":{"rendered":"<p style=\"text-align: center;\"><a href=\"http:\/\/www.korhanyilmaz.com\/wp-content\/uploads\/2011\/05\/339.jpg\"  class=\"lightview\"><img loading=\"lazy\" decoding=\"async\" class=\"aligncenter size-full wp-image-33739\" src=\"http:\/\/www.korhanyilmaz.com\/wp-content\/uploads\/2011\/05\/339.jpg\" alt=\"\" width=\"420\" height=\"210\" \/><\/a><\/p>\n<p style=\"text-align: justify;\">CHP Genel Ba\u015fkan\u0131 Kemal K\u0131l\u0131\u00e7daro\u011flu, \u0130zmir&#8217;in, insanlar\u0131n \u00f6zg\u00fcrce soka\u011fa \u00e7\u0131k\u0131p, \u00f6zg\u00fcrce nefes ald\u0131\u011f\u0131 bir kent oldu\u011funu belirterek, &#8221;\u0130zmir bu nedenle AKP taraf\u0131ndan hazmedilemiyor. &#8216;Nas\u0131l olur da \u0130zmir&#8217;i bask\u0131 alt\u0131na al\u0131r\u0131z, nas\u0131l olur da \u0130zmir&#8217;in \u0130zmirlinin sesini \u00e7\u0131karmay\u0131z&#8217; diye \u00e7al\u0131\u015f\u0131yorlar&#8221; dedi.<!--more--><\/p>\n<p style=\"text-align: justify;\">\u0130ZM\u0130R-K\u0131l\u0131\u00e7daro\u011flu, partisinin \u0130zmir G\u00fcndo\u011fdu Meydan\u0131&#8217;ndaki mitinginde yapt\u0131\u011f\u0131 konu\u015fmada, mitinge kat\u0131lanlar\u0131n halini hat\u0131r\u0131n\u0131 sorduktan sonra, &#8221;Bir \u015fey s\u00f6yleyece\u011fim ama Recep Bey k\u0131zacak. K\u0131zs\u0131n m\u0131? Allah&#8217;\u0131na kurban \u0130zmir&#8221; dedi.<\/p>\n<p style=\"text-align: justify;\">\u0130zmir&#8217;in; ayd\u0131nlar\u0131n, yi\u011fitlerin, g\u00fczel insanlar\u0131n kenti, T\u00fcrkiye&#8217;nin incisi oldu\u011funu dile getiren K\u0131l\u0131\u00e7daro\u011flu, \u015f\u00f6yle konu\u015ftu:<\/p>\n<p style=\"text-align: justify;\">&#8221;\u0130zmir, ayd\u0131nlar\u0131n ya\u015fad\u0131\u011f\u0131 bir kenttir. \u0130zmir \u00fcniversitelerin oldu\u011fu, insanlar\u0131n \u00f6zg\u00fcrce nefes ald\u0131\u011f\u0131 bir kenttir. \u0130zmir bu nedenle AKP taraf\u0131ndan hazmedilemiyor. &#8216;Nas\u0131l olur da \u0130zmir&#8217;i bask\u0131 alt\u0131na al\u0131r\u0131z, nas\u0131l olur da \u0130zmir&#8217;in, \u0130zmirlinin sesini \u00e7\u0131karmay\u0131z, nas\u0131l olur da \u0130zmirliye nefes ald\u0131rmay\u0131z&#8217; diye \u00e7al\u0131\u015f\u0131yorlar. Buna izin verecek misiniz?&#8221;<\/p>\n<p style=\"text-align: justify;\">\u0130zmir&#8217;in, ilk kur\u015funun at\u0131ld\u0131\u011f\u0131, milli m\u00fccadelenin ba\u015flad\u0131\u011f\u0131 bir kent oldu\u011funu, Hasan Tahsin&#8217;lerin kenti oldu\u011funu an\u0131msatan K\u0131l\u0131\u00e7daro\u011flu, &#8221;Elbette ki \u0130zmir&#8217;i hazmedemiyor, sindiremiyorlar ama ben 13 Haziran&#8217;da sizin yetkinizle onlar\u0131 sindirece\u011fim&#8221; dedi.<\/p>\n<p style=\"text-align: justify;\"><strong>&#8221;SANK\u0130 ASKER\u0130 Y\u00d6NET\u0130M VAR&#8221;<\/strong><\/p>\n<p style=\"text-align: justify;\">\u00d6zg\u00fcrl\u00fc\u011f\u00fc ya\u015famak, \u00f6zg\u00fcrl\u00fc\u011f\u00fc teneff\u00fcs etmek istediklerini dile getiren K\u0131l\u0131\u00e7daro\u011flu, \u015f\u00f6yle devam etti:<\/p>\n<p style=\"text-align: justify;\">&#8221;Bu g\u00fczel \u00fclkede sanki askeri y\u00f6netim varm\u0131\u015f gibi b\u00fct\u00fcn \u00fclkeyi OHAL&#8217;e d\u00f6n\u00fc\u015ft\u00fcrd\u00fcler. Sanki ola\u011fan\u00fcst\u00fc hal varm\u0131\u015f gibi sabah\u0131n k\u00f6r\u00fcnde polis, evlerinizi bas\u0131yor. Sabah\u0131n k\u00f6r\u00fcnde ifadeleriniz al\u0131n\u0131yor. Mustafa Balbay ne yapt\u0131? Yaz\u0131 yazd\u0131. Yaz\u0131 yazman\u0131n su\u00e7 oldu\u011fu bir \u00fclkedeyiz. Bas\u0131lmam\u0131\u015f kitab\u0131n toplat\u0131ld\u0131\u011f\u0131 \u00fclkedeyiz. Bir de kalkm\u0131\u015f, &#8216;Efendim eskiden kitaplar\u0131n giri\u015fi yasakt\u0131, biz serbest b\u0131rakt\u0131k&#8230;&#8217; Sen yaz\u0131lmam\u0131\u015f kitab\u0131 imha eden bir \u00fclkenin ba\u015fbakan\u0131s\u0131n. Bu ay\u0131p iktidara aittir. Hi\u00e7bir yerde, hi\u00e7bir zaman d\u00fc\u015f\u00fcnce \u00f6zg\u00fcrl\u00fc\u011f\u00fcn\u00fcn \u00f6n\u00fcndeki engelleri var kabul etmeyece\u011fiz, tamam\u0131n\u0131 y\u0131kaca\u011f\u0131z. D\u00fc\u015f\u00fcnce \u00f6zg\u00fcrl\u00fc\u011f\u00fcn\u00fc getirece\u011fiz, \u00f6zg\u00fcr T\u00fcrkiye&#8217;yi kuraca\u011f\u0131z.<\/p>\n<p style=\"text-align: justify;\">Bug\u00fcn bir de d\u0131\u015f politika uzman\u0131 kesilmi\u015f. &#8216;Vay efendim d\u0131\u015f politikada \u015funu yapt\u0131k, bunu yapt\u0131k&#8230;&#8217; Ne yapt\u0131n d\u0131\u015f politikada sen? &#8216;Rasmussen&#8217;e oy vermeyece\u011fim&#8217; dedin, t\u0131p\u0131\u015f t\u0131p\u0131\u015f gittin, oy verdin. Ondan sonra da horozlan\u0131yorsun. Onun adam\u0131 ABD&#8217;de ne dedi Allah a\u015fk\u0131na? &#8216;Bu adam\u0131 s\u00fcp\u00fcrmeyin, kullan\u0131n&#8217; dedi. Kullan\u0131lan bir Ba\u015fbakan var \u015fu anda. Recep Tayyip Erdo\u011fan kullan\u0131l\u0131yor.<\/p>\n<p style=\"text-align: justify;\">Ortado\u011fu&#8217;da, Kafkaslar&#8217;da, ABD&#8217;de, AB&#8217;de geldi\u011fimiz s\u00fcre\u00e7 \u015fu: D\u0131\u015flanan bir T\u00fcrkiye. \u0130ran ile oturup s\u00f6zl\u00fc anla\u015fma yapacaklard\u0131, Brezilya ile birlikte arac\u0131 olacaklard\u0131, hakem olacaklard\u0131. Ne oldu? Yaln\u0131z b\u0131rak\u0131ld\u0131. Biz biliyoruz. Bunlar ceplerini d\u00fc\u015f\u00fcnen bir iktidar, halk\u0131 de\u011fil. Kendilerini d\u00fc\u015f\u00fcnen bir iktidar, halk\u0131 de\u011fil. \u00c7oluk \u00e7ocu\u011funa i\u015f bulan, halk\u0131n \u00e7ocu\u011funa de\u011fil.&#8221;<\/p>\n<p style=\"text-align: justify;\">Her 4 \u00e7ocuktan birinin yata\u011fa a\u00e7 girdi\u011fini savunan K\u0131l\u0131\u00e7daro\u011flu, &#8221;4 \u00e7ocuktan birisinin yata\u011fa a\u00e7 girdi\u011fi 21. y\u00fczy\u0131l\u0131n T\u00fcrkiye&#8217;sinde bu ay\u0131p Ankara&#8217;da oturup ahkam kesenlere aittir&#8221; dedi.<\/p>\n<p style=\"text-align: justify;\">Ba\u015fbakan Erdo\u011fan&#8217;\u0131n kimyas\u0131n\u0131 bozdu\u011funu, ezberini bozup \u015fifresini \u00e7\u00f6zd\u00fc\u011f\u00fcn\u00fc, m\u00fccadeleye devam edece\u011fini dile getiren K\u0131l\u0131\u00e7daro\u011flu, CHP&#8217;nin oylar\u0131n\u0131n y\u00fckseli\u015fte. AKP&#8217;nin oylar\u0131n\u0131n da d\u00fc\u015f\u00fc\u015fte oldu\u011funu savundu. G\u00fcnde 16 saat \u00e7al\u0131\u015ft\u0131\u011f\u0131n\u0131 ifade eden K\u0131l\u0131\u00e7daro\u011flu, her partilinin g\u00fcnde 10 dakika \u00e7al\u0131\u015f\u0131p \u00e7evresindekileri ikna etmesini istedi.<\/p>\n<p style=\"text-align: justify;\"><strong>&#8220;KADINLARA SE\u00c7ME SE\u00c7\u0130LME HAKKINI CHP VERD\u0130&#8221;<\/strong><\/p>\n<p style=\"text-align: justify;\">CHP Genel Ba\u015fkan\u0131 Kemal K\u0131l\u0131\u00e7daro\u011flu, &#8221;Bize &#8216;kaynak nerede&#8217; diye soruyorlar, hi\u00e7 merak etmeyin bizim kayna\u011f\u0131m\u0131z var. AK Parti Genel Merkezi&#8217;ne giden hortumlar\u0131 kesece\u011fim, hi\u00e7 merak etmeyin siz&#8221; dedi.<\/p>\n<p style=\"text-align: justify;\">K\u0131l\u0131\u00e7daro\u011flu, partisinin \u0130zmir G\u00fcndo\u011fdu Meydan\u0131&#8217;nda d\u00fczenlenen mitinginde yapt\u0131\u011f\u0131 konu\u015fmada, toplumun t\u00fcm kesimlerinin ya\u015fad\u0131\u011f\u0131 s\u0131k\u0131nt\u0131lar\u0131 bildi\u011fini, halk\u0131n i\u00e7inden birisi oldu\u011funu, &#8221;s\u0131r\u00e7a k\u00f6\u015fkte oturmad\u0131\u011f\u0131n\u0131, gemilerinin olmad\u0131\u011f\u0131n\u0131&#8221; s\u00f6yledi.<\/p>\n<p style=\"text-align: justify;\">Kemal K\u0131l\u0131\u00e7daro\u011flu, \u015f\u00f6yle konu\u015ftu:<\/p>\n<p style=\"text-align: justify;\">&#8221;Ben AK Parti&#8217;nin g\u00f6vdesini silkeliyorum, dallar\u0131n\u0131 siz silkeleyeceksiniz. AK Parti&#8217;nin dallar\u0131n\u0131 silkelemeye haz\u0131r m\u0131s\u0131n\u0131z? Yaln\u0131z bir \u015feye dikkat etmenizi istiyorum, elma d\u00fc\u015fer, bir meyve d\u00fc\u015fer, \u00f6yle bir \u015fey yok. Dikkatli olun, her an Recep d\u00fc\u015febilir. Neden diyorum? Bir meyve vermez bunlar\u0131n a\u011fac\u0131, \u00e7\u00fcnk\u00fc bunlar bereketsiz bir iktidar, bunlarda bereket yok. Bereket olsa i\u015fsizlik, yoksulluk, yolsuzluk olur mu, yurt d\u0131\u015f\u0131ndan ithal kurbanl\u0131k koyun gelir mi? Bereket olsa, \u00f6zg\u00fcrl\u00fck olur. Bereketin oldu\u011fu yerde \u00f6zg\u00fcrl\u00fck, karde\u015flik vard\u0131r, \u015fiddet de\u011fil dostluk vard\u0131r, demokrasi vard\u0131r.&#8221;<\/p>\n<p style=\"text-align: justify;\">Kad\u0131nlara se\u00e7me se\u00e7ilme hakk\u0131n\u0131 CHP&#8217;nin verdi\u011fini, bu d\u00f6nem de mecliste en az 38 kad\u0131n milletvekilinin kad\u0131nlar\u0131n hakk\u0131n\u0131 savunaca\u011f\u0131n\u0131 s\u00f6yleyen K\u0131l\u0131\u00e7daro\u011flu, T\u00fcrkiye&#8217;de 12 milyon 715 bin yoksul oldu\u011funu, yoksullu\u011fun oldu\u011fu evde kad\u0131na y\u00f6nelik \u015fiddetin bulundu\u011funu, T\u00fcrkiye&#8217;de 8 y\u0131lda kad\u0131na y\u00f6nelik \u015fiddette art\u0131\u015f\u0131n y\u00fczde 1400 oldu\u011funu, huzuru getirmenin yolunun herkesin karn\u0131n\u0131n doydu\u011fu bir T\u00fcrkiye&#8217;yi yaratmaktan ge\u00e7ti\u011fini s\u00f6yledi.<\/p>\n<p style=\"text-align: justify;\">Bar\u0131\u015f\u0131n, \u00f6zg\u00fcrl\u00fc\u011f\u00fcn oldu\u011fu, d\u00fc\u015f\u00fcncelerinden \u00f6t\u00fcr\u00fc kimsenin \u00f6tekile\u015ftirilmedi\u011fi, su\u00e7lanmad\u0131\u011f\u0131 bir T\u00fcrkiye yaratacaklar\u0131n\u0131 ifade eden K\u0131l\u0131\u00e7daro\u011flu, e\u011fitim politikalar\u0131yla &#8221;dershane garabetini&#8221; de bitireceklerini kaydetti.<\/p>\n<p style=\"text-align: justify;\">E\u011fitim politikas\u0131n\u0131n, 21. y\u00fczy\u0131lda T\u00fcrkiye&#8217;nin \u00e7\u0131\u011f\u0131r a\u00e7mas\u0131na y\u00f6nelik bir politika oldu\u011funu, tam g\u00fcn e\u011fitime ge\u00e7ilece\u011fini, okul \u00f6ncesi e\u011fitime a\u011f\u0131rl\u0131k vereceklerini, kitaplar\u0131 katk\u0131 pay\u0131 ve para istemeden, ger\u00e7ek anlamda bedava vereceklerini ifade eden K\u0131l\u0131\u00e7daro\u011flu, bir s\u00fcre \u00f6nce paras\u0131z e\u011fitim isteyen iki \u00f6\u011frencinin a\u00e7t\u0131klar\u0131 pankart nedeniyle 14 ayd\u0131r hapiste tutuldu\u011funu, bunun T\u00fcrkiye&#8217;de demokrasinin geldi\u011fi noktay\u0131 g\u00f6sterdi\u011fini dile getirdi. K\u0131l\u0131\u00e7daro\u011flu, &#8221;Recep&#8217;in ileri demokrasisi bu&#8221; dedi.<\/p>\n<p style=\"text-align: justify;\">Miting alan\u0131ndaki baz\u0131 pankartlar\u0131 okuyan K\u0131l\u0131\u00e7daro\u011flu, &#8221;(Yedi\u011fin hurmalar 13 Haziran&#8217;da seni fena t\u0131rmalar) diyorsun. G\u00fczel pankartlar var. &#8216;Bir at\u0131n, iki dakikada \u00fczerinden att\u0131\u011f\u0131 adam\u0131, bu millet 9 y\u0131ld\u0131r ta\u015f\u0131yor&#8230;&#8217; Ataca\u011f\u0131z, beraber ataca\u011f\u0131z. &#8216;Tayyip yaz, AKP&#8217;ye g\u00f6nder, susuz k\u00f6ye \u00e7ama\u015f\u0131r makinesi gelsin&#8217;, &#8216;AKP&#8217;nin son kullanma tarihi 12 Haziran 2011&#8217;, &#8216;Gelecek ku\u015faklar i\u00e7in gereksiz ampulleri s\u00f6nd\u00fcrelim&#8230;&#8217; S\u00f6nd\u00fcrece\u011fiz zaten&#8221; dedi.<\/p>\n<p style=\"text-align: justify;\">Annelere ekonomik g\u00fcvence getireceklerini, geliri olmayan ya da asgari \u00fccretin alt\u0131nda geliri olan her annenin banka hesab\u0131na en az 600 lira para yat\u0131racaklar\u0131n\u0131 ifade eden K\u0131l\u0131\u00e7daro\u011flu, \u015f\u00f6yle devam etti:<\/p>\n<p style=\"text-align: justify;\">&#8221;Ekonomik \u00f6zg\u00fcrl\u00fck olsun ki siyasal \u00f6zg\u00fcrl\u00fck olsun. Bize &#8216;kaynak nerede&#8217; diye soruyorlar, hi\u00e7 merak etmeyin bizim kayna\u011f\u0131m\u0131z var. AK Parti Genel Merkezi&#8217;ne giden hortumlar\u0131 kesece\u011fim, hi\u00e7 merak etmeyin siz. Bir pankart daha var. &#8216;Recep&#8217;in derdi \u0130stanbul bo\u011faz\u0131, Kemal&#8217;in derdi halk\u0131n bo\u011faz\u0131&#8217;. A\u00e7\u0131klad\u0131klar\u0131 projelerin tamam\u0131 ihale \u00fczerine kurulu. &#8216;Kime, nas\u0131l, hangi ihaleyi kuraca\u011f\u0131z?&#8217; Bizim projelerimiz insan \u00fczerine, insan\u0131n mutlulu\u011fu \u00fczerine kurulu. A\u00e7l\u0131k olmas\u0131n, \u00e7ocuklar yata\u011fa a\u00e7 girmesin, bunun \u00fczerine kurulu.&#8221;<\/p>\n<p style=\"text-align: justify;\">K\u0131l\u0131\u00e7daro\u011flu, yeniden \u00f6rg\u00fctlenen CHP&#8217;nin dirildi\u011fini, yeni CHP&#8217;nin \u00f6zg\u00fcrl\u00fc\u011f\u00fcn, demokrasinin, eme\u011fin, al\u0131n terinin, sendikac\u0131l\u0131\u011f\u0131n, \u00fcretimin ve halk\u0131n adresi oldu\u011funu s\u00f6yledi.<\/p>\n<p style=\"text-align: justify;\">81 ile giderek halkla kucakla\u015faca\u011f\u0131n\u0131 ifade eden K\u0131l\u0131\u00e7daro\u011flu, konu\u015fmas\u0131n\u0131 \u015f\u00f6yle s\u00fcrd\u00fcrd\u00fc:<\/p>\n<p style=\"text-align: justify;\">&#8221;Aile sigortas\u0131, Tayyip&#8217;in sigortas\u0131n\u0131 att\u0131rd\u0131. &#8216;\u015eifresini \u00e7\u00f6zd\u00fcm&#8217; dedim, o itiraflara ba\u015flad\u0131. \u0130tiraflar d\u00f6nemi ba\u015flad\u0131. Bakanlar\u0131n\u0131n yolsuzluk yapt\u0131\u011f\u0131n\u0131 itiraf etti. Cumhuriyet tarihinde ilktir bu. \u00d6nemli bir itiraft\u0131r. Kendi sesinden, nefesinden, &#8216;Biz yolsuzluklar\u0131n adresiyiz, ben de onlar\u0131 liste d\u0131\u015f\u0131 b\u0131rakt\u0131m&#8217; dedi. \u015eifreyi \u00e7\u00f6zd\u00fck, bundan sonra daha \u00e7ok itiraf yapt\u0131raca\u011f\u0131m ona.<\/p>\n<p style=\"text-align: justify;\">Gen\u00e7lerle ilgili de projemiz var. Gen\u00e7lerin askerlik s\u00fcresini 15 aydan 9 aya, a\u015famal\u0131 olarak 6 aya indirece\u011fiz. Daha k\u0131sa s\u00fcre askere gidecek. \u00dcretecek, \u00e7al\u0131\u015facak, ekonomide hayat\u0131n her alan\u0131nda \u00e7al\u0131\u015facak, \u00fclkenin kalk\u0131nmas\u0131na katk\u0131da bulunacak. Ben bunu s\u00f6yledi\u011fim zaman Recep Bey, &#8216;Gen\u00e7ler 9 ay askerlik yaparsa, memleketi kim savunacak&#8217; diyor. Bunun cevab\u0131n\u0131 verelim mi? Belki Recep Bey Ankara&#8217;dan duyabilir. Recep Bey, senin o\u011flun Burdur&#8217;da 21 g\u00fcn askerlik yapt\u0131\u011f\u0131 zaman memleketi kim savunacak diye akl\u0131na gelmedi de vatanda\u015f\u0131n o\u011flu 9 ay askerlik yapt\u0131\u011f\u0131nda m\u0131 akl\u0131na geliyor? Hasan Tahsinlerin oldu\u011fu yerde, yeri geldi\u011finde 9 ay de\u011fil, 9 y\u0131l da askerlik yapar\u0131z biz. Bunlar\u0131n istikrar\u0131 nedir biliyor musunuz? &#8216;\u0130\u015fsizlik devam etsin, yoksulluk devam etsin, istikrar s\u00fcrs\u00fcn.&#8217;<\/p>\n<p style=\"text-align: justify;\"><strong>&#8220;ANADOLU&#8217;NUN BA\u011eRINA G\u0130TT\u0130M&#8221;<\/strong><\/p>\n<p style=\"text-align: justify;\">CHP Genel Ba\u015fkan\u0131 Kemal K\u0131l\u0131\u00e7daro\u011flu, &#8221;Ben kendisine (Ba\u015fbakan Erdo\u011fan) diyorum ki, ya arkada\u015f her konuda, her \u015feyi bilmeyebilirsin eyvallah. Arzu ediyorsan, Bakanlar Kurulunu al, gel yine tek ba\u015f\u0131ma \u00e7\u0131kaca\u011f\u0131m. \u00c7\u0131kabilir mi?\u00c7\u00fcnk\u00fc \u00e7\u0131kmas\u0131 i\u00e7in 3 tane ko\u015ful laz\u0131m. Bir ge\u00e7mi\u015fi temiz olacak, iki kul hakk\u0131 yemeyecek, \u00fc\u00e7 mangal gibi y\u00fcrek laz\u0131m karde\u015finizin kar\u015f\u0131s\u0131na \u00e7\u0131kmak i\u00e7in&#8221; dedi.<\/p>\n<p style=\"text-align: justify;\">K\u0131l\u0131\u00e7daro\u011flu, \u0130zmir G\u00fcndo\u011fdu Meydan\u0131&#8217;nda d\u00fczenlenen mitingdeki konu\u015fmas\u0131nda, hapishanelerdekilerin say\u0131s\u0131n\u0131n 50 binlerden 2011 Nisan itibariyle 123 bine \u00e7\u0131kt\u0131\u011f\u0131n\u0131 belirterek, &#8221;Hakkari&#8217;ye gittim. Recep Bey duysun. Recep Beyin ezberini bozdum. Ne diyordu? Sivas&#8217;\u0131n \u00f6tesine ge\u00e7mezmi\u015fiz. Sivas&#8217;\u0131n \u00f6tesine ge\u00e7tik. Anadolu&#8217;nun ba\u011fr\u0131na gittik. Ama ezberi bozuldu, ezberini bozmaya devam edece\u011fim&#8221; dedi.<\/p>\n<p style=\"text-align: justify;\">Bitlis&#8217;e, Diyarbak\u0131r&#8217;a da gidece\u011fini bildiren K\u0131l\u0131\u00e7daro\u011flu, \u015funlar\u0131 s\u00f6yledi:<\/p>\n<p style=\"text-align: justify;\">&#8221;Hakkari de bizim, \u0130zmir de bizim. Diyarbak\u0131r da bizim, Edirne de bizim. T\u00fcrkiye&#8217;de \u015fu anda b\u00f6l\u00fcc\u00fcl\u00fck yapan bir ki\u015fi var, o da Recep Tayyip Erdo\u011fan&#8217;d\u0131r. Toplumu ayr\u0131\u015ft\u0131r\u0131yor, toplumu b\u00f6l\u00fcyor. Etnik kimlik a\u00e7\u0131s\u0131ndan b\u00f6l\u00fcyor, inan\u00e7 a\u00e7\u0131s\u0131ndan b\u00f6l\u00fcyor. O istedi\u011fi kadar b\u00f6lmeye \u00e7al\u0131\u015fs\u0131n, biz birle\u015ftirece\u011fiz. Biz b\u00fct\u00fcnle\u015fece\u011fiz. Bir halk\u0131z ve g\u00fc\u00e7l\u00fcy\u00fcz diyece\u011fiz. Uzun s\u00fcredir bir \u00e7a\u011fr\u0131 yap\u0131yorum, uzun s\u00fcredir. Benimle ilgili bir s\u00fcr\u00fc \u015fey s\u00f6yl\u00fcyor, eyvallah. Kendisine diyorum ki ya arkada\u015f senin bir s\u00fcr\u00fc yanda\u015f kanal\u0131n var. Bir s\u00fcr\u00fc televizyonun var, yanda\u015f gazetecin var. Senin istedi\u011fin saatte gel kar\u015f\u0131ma, ben soray\u0131m sen yan\u0131tla. Sen sor ben yan\u0131tlayay\u0131m. Recep Tayyip Erdo\u011fan, Kemal karde\u015finizin kar\u015f\u0131s\u0131na \u00e7\u0131kabilir mi? Bir de bu tarafa soral\u0131m, bakars\u0131n, &#8216;\u00c7\u0131kar&#8217; derler. Ben kendisine diyorum ki, ya arkada\u015f, her konuda her\u015feyi bilmeyebilirsin eyvallah. Arzu ediyorsan Bakanlar Kurulunu al gel, yine tek ba\u015f\u0131ma \u00e7\u0131kaca\u011f\u0131m. \u00c7\u0131kabilir mi? \u00c7\u00fcnk\u00fc \u00e7\u0131kmas\u0131 i\u00e7in 3 tane ko\u015ful laz\u0131m. Bir, ge\u00e7mi\u015fi temiz olacak. \u0130ki, kul hakk\u0131 yemeyecek. \u00dc\u00e7 mangal gibi y\u00fcrek laz\u0131m karde\u015finizin kar\u015f\u0131s\u0131na \u00e7\u0131kmas\u0131 i\u00e7in.<\/p>\n<p style=\"text-align: justify;\">Peki size bir soru, korkak adamdan ba\u015fbakan olur mu? Y\u00fcreksiz insandan ba\u015fbakan olur mu? Ben de onu s\u00f6yl\u00fcyorum. Gel arkada\u015f. Diyor ki, &#8216;Televizyonlara \u00e7\u0131kmayaca\u011f\u0131m.&#8217; Arzu ediyorsa Konya&#8217;da gel beraber kar\u015f\u0131ma, meydanda otural\u0131m, meydanda konu\u015fal\u0131m. \u0130zmir dersem hi\u00e7 gelmez. 81 il benim ilimdir. 81 ilde de ayn\u0131 \u00e7a\u011fr\u0131y\u0131 yapaca\u011f\u0131m. Hangi ilde istiyorsa, orada kar\u015f\u0131ma \u00e7\u0131ks\u0131n.&#8221;<\/p>\n<p style=\"text-align: justify;\">\u0130zmir&#8217;in bu sezon \u00f6nemli bir \u015feye daha imza att\u0131\u011f\u0131n\u0131, G\u00f6ztepe futbol tak\u0131m\u0131n\u0131n Birinci Lige, Alt\u0131nordu&#8217;nun da ikinci lige \u00e7\u0131kt\u0131\u011f\u0131n\u0131 hat\u0131rlatan K\u0131l\u0131\u00e7daro\u011flu, &#8221;Geliyoruz ay\u0131n 12&#8217;sine. \u0130zmir&#8217;in g\u00fcc\u00fcyle \u0130zmir&#8217;in verdi\u011fi m\u00fccadeleyle, T\u00fcrkiye&#8217;de CHP&#8217;yi birinci lige \u00e7\u0131karmaya haz\u0131r m\u0131y\u0131z? Siz haz\u0131rsan\u0131z, Kemal karde\u015finiz de haz\u0131r. Ekiple birlikte haz\u0131r\u0131z. G\u00fczel bir ekibimiz var, hi\u00e7 meraklanmay\u0131n&#8221; diye konu\u015ftu.<\/p>\n<p style=\"text-align: justify;\">Mitinge kat\u0131lanlardan, g\u00fcnde 10 dakika \u00e7al\u0131\u015fmalar\u0131n\u0131 isteyen K\u0131l\u0131\u00e7daro\u011flu, ge\u00e7mi\u015fte hangi partiye oy verirse versin, herkesin ba\u015f\u0131n\u0131n \u00fczerinde yeri oldu\u011funu s\u00f6yledi. T\u00fcrkiye&#8217;nin yeni bir s\u00fcrece girdi\u011fini, b\u00fct\u00fcn ayd\u0131nlar\u0131, yurtseverleri, gelece\u011fe g\u00fcvenle bakmak isteyenleri CHP \u00e7at\u0131s\u0131 alt\u0131na bekledi\u011fini s\u00f6yleyen K\u0131l\u0131\u00e7daro\u011flu, &#8221;Gelin evinize gelin. Yurtseverlerin \u00e7at\u0131s\u0131 alt\u0131nda toplanal\u0131m. T\u00fcrkiye&#8217;yi ayd\u0131nl\u0131\u011fa \u00e7\u0131karal\u0131m&#8221; dedi.<\/p>\n<p style=\"text-align: justify;\"><strong>TA\u015eERON \u0130\u015e\u00c7\u0130LER PANKART A\u00c7TI<\/strong><\/p>\n<p style=\"text-align: justify;\">Ta\u015feronla\u015fmay\u0131 bitireceklerini ifade eden K\u0131l\u0131\u00e7daro\u011flu&#8217;nun konu\u015fmas\u0131 s\u0131ras\u0131nda, Konak Belediyesinde ta\u015feron \u015firkette i\u015ften \u00e7\u0131kar\u0131lan ve 93 g\u00fcnd\u00fcr eylem yapan i\u015f\u00e7iler, &#8221;Ta\u015ferona kar\u015f\u0131 sava\u015f\u0131yoruz. 93 g\u00fcnd\u00fcr eylemdeyiz. K\u0131l\u0131\u00e7daro\u011flu duy sesimizi. Konak Belediyesi ta\u015feron i\u015f\u00e7ileri&#8221; yaz\u0131l\u0131 pankart a\u00e7t\u0131.<\/p>\n<p style=\"text-align: justify;\">\u00dcniversite har\u00e7lar\u0131n\u0131 kald\u0131racaklar\u0131n\u0131 dile getiren K\u0131l\u0131\u00e7daro\u011flu, \u015f\u00f6yle devam etti:<\/p>\n<p style=\"text-align: justify;\">&#8221;Recep Beyin sigortalar\u0131 yine atacak. Ats\u0131n m\u0131? Ben de att\u0131raca\u011f\u0131m sigortas\u0131n\u0131 zaten. &#8216;Paray\u0131 nereden bulacaks\u0131n?&#8217; diyor. Yanda\u015fa gelince para var. 7 g\u00f6be\u011fine, hortumcuya para var. Vatanda\u015fa gelince para yok. Hortumcuya, 7 s\u00fclaleye, yanda\u015fa para yok, vatanda\u015fa var.<\/p>\n<p style=\"text-align: justify;\">Annelere bir s\u00f6z\u00fcm daha var. 1 milyon 700 bin \u00e7ocu\u011funuz s\u0131navlara girdi. \u015eifreci ba\u015flar\u0131, hala oturuyorlar koltuklar\u0131nda. 13&#8217;\u00fcnde yetki vereceksiniz. 14&#8217;\u00fcnde onlar yok olacaklar. Bir adam\u0131n ar damar\u0131 \u00e7atlamam\u0131\u015fsa o koltukta oturur mu? Demek ki ar damar\u0131 \u00e7atlam\u0131\u015f. Ar damar\u0131 \u00e7atlayan bir adam bir koltukta oturur mu? Ge\u00e7enlerde bir karikat\u00fcr vard\u0131. Beyefendinin karikat\u00fcr\u00fcn\u00fc \u00e7izmi\u015fler ama y\u00fcz\u00fc yok. Y\u00fczs\u00fcz. Ne diyelim?<\/p>\n<p style=\"text-align: justify;\">Ge\u00e7en g\u00fcn dedim ki; ben \u00f6zg\u00fcrl\u00fc\u011f\u00fc getirece\u011fim, demokrasiyi getirece\u011fim, ter\u00f6r\u00fc bitirece\u011fim, karde\u015fli\u011fi getirece\u011fim. Yine Recep Beyde sigorta atm\u0131\u015f. Efendim diyor ki &#8216;O \u015fifreyi biliyorsun, form\u00fcl\u00fc biliyorsun, bana ver biz uygulayal\u0131m.&#8217; 9 y\u0131ld\u0131r oturuyorsun \u00fclkenin sorunlar\u0131n\u0131 \u00e7\u00f6zemedin. Benden form\u00fcl istiyorsun.&#8221;<\/p>\n<p style=\"text-align: justify;\"><strong>&#8221;B\u0130R\u0130S\u0130 SANA KEFEN G\u0130YD\u0130RECEKSE KAR\u015eISINDA KEMAL KARDE\u015e\u0130N\u0130 BULACAK&#8221;<\/strong><\/p>\n<p style=\"text-align: justify;\">Ba\u015fbakan Erdo\u011fan&#8217;\u0131n ma\u011fdur edebiyat\u0131 yapt\u0131\u011f\u0131n\u0131 ileri s\u00fcren K\u0131l\u0131\u00e7daro\u011flu, &#8221;\u0130kide bir diyor ki, &#8216;Efendim biz kefenimizi giydik.&#8217; Ne kefeni ya? Kim sana kefen giydirecek? Buradan s\u00f6yl\u00fcyorum, Recep Bey meraklanma. Birisi sana kefen giydirecekse, kar\u015f\u0131s\u0131nda Kemal karde\u015fini bulacak. Biz demokrasiyi istiyoruz, bizim gibi d\u00fc\u015f\u00fcnmeyen insanlara da \u00f6zg\u00fcrl\u00fck tan\u0131yaca\u011f\u0131z, herkes \u00f6zg\u00fcr olacak&#8221; diye konu\u015ftu.<\/p>\n<p style=\"text-align: justify;\">CHP&#8217;nin herkesin partisi oldu\u011funu, kadrolar\u0131n\u0131n bakanlar kurulu \u00e7\u0131karacak kabiliyette oldu\u011funu ifade eden K\u0131l\u0131\u00e7daro\u011flu, kadrolar\u0131n\u0131n hukukun \u00fcst\u00fcnl\u00fc\u011f\u00fcnden yana olaca\u011f\u0131n\u0131 ifade ederek, &#8221;Birilerinin sabah\u0131n k\u00f6r\u00fcnde kap\u0131lar\u0131n\u0131z\u0131 \u00e7al\u0131p sizi tutuklay\u0131p, g\u00f6zalt\u0131na al\u0131p, aylarca i\u00e7erde tutulman\u0131za izin vermeyecekler. Onlar \u015funu d\u00fc\u015f\u00fcn\u00fcyorlar. E\u011fer kap\u0131y\u0131 sabah\u0131n k\u00f6r\u00fcnde birisi \u00e7alacaksa, o polis de\u011fil, s\u00fct\u00e7\u00fc olacakt\u0131r&#8221; dedi.<\/p>\n<p style=\"text-align: justify;\"><strong>M\u0130T\u0130NGDEN NOTLAR<\/strong><\/p>\n<p style=\"text-align: justify;\">G\u00fcndo\u011fdu Meydan\u0131&#8217;na gelen \u0130zmirliler g\u00fcvenlik aramas\u0131n\u0131n ard\u0131ndan alana girdi. Miting alan\u0131n\u0131n deniz kenar\u0131nda \u00e7ok say\u0131da tekne CHP bayraklar\u0131yla mitinge destek verdi. Miting alan\u0131na gelenler meydanda da\u011f\u0131t\u0131lan d\u00fcd\u00fckleri \u00e7ald\u0131. Miting alan\u0131n\u0131n \u00fczerinde u\u00e7an bir helikopterin \u00fczerindeki parti bayra\u011f\u0131 ve T\u00fcrk bayra\u011f\u0131 da dikkati \u00e7ekti.<\/p>\n<p style=\"text-align: justify;\">Miting \u00f6ncesinde sanat\u00e7\u0131 Rutkay Aziz, Ergenekon davas\u0131 tutuklusu olan ve CHP \u0130zmir Milletvekili aday\u0131 gazeteci Mustafa Balbay&#8217;\u0131n selam\u0131n\u0131 ileterek, mektubunu okudu. Milletvekili adaylar\u0131n\u0131n tek tek anons edildi\u011fi mitingde &#8221;Mustafa Balbay aram\u0131zda&#8221; \u015feklinde anons yap\u0131ld\u0131.<\/p>\n<p style=\"text-align: justify;\">\u015eiddetli ya\u011fmur alt\u0131nda yap\u0131lan miting sonunda CHP Lideri K\u0131l\u0131\u00e7daro\u011flu, parti otob\u00fcs\u00fcnden 1. Kordon&#8217;daki vatanda\u015flar\u0131 selamlad\u0131.<\/p>\n<p style=\"text-align: justify;\"><a href=\"http:\/\/www.gazeteport.com.tr\/SIYASET\/NEWS\/GP_912241\" target=\"_blank\">Kaynak : GAZETEPORT<\/a><\/p>\n","protected":false},"excerpt":{"rendered":"<p style=\"text-align: center;\">\n<p style=\"text-align: justify;\">CHP Genel Ba\u015fkan\u0131 Kemal K\u0131l\u0131\u00e7daro\u011flu, \u0130zmir&#8217;in, insanlar\u0131n \u00f6zg\u00fcrce soka\u011fa \u00e7\u0131k\u0131p, \u00f6zg\u00fcrce nefes ald\u0131\u011f\u0131 bir kent oldu\u011funu belirterek, &#8221;\u0130zmir bu nedenle AKP taraf\u0131ndan hazmedilemiyor. &#8216;Nas\u0131l olur da \u0130zmir&#8217;i bask\u0131 alt\u0131na al\u0131r\u0131z, nas\u0131l olur da \u0130zmir&#8217;in \u0130zmirlinin sesini \u00e7\u0131karmay\u0131z&#8217; diye \u00e7al\u0131\u015f\u0131yorlar&#8221; dedi.<\/p>\n","protected":false},"author":1,"featured_media":0,"comment_status":"open","ping_status":"closed","sticky":false,"template":"","format":"standard","meta":{"footnotes":""},"categories":[105],"tags":[],"class_list":["post-33724","post","type-post","status-publish","format-standard","hentry","category-gundem","odd"],"_links":{"self":[{"href":"http:\/\/www.korhanyilmaz.com\/index.php?rest_route=\/wp\/v2\/posts\/33724","targetHints":{"allow":["GET"]}}],"collection":[{"href":"http:\/\/www.korhanyilmaz.com\/index.php?rest_route=\/wp\/v2\/posts"}],"about":[{"href":"http:\/\/www.korhanyilmaz.com\/index.php?rest_route=\/wp\/v2\/types\/post"}],"author":[{"embeddable":true,"href":"http:\/\/www.korhanyilmaz.com\/index.php?rest_route=\/wp\/v2\/users\/1"}],"replies":[{"embeddable":true,"href":"http:\/\/www.korhanyilmaz.com\/index.php?rest_route=%2Fwp%2Fv2%2Fcomments&post=33724"}],"version-history":[{"count":0,"href":"http:\/\/www.korhanyilmaz.com\/index.php?rest_route=\/wp\/v2\/posts\/33724\/revisions"}],"wp:attachment":[{"href":"http:\/\/www.korhanyilmaz.com\/index.php?rest_route=%2Fwp%2Fv2%2Fmedia&parent=33724"}],"wp:term":[{"taxonomy":"category","embeddable":true,"href":"http:\/\/www.korhanyilmaz.com\/index.php?rest_route=%2Fwp%2Fv2%2Fcategories&post=33724"},{"taxonomy":"post_tag","embeddable":true,"href":"http:\/\/www.korhanyilmaz.com\/index.php?rest_route=%2Fwp%2Fv2%2Ftags&post=33724"}],"curies":[{"name":"wp","href":"https:\/\/api.w.org\/{rel}","templated":true}]}}