{"id":33721,"date":"2011-05-28T16:09:12","date_gmt":"2011-05-28T13:09:12","guid":{"rendered":"http:\/\/www.korhanyilmaz.com\/?p=33721"},"modified":"2011-05-28T16:09:12","modified_gmt":"2011-05-28T13:09:12","slug":"bahceli-senin-mitinginde-kim-vardi","status":"publish","type":"post","link":"http:\/\/www.korhanyilmaz.com\/?p=33721","title":{"rendered":"Bah\u00e7eli: &#8220;Senin mitinginde kim vard\u0131?&#8221;"},"content":{"rendered":"<p style=\"text-align: center;\"><a href=\"http:\/\/www.korhanyilmaz.com\/wp-content\/uploads\/2011\/05\/3351.jpg\"  class=\"lightview\"><img loading=\"lazy\" decoding=\"async\" class=\"aligncenter size-full wp-image-33722\" src=\"http:\/\/www.korhanyilmaz.com\/wp-content\/uploads\/2011\/05\/3351.jpg\" alt=\"\" width=\"346\" height=\"266\" \/><\/a><\/p>\n<p style=\"text-align: justify;\">12 Haziran&#8217;a 15 g\u00fcn kala liderler \u015fehir \u015fehir gezmeye devam ediyor. MHP lideri Devlet Bah\u00e7eli D\u00fczce ve Sakarya&#8217;da iki ayr\u0131 miting yapt\u0131. G\u00fcndeminde CHP&#8217;nin Hakkari mitingiyle ba\u015flayan &#8216;ittifak&#8217; tart\u0131\u015fmas\u0131 vard\u0131. Ba\u015fbakan Recep Tayyip Erdo\u011fan&#8217;\u0131n &#8220;Neden CHP-BDP ittifak\u0131na \u00e7\u0131t\u0131n\u0131 \u00e7\u0131karm\u0131yorsun&#8221; sorusuna soruyla kar\u015f\u0131l\u0131k verdi: &#8220;Senin mitinginde kim vard\u0131?&#8221;<!--more--><\/p>\n<p style=\"text-align: justify;\">Bah\u00e7eli, partisinin D\u00fczce&#8217;de Atat\u00fcrk An\u0131t\u0131 \u00f6n\u00fcnde d\u00fczenlenen mitingde halka seslendi.<\/p>\n<p style=\"text-align: justify;\">12 Haziran&#8217;daki se\u00e7imlerin t\u00fcm T\u00fcrkiye&#8217;ye hay\u0131rl\u0131 olmas\u0131n\u0131 dileyen Bah\u00e7eli, se\u00e7imleri &#8220;kav\u015fa\u011fa s\u00fcr\u00fcklenmi\u015f T\u00fcrkiye i\u00e7in karar an\u0131 ve d\u00f6n\u00fcm noktas\u0131&#8221; olarak nitelendirdi.<\/p>\n<p style=\"text-align: justify;\">T\u00fcrkiye&#8217;de ter\u00f6r \u00f6rg\u00fct\u00fcn\u00fcn her yerde eylem i\u00e7inde oldu\u011funu ifade eden Bah\u00e7eli, \u015funlar\u0131 s\u00f6yledi:<\/p>\n<p style=\"text-align: justify;\">&#8220;\u0130stanbul&#8217;da eylemde, Diyarbak\u0131r&#8217;da eylemde, Hakkari&#8217;de eylemde. Ama Say\u0131n Ba\u015fbakan ter\u00f6rle m\u00fccadelede \u00fcst\u00fcn ba\u015far\u0131 sa\u011flayaca\u011f\u0131 yerde partileri su\u00e7luyor. &#8216;Senin mitinginde \u015funlar vard\u0131&#8217; diyor. Peki seninkinde kim vard\u0131? Bunlar\u0131n \u00fczerinde hi\u00e7 durmuyorsun. Ter\u00f6r\u00fcn k\u00f6k\u00fcn\u00fc kaz\u0131mak gibi bir gayretin i\u00e7ine girmiyorsun, demokratik a\u00e7\u0131l\u0131m z\u0131rvas\u0131 ile memleketi etnik k\u00f6kenli b\u00f6l\u00fcnmeye do\u011fru g\u00f6t\u00fcr\u00fcyorsun.<\/p>\n<p style=\"text-align: justify;\">Bunlarla ilgili de 12 Haziran \u00f6ncesi Anayasa de\u011fi\u015fikli\u011fi yapaca\u011f\u0131n\u0131, ileri demokrasi, \u00f6zg\u00fcrl\u00fck kavramlar\u0131n\u0131 \u00f6ne \u00e7\u0131kartarak yine vatanda\u015f\u0131 aldatarak, kand\u0131rarak se\u00e7imlerden sonu\u00e7 almaya \u00e7al\u0131\u015f\u0131yorsun. B\u00fct\u00fcn bunlar bu \u015fekliyle devam ederken b\u00fcy\u00fck s\u0131k\u0131nt\u0131larda beraberinde geliyor. Bu b\u00f6yle devam etmemeli, devam edemez. Hangi partiden olursak olal\u0131m hepimiz bu \u00fclkede ya\u015f\u0131yoruz. Yanl\u0131\u015f y\u00f6netimler sadece muhalefet oyu kullanm\u0131\u015f vatanda\u015flar\u0131 ezmiyor, iktidar\u0131n \u00fcst kademedeki yak\u0131nlar\u0131, yalakalar\u0131, hanedanlar\u0131n\u0131n d\u0131\u015f\u0131nda o partiye oy verip de hala i\u015fsiz ve yoksul kalan vatanda\u015flar\u0131m\u0131z\u0131 da eziyor. \u00d6yleyse bu iktidar\u0131n \u00fc\u00e7\u00fcnc\u00fc d\u00f6neminin olmamas\u0131 laz\u0131m.&#8221;<\/p>\n<p style=\"text-align: justify;\"><strong>&#8220;Altlar\u0131nda cipler var&#8221; <\/strong><\/p>\n<p style=\"text-align: justify;\">T\u00fcrkiye n\u00fcfusunun y\u00fczde 46&#8217;s\u0131n\u0131n mevcut geliriyle ge\u00e7inemedi\u011fini, y\u00fczde 43&#8217;\u00fcn\u00fcn \u00e7ocuklar\u0131na ve kendisine yeni k\u0131yafet alamad\u0131\u011f\u0131n\u0131, y\u00fczde 38&#8217;inin yeterli \u0131s\u0131namad\u0131\u011f\u0131n\u0131, y\u00fczde 57&#8217;sinin bor\u00e7land\u0131\u011f\u0131n\u0131, bor\u00e7lananlar\u0131n da yar\u0131s\u0131n\u0131n borcunu \u00f6deyemez duruma geldi\u011fini savunan Bah\u00e7eli, \u015funlar\u0131 s\u00f6yledi:<\/p>\n<p style=\"text-align: justify;\">&#8220;B\u00f6yle bir T\u00fcrkiye&#8217;de Adalet ve Kalk\u0131nma Partisi&#8217;nin \u00fc\u00e7\u00fcnc\u00fc d\u00f6neminin olmamas\u0131 laz\u0131m. Ama bunlar \u00fc\u00e7\u00fcnc\u00fc d\u00f6nem iktidarlar\u0131n\u0131 mutlaka sa\u011flamak istiyorlar. Bu kadar ba\u015far\u0131s\u0131zl\u0131\u011fa ra\u011fmen \u00e7\u0131rakl\u0131klar\u0131nda, kalfal\u0131klar\u0131nda hi\u00e7 eser yokken, ustal\u0131\u011fa soyunanlara sormak laz\u0131m. (9 y\u0131lda ne \u00e7\u0131rak olmu\u015fsun ne kalfa olmu\u015fsun, hayali ustal\u0131kla da milleti kand\u0131rmaktan vazge\u00e7 art\u0131k) demek laz\u0131m.<\/p>\n<p style=\"text-align: justify;\">Bunlar bir yolunu bulmu\u015flar. Nedir o? Bir mutlu az\u0131nl\u0131\u011f\u0131m\u0131z var, bu mutlu az\u0131nl\u0131k da yeni AKP&#8217;li zenginler grubu. D\u00fcn at arabas\u0131 yokken bug\u00fcn \u00e7ocuklar\u0131n\u0131n alt\u0131ndan son model Land Rower cipleri var. Ortado\u011fu sultanlar\u0131na heveslenerek evlerini buna g\u00f6re dizayn etmeye ba\u015flam\u0131\u015flar ama AKP&#8217;ye oy veren vatanda\u015flar hala gecekondu da. \u015eimdi de &#8216;kentsel d\u00f6n\u00fc\u015f\u00fcm&#8217; ad\u0131 alt\u0131nda gecekondulara el koyup kendi m\u00fcteahhitlerine vererek yeni rant kap\u0131lar\u0131n\u0131 kendi m\u00fcteahhitlerine a\u00e7\u0131yorlar.&#8221;<\/p>\n<p style=\"text-align: justify;\"><strong>Sakarya mitingi<\/strong><\/p>\n<p style=\"text-align: justify;\">MHP lideri ikinci dura\u011f\u0131 Sakarya&#8217;da da ele\u015ftiri oklar\u0131n\u0131n hedefine Ba\u015fbakan Erdo\u011fan&#8217;\u0131 ald\u0131.<\/p>\n<p style=\"text-align: justify;\">MHP lideri ikinci dura\u011f\u0131 olan Sakarya&#8217;da ise se\u00e7menlere &#8220;AK Parti&#8217;ye oy vermeyin&#8221; \u00e7a\u011fr\u0131s\u0131nda bulundu.<\/p>\n<p style=\"text-align: justify;\">Bah\u00e7eli Ba\u015fbakan&#8217;\u0131n \u0130stanbul ve Ankara i\u00e7in a\u00e7\u0131klad\u0131\u011f\u0131 \u00e7\u0131lg\u0131n projeleri de a\u011f\u0131r bir dille ele\u015ftirdi.<\/p>\n<p style=\"text-align: justify;\"><a href=\"http:\/\/www.cnnturk.com\/2011\/turkiye\/05\/28\/bahceli.senin.mitinginde.kim.vardi\/618195.0\/index.html\" target=\"_blank\">Kaynak : CNN T\u00dcRK<\/a><\/p>\n","protected":false},"excerpt":{"rendered":"<p style=\"text-align: center;\">\n<p style=\"text-align: justify;\">12 Haziran&#8217;a 15 g\u00fcn kala liderler \u015fehir \u015fehir gezmeye devam ediyor. MHP lideri Devlet Bah\u00e7eli D\u00fczce ve Sakarya&#8217;da iki ayr\u0131 miting yapt\u0131. G\u00fcndeminde CHP&#8217;nin Hakkari mitingiyle ba\u015flayan &#8216;ittifak&#8217; tart\u0131\u015fmas\u0131 vard\u0131. Ba\u015fbakan Recep Tayyip Erdo\u011fan&#8217;\u0131n &#8220;Neden CHP-BDP ittifak\u0131na \u00e7\u0131t\u0131n\u0131 \u00e7\u0131karm\u0131yorsun&#8221; sorusuna soruyla kar\u015f\u0131l\u0131k verdi: &#8220;Senin mitinginde kim vard\u0131?&#8221;<\/p>\n","protected":false},"author":1,"featured_media":0,"comment_status":"open","ping_status":"closed","sticky":false,"template":"","format":"standard","meta":{"footnotes":""},"categories":[105],"tags":[],"class_list":["post-33721","post","type-post","status-publish","format-standard","hentry","category-gundem","odd"],"_links":{"self":[{"href":"http:\/\/www.korhanyilmaz.com\/index.php?rest_route=\/wp\/v2\/posts\/33721","targetHints":{"allow":["GET"]}}],"collection":[{"href":"http:\/\/www.korhanyilmaz.com\/index.php?rest_route=\/wp\/v2\/posts"}],"about":[{"href":"http:\/\/www.korhanyilmaz.com\/index.php?rest_route=\/wp\/v2\/types\/post"}],"author":[{"embeddable":true,"href":"http:\/\/www.korhanyilmaz.com\/index.php?rest_route=\/wp\/v2\/users\/1"}],"replies":[{"embeddable":true,"href":"http:\/\/www.korhanyilmaz.com\/index.php?rest_route=%2Fwp%2Fv2%2Fcomments&post=33721"}],"version-history":[{"count":0,"href":"http:\/\/www.korhanyilmaz.com\/index.php?rest_route=\/wp\/v2\/posts\/33721\/revisions"}],"wp:attachment":[{"href":"http:\/\/www.korhanyilmaz.com\/index.php?rest_route=%2Fwp%2Fv2%2Fmedia&parent=33721"}],"wp:term":[{"taxonomy":"category","embeddable":true,"href":"http:\/\/www.korhanyilmaz.com\/index.php?rest_route=%2Fwp%2Fv2%2Fcategories&post=33721"},{"taxonomy":"post_tag","embeddable":true,"href":"http:\/\/www.korhanyilmaz.com\/index.php?rest_route=%2Fwp%2Fv2%2Ftags&post=33721"}],"curies":[{"name":"wp","href":"https:\/\/api.w.org\/{rel}","templated":true}]}}