{"id":33709,"date":"2011-05-27T22:28:15","date_gmt":"2011-05-27T19:28:15","guid":{"rendered":"http:\/\/www.korhanyilmaz.com\/?p=33709"},"modified":"2011-05-27T22:28:15","modified_gmt":"2011-05-27T19:28:15","slug":"akpli-baskani-pkklilar-kacirdi","status":"publish","type":"post","link":"http:\/\/www.korhanyilmaz.com\/?p=33709","title":{"rendered":"AKP&#8217;li ba\u015fkan\u0131 PKK&#8217;l\u0131lar ka\u00e7\u0131rd\u0131"},"content":{"rendered":"<p style=\"text-align: justify;\"><a href=\"http:\/\/www.korhanyilmaz.com\/wp-content\/uploads\/2011\/05\/3331.jpg\"  class=\"lightview\"><img loading=\"lazy\" decoding=\"async\" class=\"aligncenter size-full wp-image-33710\" src=\"http:\/\/www.korhanyilmaz.com\/wp-content\/uploads\/2011\/05\/3331.jpg\" alt=\"\" width=\"260\" height=\"198\" \/><\/a><\/p>\n<p style=\"text-align: justify;\">Diyarbak\u0131r&#8217;\u0131n Hazro \u0130l\u00e7esi&#8217;nin Ak Partili Belediye Ba\u015fkan\u0131 Fethullah Mehmeto\u011flu&#8217;nun o\u011flu ve Ak Parti \u0130l\u00e7e 2&#8217;inci Ba\u015fkan\u0131 Fuat Mehmeto\u011flu, d\u00fcn gece PKK&#8217;l\u0131 ter\u00f6ristler taraf\u0131ndan ka\u00e7\u0131r\u0131ld\u0131.<\/p>\n<p style=\"text-align: justify;\">D\u0130YARBAKIR &#8211; Ba\u015fbakan Recep Tayyip Erdo\u011fan bug\u00fcnk\u00fc Ayd\u0131n mitinginde de, partisinin ter\u00f6r \u00f6rg\u00fct\u00fcn\u00fcn hedefinde oldu\u011funu belirterek, isim vermeden, Bir il\u00e7e ba\u015fkan\u0131n\u0131n o\u011flunun ter\u00f6r \u00f6rg\u00fct\u00fcnce ka\u00e7\u0131r\u0131ld\u0131\u011f\u0131n\u0131 s\u00f6ylemi\u015fti. <!--more--><\/p>\n<p style=\"text-align: justify;\">Diyarbak\u0131r Valili\u011fi, Hazro \u0130l\u00e7esi&#8217;nin Ak Partili Belediye Ba\u015fkan\u0131 Fethullah Mehmeto\u011flu&#8217;nun o\u011flu ve Ak Parti \u0130l\u00e7esi 2&#8217;inci Ba\u015fkan\u0131 Fuat Mehmeto\u011flu&#8217;nun PKK&#8217;l\u0131 ter\u00f6ristler taraf\u0131ndan d\u00fcn gece ka\u00e7\u0131r\u0131ld\u0131\u011f\u0131n\u0131 a\u00e7\u0131klad\u0131. Olay, d\u00fcn saat 23.30 s\u0131ralar\u0131nda Diyarbak\u0131r-Bing\u00f6l karayolunun Kocak\u00f6y-G\u00f6k\u00e7en K\u00f6y\u00fc yol ayr\u0131m\u0131nda bir arac\u0131n yand\u0131\u011f\u0131 ihbar\u0131 \u00fczerine jandarma ekiplerinin olay yerine gitmesiyle ortaya \u00e7\u0131kt\u0131. Ekipler yanan arac\u0131 s\u00f6nd\u00fcrd\u00fckten sonra yapt\u0131\u011f\u0131 incelemede ara\u00e7 \u015f\u00fcr\u00fcc\u00fcs\u00fcn\u00fcn Hazro Belediye Ba\u015fkan\u0131 Fethullah Mehmeto\u011flu&#8217;nun o\u011flu Fuat Mehmeto\u011flu oldu\u011funu belirledi.<\/p>\n<p style=\"text-align: justify;\">Diyarbak\u0131r Valili\u011fi, olayla ilgili yapt\u0131\u011f\u0131 a\u00e7\u0131klamada, &#8220;Arac\u0131n b\u00f6l\u00fcm\u00fc ter\u00f6r \u00f6rg\u00fct\u00fc mensuplar\u0131nca ate\u015fe verildi\u011fi ve ara\u00e7 \u015fof\u00f6r\u00fc Fuat Mehmeto\u011flu&#8217;nu da ka\u00e7\u0131rd\u0131klar\u0131 anla\u015f\u0131lm\u0131\u015ft\u0131r. Fuat Mehmeto\u011flu&#8217;nun bulunmas\u0131na y\u00f6nelik olarak yap\u0131lan ara\u015ft\u0131rma, soru\u015fturma ve takibe halen devam edilmektedir&#8221; denildi.<\/p>\n<p style=\"text-align: justify;\">Ba\u015fbakan Recep Tayyip Erdo\u011fan da bug\u00fcnk\u00fc Ayd\u0131n mitinginde, partisinin ter\u00f6r \u00f6rg\u00fct\u00fcn\u00fcn hedefinde oldu\u011funu belirterek, isim vermeden bir il\u00e7e ba\u015fkan\u0131n\u0131n o\u011flunun ter\u00f6r \u00f6rg\u00fct\u00fcnce ka\u00e7\u0131r\u0131ld\u0131\u011f\u0131n\u0131 s\u00f6ylemi\u015fti.<\/p>\n<p style=\"text-align: justify;\"><a href=\"http:\/\/www.gazeteport.com.tr\/GUNCEL\/NEWS\/GP_911814\" target=\"_blank\">Kaynak : GAZETEPORT<\/a><\/p>\n","protected":false},"excerpt":{"rendered":"<p style=\"text-align: justify;\">\n<p style=\"text-align: justify;\">Diyarbak\u0131r&#8217;\u0131n Hazro \u0130l\u00e7esi&#8217;nin Ak Partili Belediye Ba\u015fkan\u0131 Fethullah Mehmeto\u011flu&#8217;nun o\u011flu ve Ak Parti \u0130l\u00e7e 2&#8217;inci Ba\u015fkan\u0131 Fuat Mehmeto\u011flu, d\u00fcn gece PKK&#8217;l\u0131 ter\u00f6ristler taraf\u0131ndan ka\u00e7\u0131r\u0131ld\u0131.<\/p>\n<p style=\"text-align: justify;\">D\u0130YARBAKIR &#8211; Ba\u015fbakan Recep Tayyip Erdo\u011fan bug\u00fcnk\u00fc Ayd\u0131n mitinginde de, partisinin ter\u00f6r \u00f6rg\u00fct\u00fcn\u00fcn hedefinde oldu\u011funu belirterek, isim vermeden, Bir il\u00e7e ba\u015fkan\u0131n\u0131n o\u011flunun ter\u00f6r \u00f6rg\u00fct\u00fcnce <\/p>\n","protected":false},"author":1,"featured_media":0,"comment_status":"open","ping_status":"closed","sticky":false,"template":"","format":"standard","meta":{"footnotes":""},"categories":[105],"tags":[],"class_list":["post-33709","post","type-post","status-publish","format-standard","hentry","category-gundem","odd"],"_links":{"self":[{"href":"http:\/\/www.korhanyilmaz.com\/index.php?rest_route=\/wp\/v2\/posts\/33709","targetHints":{"allow":["GET"]}}],"collection":[{"href":"http:\/\/www.korhanyilmaz.com\/index.php?rest_route=\/wp\/v2\/posts"}],"about":[{"href":"http:\/\/www.korhanyilmaz.com\/index.php?rest_route=\/wp\/v2\/types\/post"}],"author":[{"embeddable":true,"href":"http:\/\/www.korhanyilmaz.com\/index.php?rest_route=\/wp\/v2\/users\/1"}],"replies":[{"embeddable":true,"href":"http:\/\/www.korhanyilmaz.com\/index.php?rest_route=%2Fwp%2Fv2%2Fcomments&post=33709"}],"version-history":[{"count":0,"href":"http:\/\/www.korhanyilmaz.com\/index.php?rest_route=\/wp\/v2\/posts\/33709\/revisions"}],"wp:attachment":[{"href":"http:\/\/www.korhanyilmaz.com\/index.php?rest_route=%2Fwp%2Fv2%2Fmedia&parent=33709"}],"wp:term":[{"taxonomy":"category","embeddable":true,"href":"http:\/\/www.korhanyilmaz.com\/index.php?rest_route=%2Fwp%2Fv2%2Fcategories&post=33709"},{"taxonomy":"post_tag","embeddable":true,"href":"http:\/\/www.korhanyilmaz.com\/index.php?rest_route=%2Fwp%2Fv2%2Ftags&post=33709"}],"curies":[{"name":"wp","href":"https:\/\/api.w.org\/{rel}","templated":true}]}}