{"id":33696,"date":"2011-05-28T10:27:27","date_gmt":"2011-05-28T07:27:27","guid":{"rendered":"http:\/\/www.korhanyilmaz.com\/?p=33696"},"modified":"2011-05-28T10:27:27","modified_gmt":"2011-05-28T07:27:27","slug":"erbakan-ampule-ususen-sinek-olmadik","status":"publish","type":"post","link":"http:\/\/www.korhanyilmaz.com\/?p=33696","title":{"rendered":"Erbakan: &#8220;Ampule \u00fc\u015f\u00fc\u015fen sinek olmad\u0131k&#8221;"},"content":{"rendered":"<p style=\"text-align: center;\"><a href=\"http:\/\/www.korhanyilmaz.com\/wp-content\/uploads\/2011\/05\/3301.jpg\"  class=\"lightview\"><img loading=\"lazy\" decoding=\"async\" class=\"aligncenter size-full wp-image-33697\" src=\"http:\/\/www.korhanyilmaz.com\/wp-content\/uploads\/2011\/05\/3301.jpg\" alt=\"\" width=\"307\" height=\"236\" \/><\/a><\/p>\n<p style=\"text-align: justify;\">Saadet Partisi lideri merhum Necmettin Erbakan&#8217;\u0131n k\u0131z\u0131 Elif Erbakan Alt\u0131n\u00f6z, AK Parti&#8217;ye &#8220;Ampule \u00fc\u015f\u00fc\u015fen sinekler gibi menfaatlerimizin pe\u015finden gidenlerden olmad\u0131k&#8221; s\u00f6zleriyle y\u00fcklendi.<\/p>\n<p style=\"text-align: justify;\">Saadet Partisi Genel \u0130dare Kurulu \u00fcyesi Elif Erbakan Alt\u0131n\u00f6z, kad\u0131n kollar\u0131nca d\u00fczenlenen etkinlikte konu\u015ftu. <!--more--><\/p>\n<p style=\"text-align: justify;\">Babas\u0131 Necmettin Erbakan&#8217;\u0131 3 ay \u00f6nce kaybettiklerini an\u0131msatan Elif Erbakan, \u015f\u00f6yle konu\u015ftu:<\/p>\n<p style=\"text-align: justify;\">&#8220;Sizlerle ayn\u0131 ac\u0131y\u0131 payla\u015f\u0131yoruz. Sadece kan ba\u011f\u0131yla ba\u011fl\u0131 oldu\u011fumuz babam\u0131z\u0131 de\u011fil, sizin gibi davam\u0131z\u0131n liderini kaybettik. B\u00fcy\u00fck ac\u0131 ya\u015fad\u0131k ama ac\u0131n\u0131n ard\u0131ndan bakt\u0131\u011f\u0131m\u0131zda \u015f\u00fckrolsun ki kendisin sa\u011fl\u0131\u011f\u0131nda kendisinin g\u00f6z\u00fcn\u00fcn i\u00e7ine baka baka ihanet edenlerden olmad\u0131k elhamd\u00fclillah. Bizim i\u00e7in en b\u00fcy\u00fck teselli kayna\u011f\u0131 budur.<\/p>\n<p style=\"text-align: justify;\">Bu \u00e7at\u0131n\u0131n alt\u0131nda kalanlar, hala her t\u00fcrl\u00fc zorlu\u011fa ra\u011fmen, bu \u00e7at\u0131n\u0131n alt\u0131nda bulunanlar ger\u00e7ek sad\u0131klardand\u0131r. Gitmedik ve gitmeyece\u011fiz. Peki neden inatla hala burada durmaya devam ediyoruz? D\u00fcnya menfaatleri elde edece\u011fimiz halde, tabirimi mazur g\u00f6r\u00fcn ki bir grup \u0131\u015f\u0131\u011fa, ampule \u00fc\u015f\u00fc\u015fen sinekler gibi menfaatlerimizin pe\u015finden gidenlerden olmad\u0131k da neden hala buraday\u0131z? Bunun cevab\u0131 ya\u015fant\u0131m\u0131z\u0131n gayesidir.<\/p>\n<p style=\"text-align: justify;\">Bize neden s\u00fcrekli AKP&#8217;yi ele\u015ftiriyorsunuz, \u00f6nceden birlikte \u00e7al\u0131\u015fmad\u0131n\u0131z m\u0131 diyorlar. Babama sorduklar\u0131nda &#8216;Onlar\u0131 seviyorum ama vatan\u0131m\u0131z\u0131 daha \u00e7ok seviyorum&#8217; demi\u015fti&#8221;<\/p>\n<p style=\"text-align: justify;\"><a href=\"http:\/\/www.cnnturk.com\/2011\/turkiye\/05\/28\/erbakan.ampule.ususen.sinek.olmadik\/618175.0\/index.html\" target=\"_blank\">Kaynak : CNN T\u00dcRK<\/a><\/p>\n","protected":false},"excerpt":{"rendered":"<p style=\"text-align: center;\">\n<p style=\"text-align: justify;\">Saadet Partisi lideri merhum Necmettin Erbakan&#8217;\u0131n k\u0131z\u0131 Elif Erbakan Alt\u0131n\u00f6z, AK Parti&#8217;ye &#8220;Ampule \u00fc\u015f\u00fc\u015fen sinekler gibi menfaatlerimizin pe\u015finden gidenlerden olmad\u0131k&#8221; s\u00f6zleriyle y\u00fcklendi.<\/p>\n<p style=\"text-align: justify;\">Saadet Partisi Genel \u0130dare Kurulu \u00fcyesi Elif Erbakan Alt\u0131n\u00f6z, kad\u0131n kollar\u0131nca d\u00fczenlenen etkinlikte konu\u015ftu. <\/p>\n","protected":false},"author":1,"featured_media":0,"comment_status":"open","ping_status":"closed","sticky":false,"template":"","format":"standard","meta":{"footnotes":""},"categories":[105],"tags":[],"class_list":["post-33696","post","type-post","status-publish","format-standard","hentry","category-gundem","odd"],"_links":{"self":[{"href":"http:\/\/www.korhanyilmaz.com\/index.php?rest_route=\/wp\/v2\/posts\/33696","targetHints":{"allow":["GET"]}}],"collection":[{"href":"http:\/\/www.korhanyilmaz.com\/index.php?rest_route=\/wp\/v2\/posts"}],"about":[{"href":"http:\/\/www.korhanyilmaz.com\/index.php?rest_route=\/wp\/v2\/types\/post"}],"author":[{"embeddable":true,"href":"http:\/\/www.korhanyilmaz.com\/index.php?rest_route=\/wp\/v2\/users\/1"}],"replies":[{"embeddable":true,"href":"http:\/\/www.korhanyilmaz.com\/index.php?rest_route=%2Fwp%2Fv2%2Fcomments&post=33696"}],"version-history":[{"count":0,"href":"http:\/\/www.korhanyilmaz.com\/index.php?rest_route=\/wp\/v2\/posts\/33696\/revisions"}],"wp:attachment":[{"href":"http:\/\/www.korhanyilmaz.com\/index.php?rest_route=%2Fwp%2Fv2%2Fmedia&parent=33696"}],"wp:term":[{"taxonomy":"category","embeddable":true,"href":"http:\/\/www.korhanyilmaz.com\/index.php?rest_route=%2Fwp%2Fv2%2Fcategories&post=33696"},{"taxonomy":"post_tag","embeddable":true,"href":"http:\/\/www.korhanyilmaz.com\/index.php?rest_route=%2Fwp%2Fv2%2Ftags&post=33696"}],"curies":[{"name":"wp","href":"https:\/\/api.w.org\/{rel}","templated":true}]}}