{"id":33692,"date":"2011-05-28T12:30:43","date_gmt":"2011-05-28T09:30:43","guid":{"rendered":"http:\/\/www.korhanyilmaz.com\/?p=33692"},"modified":"2011-05-28T12:30:43","modified_gmt":"2011-05-28T09:30:43","slug":"tekinden-arinca-bu-nasil-bir-usluptur","status":"publish","type":"post","link":"http:\/\/www.korhanyilmaz.com\/?p=33692","title":{"rendered":"Tekin&#8217;den Ar\u0131n\u00e7&#8217;a: Bu nas\u0131l bir \u00fcsluptur?"},"content":{"rendered":"<p style=\"text-align: center;\"><a href=\"http:\/\/www.korhanyilmaz.com\/wp-content\/uploads\/2011\/05\/329.jpg\"  class=\"lightview\"><img loading=\"lazy\" decoding=\"async\" class=\"aligncenter size-full wp-image-33693\" src=\"http:\/\/www.korhanyilmaz.com\/wp-content\/uploads\/2011\/05\/329.jpg\" alt=\"\" width=\"360\" height=\"180\" \/><\/a><\/p>\n<p style=\"text-align: justify;\">CHP Genel Ba\u015fkan Yard\u0131mc\u0131s\u0131 G\u00fcrsel Tekin, &#8220;Kafalar fa\u015fist kafa. \u00d6yle bug\u00fcnden yar\u0131na demokrasiyi kavramak kolay de\u011fildir. Benden olmuyorsan bertaraf olacaks\u0131n. Bizde tam tersine&#8221; dedi. <!--more--><\/p>\n<p style=\"text-align: justify;\">Tekin, partisinin se\u00e7im \u00e7al\u0131\u015fmalar\u0131 i\u00e7in geldi\u011fi Malatya\u2019da d\u00fczenledi\u011fi bas\u0131n toplant\u0131s\u0131nda, bir gazetecinin Devlet Bakan\u0131 ve Ba\u015fbakan Yard\u0131mc\u0131s\u0131 B\u00fclent Ar\u0131n\u00e7\u2019\u0131n d\u00fcnk\u00fc konu\u015fmas\u0131na ili\u015fkin sorusu \u00fczerine, &#8220;B\u00fclent \u2019arlin\u00e7.\u2019 B\u00fclent \u2019arlin\u00e7\u2019 ile ilgili do\u011frusu tabii \u015fa\u015fk\u0131nl\u0131k i\u00e7indeyim. Bir ar taraf\u0131 vard\u0131r. Ar taraf\u0131n\u0131 destekliyorum. Ar taraf\u0131 \u00f6zellikle Deniz Feneri ile ilgili AKP\u2019de hi\u00e7 kimse rahats\u0131z olmazken B\u00fclent Ar\u0131n\u00e7, B\u00fclent \u2019arlin\u00e7\u2019, ar taraf\u0131 tutarak dedi ki, \u2019ben bu Deniz Feneri konusunda rahats\u0131z\u0131m.\u2019 Yine imar konusundaki yolsuzluklarda rahats\u0131z oldu\u011funu ifade etmi\u015fti. Yolsuzluklar konusundaki hassasiyetini biliyorum. \u2019Bizimkiler m\u00fccahitken hepsi m\u00fcteahhit oldu\u2019 yine say\u0131n \u2019ar\u2019\u0131n duru\u015flar\u0131 idi. Bu duru\u015flar\u0131 ger\u00e7ekten destekliyorum ama son, d\u00fcnk\u00fc demeci do\u011frusu sivil toplum \u00f6rg\u00fct\u00fc ba\u015f\u0131ndaki bir kad\u0131na s\u00f6ylenebilecek kelime midir? Bu konuda esefle k\u0131n\u0131yorum say\u0131n \u2019lin\u00e7\u2019i, arlin\u00e7i&#8221; diye konu\u015ftu.<\/p>\n<p style=\"text-align: justify;\">AK Parti\u2019nin sanat deyince ve yasaklar kald\u0131r\u0131ls\u0131n deyince akl\u0131na &#8220;porno&#8221; geldi\u011fini iddia eden Tekin, \u015f\u00f6yle devam etti:<\/p>\n<p style=\"text-align: justify;\">&#8220;Bunu anlamakta zorluk \u00e7ekiyoruz. Bu nas\u0131l bir \u00fcsluptur? Bu yasak\u00e7\u0131 bir anlay\u0131\u015f. \u0130nsanlar\u0131n d\u00fc\u015f\u00fcncelerine tahamm\u00fcl edemeyen bir anlay\u0131\u015f\u0131 \u015fiddetle k\u0131n\u0131yorum. Lin\u00e7 anlay\u0131\u015f\u0131 AKP\u2019nin k\u00fclt\u00fcr\u00fcne yerle\u015fmi\u015f. Heykel deyince ak\u0131llar\u0131na ba\u015fka \u015feyler geliyor. Elleri yolsuzluk i\u00e7inde. Dillerini g\u00f6r\u00fcyorsunuz, herkese sald\u0131ran bir dil anlay\u0131\u015f\u0131 i\u00e7erisinde. Kafalar\u0131 da belden a\u015fa\u011f\u0131 \u00e7al\u0131\u015f\u0131yor. Ne s\u00f6ylerseniz s\u00f6yleyin sanat deyince porno ve seks geliyor ak\u0131llar\u0131na. Bu lin\u00e7 anlay\u0131\u015f\u0131, yani B\u00fclent \u2019arlin\u00e7\u2019 olarak de\u011fi\u015ftiriyorum soyad\u0131n\u0131.&#8221;<\/p>\n<p style=\"text-align: justify;\">CHP\u2019nin G\u00fcneydo\u011fu Anadolu B\u00f6lgesi\u2019ndeki baz\u0131 kentlerdeki mitinglerine ili\u015fkin soru \u00fczerine Tekin, &#8220;Say\u0131n K\u0131l\u0131\u00e7daro\u011flu \u2019Say\u0131n Ba\u015fbakan\u2019\u0131n kimyas\u0131n\u0131 bozaca\u011f\u0131m\u2019 demi\u015fti. Ger\u00e7ekten bozuldu. Say\u0131n Ba\u015fbakan bir\u00e7ok arg\u00fcman kulland\u0131. B\u00fct\u00fcn liderlere hakaret etti. Eski Cumhurba\u015fkan\u0131\u2019na \u2019\u00e7ete ba\u015f\u0131\u2019 dedi. Anamuhalefet liderine \u2019al\u00e7ak\u2019, muhalefet liderine \u2019\u015ferefsiz\u2019 dedi. Bunlar yetmedi CHP\u2019nin tarihi ile hesapla\u015fmaya ba\u015flad\u0131. Bu topraklar\u0131n yeti\u015ftirmi\u015f oldu\u011fu \u00f6nemli bir devlet adam\u0131 \u0130smet \u0130n\u00f6n\u00fc\u2019ye dil uzatt\u0131. \u015eimdi mitingleri fi\u015flemeye ba\u015flad\u0131. Siyasi partilerin mitinglerine herkes gelebilir. Herkese a\u00e7\u0131kt\u0131r. Biz kimlerin gelip gelmeyece\u011finin sicillerine bakacak durumda de\u011filiz&#8221; diye konu\u015ftu.<\/p>\n<p style=\"text-align: justify;\">Mitinge gelen ki\u015filerin oylar\u0131na da de\u011finen Tekin, \u015funlar\u0131 s\u00f6yledi:<\/p>\n<p style=\"text-align: justify;\">&#8220;Biz Rize\u2019de 11 bin oy alm\u0131\u015fken 20 bin ki\u015filik miting yapt\u0131k. \u015eimdi Say\u0131n Ba\u015fbakan\u2019a sorar\u0131m; bu 9 bin ki\u015fi BDP\u2019li mi, AKP\u2019li mi? B\u00f6yle bir anlay\u0131\u015f olabilir mi? G\u00fcm\u00fc\u015fhane\u2019de ald\u0131\u011f\u0131m\u0131z oya bakt\u0131\u011f\u0131m\u0131zda mitinge gelen insanlar\u0131n say\u0131s\u0131 daha fazla. Bayburt\u2019ta yine \u00f6yle. T\u00fcrkiye\u2019nin d\u00f6rt bir yan\u0131nda, sadece buras\u0131 ile ilgili de\u011fil. Bu da Say\u0131n Ba\u015fbakan\u2019\u0131n toplumu nas\u0131l b\u00f6ld\u00fc\u011f\u00fcn\u00fc, nas\u0131l \u00f6tekile\u015ftirdi\u011fini, o kafalar\u0131ndaki zihniyetin nas\u0131l ortaya \u00e7\u0131kt\u0131\u011f\u0131n\u0131 g\u00f6steriyor.<\/p>\n<p style=\"text-align: justify;\">\u0130nsanlar\u0131 ayr\u0131\u015ft\u0131ran, \u00f6tekile\u015ftiren, hakaret eden b\u00f6yle bir anlay\u0131\u015f olabilir mi? Yani onlar\u0131 zumlayacaks\u0131n\u0131z, fi\u015fleyeceksiniz. Bu fi\u015fleme d\u00f6nemi cunta d\u00f6neminde vard\u0131. \u015eimdi bir de AKP d\u00f6neminde tarihe ge\u00e7ecektir.&#8221;<\/p>\n<p style=\"text-align: justify;\">CHP Genel Ba\u015fkan\u0131 Kemal K\u0131l\u0131\u00e7daro\u011flu\u2019nun Ba\u015fbakan Recep Tayyip Erdo\u011fan\u2019a &#8220;Recep Bey&#8221; diye hitap etti\u011fini belirten Tekin, &#8220;Bir insan kendi isminden utanmaz. Say\u0131n Ba\u015fbakan \u2019al\u00e7ak\u2019, \u2019\u015ferefsiz\u2019, \u2019\u00e7ete ba\u015f\u0131\u2019 diyor, b\u00f6yle bir \u00fcslup olur mu? Say\u0131n Ba\u015fbakan bu \u00fcslubu sokakta kullansa dayak yer. Uyar\u0131yoruz Say\u0131n Ba\u015fbakan\u0131. K\u0131sa s\u00fcrede bir se\u00e7im d\u00f6nemi ge\u00e7irece\u011fiz. Bu kadar germenin bir anlam\u0131 yok&#8221; diye konu\u015ftu.<\/p>\n<p style=\"text-align: justify;\">AK Parti\u2019nin se\u00e7im sloganlar\u0131na g\u00f6nderme yapan G\u00fcrsel Tekin, &#8220;\u0130stikrar devam etsin Malatya b\u00fcy\u00fcs\u00fcn. Malatya b\u00fcy\u00fcd\u00fc m\u00fc? Malatya\u2019n\u0131n b\u00fcy\u00fcmesi i\u00e7in mitingde Say\u0131n Ba\u015fbakan\u2019\u0131n s\u00f6yledi\u011fi laflar\u0131 siz biliyorsunuz. Kad\u0131nlar\u0131m\u0131za \u00e7a\u011fr\u0131 yap\u0131yor. Say\u0131n Ba\u015fbakan kad\u0131nlara \u00e7a\u011fr\u0131 yapma, burada kapatt\u0131\u011f\u0131n i\u015f yerlerinin, burada kapatt\u0131\u011f\u0131n fabrikalar\u0131n hesab\u0131n\u0131 sor. \u0130\u015fsizlik, yoksullukla insanlar\u0131 terbiye edeceksiniz sonra d\u00f6neceksiniz n\u00fcfus art\u0131\u015f\u0131n\u0131 kad\u0131nlara ba\u011flayacaks\u0131n\u0131z&#8221; ifadesini kulland\u0131.400 g\u00fcn i\u00e7erisinde, T\u00fcrkiye\u2019nin 50 y\u0131lda \u00e7\u00f6zemedi\u011fi sorunlar\u0131 \u00e7\u00f6zmek istediklerini ifade eden Tekin, h\u00fck\u00fcmeti ele\u015ftirdi.<\/p>\n<p style=\"text-align: justify;\">G\u00fcrsel Tekin, \u015f\u00f6yle dedi:<\/p>\n<p style=\"text-align: justify;\">&#8220;Kafalar fa\u015fist kafa. \u00d6yle bug\u00fcnden yar\u0131na demokrasiyi kavramak kolay de\u011fildir. Benden olmuyorsan bertaraf olacaks\u0131n. Bizde tam tersine diyoruz. Biz CHP iktidar\u0131nda, bas\u0131n da, i\u015f d\u00fcnyas\u0131 da, sivil toplum \u00f6rg\u00fctleri de, sendikalar da kendisini \u00f6zg\u00fcr hissedecek, d\u00fc\u015f\u00fcncelerini rahatl\u0131kla ifade edebilecek.Haberler yap\u0131labiliyor mu? Yolsuzluk anlat\u0131yoruz. Gazete sayfalar\u0131na girebiliyor mu? \u0130mar yolsuzluklar\u0131 T\u00fcrkiye\u2019nin d\u00f6rt bir yan\u0131na yay\u0131lmam\u0131\u015f m\u0131? \u0130hale yolsuzluklar\u0131, bir bak\u0131n. AKP\u2019ye oy veren b\u00fct\u00fcn se\u00e7menlere soruyorum; elinizi vicdan\u0131n\u0131za koyun. Se\u00e7mi\u015f oldu\u011funuz AKP\u2019li bakanlara ve bakanlar\u0131n \u00e7ocuklar\u0131na bir bak\u0131n. Bu k\u0131sa s\u00fcrede bu ne zekad\u0131r? Herkes mal m\u00fclk sahibi oluyor. Vatanda\u015f Ahmet\u2019in, Mehmet\u2019in \u00e7ocu\u011fu geri zekal\u0131 m\u0131?&#8221;<\/p>\n<p style=\"text-align: justify;\"><a href=\"http:\/\/haber.gazetevatan.com\/tekinden-arinca-bu-nasil-bir-usluptur\/380235\/9\/Siyaset\" target=\"_blank\">Kaynak : VATAN Gazetesi<\/a><\/p>\n","protected":false},"excerpt":{"rendered":"<p style=\"text-align: center;\">\n<p style=\"text-align: justify;\">CHP Genel Ba\u015fkan Yard\u0131mc\u0131s\u0131 G\u00fcrsel Tekin, &#8220;Kafalar fa\u015fist kafa. \u00d6yle bug\u00fcnden yar\u0131na demokrasiyi kavramak kolay de\u011fildir. Benden olmuyorsan bertaraf olacaks\u0131n. Bizde tam tersine&#8221; dedi. <\/p>\n","protected":false},"author":1,"featured_media":0,"comment_status":"open","ping_status":"closed","sticky":false,"template":"","format":"standard","meta":{"footnotes":""},"categories":[105],"tags":[],"class_list":["post-33692","post","type-post","status-publish","format-standard","hentry","category-gundem","odd"],"_links":{"self":[{"href":"http:\/\/www.korhanyilmaz.com\/index.php?rest_route=\/wp\/v2\/posts\/33692","targetHints":{"allow":["GET"]}}],"collection":[{"href":"http:\/\/www.korhanyilmaz.com\/index.php?rest_route=\/wp\/v2\/posts"}],"about":[{"href":"http:\/\/www.korhanyilmaz.com\/index.php?rest_route=\/wp\/v2\/types\/post"}],"author":[{"embeddable":true,"href":"http:\/\/www.korhanyilmaz.com\/index.php?rest_route=\/wp\/v2\/users\/1"}],"replies":[{"embeddable":true,"href":"http:\/\/www.korhanyilmaz.com\/index.php?rest_route=%2Fwp%2Fv2%2Fcomments&post=33692"}],"version-history":[{"count":0,"href":"http:\/\/www.korhanyilmaz.com\/index.php?rest_route=\/wp\/v2\/posts\/33692\/revisions"}],"wp:attachment":[{"href":"http:\/\/www.korhanyilmaz.com\/index.php?rest_route=%2Fwp%2Fv2%2Fmedia&parent=33692"}],"wp:term":[{"taxonomy":"category","embeddable":true,"href":"http:\/\/www.korhanyilmaz.com\/index.php?rest_route=%2Fwp%2Fv2%2Fcategories&post=33692"},{"taxonomy":"post_tag","embeddable":true,"href":"http:\/\/www.korhanyilmaz.com\/index.php?rest_route=%2Fwp%2Fv2%2Ftags&post=33692"}],"curies":[{"name":"wp","href":"https:\/\/api.w.org\/{rel}","templated":true}]}}