{"id":33684,"date":"2011-05-28T07:49:43","date_gmt":"2011-05-28T04:49:43","guid":{"rendered":"http:\/\/www.korhanyilmaz.com\/?p=33684"},"modified":"2011-05-28T07:49:43","modified_gmt":"2011-05-28T04:49:43","slug":"yargitayda-160%e2%80%99lar-hakimiyeti","status":"publish","type":"post","link":"http:\/\/www.korhanyilmaz.com\/?p=33684","title":{"rendered":"Yarg\u0131tay&#8217;da 160\u2019lar hakimiyeti"},"content":{"rendered":"<p style=\"text-align: justify;\"><a href=\"http:\/\/www.korhanyilmaz.com\/wp-content\/uploads\/2011\/05\/3271.jpg\"  class=\"lightview\"><img loading=\"lazy\" decoding=\"async\" class=\"aligncenter size-full wp-image-33685\" src=\"http:\/\/www.korhanyilmaz.com\/wp-content\/uploads\/2011\/05\/3271.jpg\" alt=\"\" width=\"360\" height=\"240\" \/><\/a><\/p>\n<p style=\"text-align: justify;\">Yarg\u0131tay \u00fcyelerinin say\u0131s\u0131n\u0131n 250\u2019den 387\u2019ye \u00e7\u0131kar\u0131lmas\u0131 ve 160 yeni \u00fcyenin atanmas\u0131 yap\u0131y\u0131 da de\u011fi\u015ftirdi. Yeni \u00fcyeler \u2018\u2019Blok\u2019\u2019 olarak oy kullan\u0131nca istedikleri aday\u0131 se\u00e7tiriyor.<\/p>\n<p style=\"text-align: justify;\">ANKARA- Yap\u0131lan yasal de\u011fi\u015fiklik ile Yarg\u0131tay \u00fcyelerinin say\u0131s\u0131n\u0131n 250\u2019den 387\u2019ye \u00e7\u0131kar\u0131lmas\u0131 ve 160 yeni Yarg\u0131tay \u00fcyesi atanmas\u0131 Y\u00fcksek mahkemenin yap\u0131s\u0131n\u0131 da de\u011fi\u015ftirdi. \u015eubat ay\u0131nda atanan 160 yeni \u00fcye \u2018\u2019Blok\u2019\u2019 olarak oy kullan\u0131yor ve istedikleri aday\u0131 se\u00e7tirebiliyor. <!--more--><\/p>\n<p style=\"text-align: justify;\">Yeni yasa gere\u011fi Yarg\u0131tay\u2019da 32 olan daire say\u0131s\u0131 38&#8217;e, \u00fcye say\u0131s\u0131 da 250&#8217;den 387&#8217;ye \u00e7\u0131kt\u0131. Bo\u015falan \u00fcyeliklerle birlikte Yarg\u0131tay\u2019a son d\u00f6nemde 160 yeni \u00fcye HSYK taraf\u0131ndan se\u00e7ildi. Bunlar aras\u0131nda CHP taraf\u0131ndan Yasin El Kad\u0131 dosyas\u0131n\u0131 kapatmakla su\u00e7lanan, Ahmet T\u00fcrk\u2019\u00fcn Meclis\u2019te K\u00fcrt\u00e7e konu\u015fmas\u0131na takipsizlik veren, Dan\u0131\u015ftay eski Ba\u015fsavc\u0131s\u0131 Tansel \u00c7\u00f6la\u015fan\u2019\u0131 tazminata mahkum eden hakim ve savc\u0131lar da bulunuyor.<\/p>\n<p style=\"text-align: justify;\">Eski Erzincan Ba\u015fsavc\u0131s\u0131 \u0130lhan Cihaner\u2019i \u0130smaila\u011fa cemaati soru\u015fturmas\u0131 nedeniyle arayarak uyard\u0131\u011f\u0131 iddia edilen Adalet Bakanl\u0131\u011f\u0131 Ceza \u0130\u015fleri Genel M\u00fcd\u00fcr\u00fc \u00c7etin \u015een de Yarg\u0131tay \u00fcyesi oldu.  Yarg\u0131tay\u2019a se\u00e7ilen Suna T\u00fcre\u2019nin de, HSYK Yedek \u00fcyesi Hayrettin T\u00fcre\u2019nin e\u015fi oldu\u011fu belirlendi. Yeni, \u00fcyeler aras\u0131nda Bakanl\u0131k b\u00fcrokrat\u0131 ve m\u00fcfetti\u015fi 22 isim de yer ald\u0131.<\/p>\n<p style=\"text-align: justify;\"><strong>10 AYLIK YEN\u0130 BA\u015eKAN<\/strong><\/p>\n<p style=\"text-align: justify;\">Ba\u015fkan Hasan Ger\u00e7eker\u2019in g\u00f6rev s\u00fcresi 1 Haziran g\u00fcn\u00fc dolacak ve se\u00e7im yap\u0131lacak. Yarg\u0131tay Ba\u015fkan\u0131, kendi \u00fcyeleri aras\u0131ndan Yarg\u0131tay Genel Kurulunca \u00fcye tamsay\u0131s\u0131n\u0131n salt \u00e7o\u011funlu\u011fu ve gizli oyla se\u00e7iliyor. Bunun i\u00e7in de en az 193 oy gerekiyor. 160 yeni \u00fcye 30 civar\u0131nda destek bularak bu say\u0131ya ula\u015f\u0131yor.<\/p>\n<p style=\"text-align: justify;\">Yarg\u0131tay Ba\u015fkanl\u0131\u011f\u0131 i\u00e7in eski Ba\u015fsavc\u0131 Abdurrahman, Yal\u00e7\u0131nkaya, 6. Hukuk Dairesi Ba\u015fkan\u0131 Naz\u0131m Kaynak ve 5. Ceza Dairesi Ba\u015fkan\u0131 Ahmet Ceylani Tu\u011frul\u2019un ad\u0131 ge\u00e7iyor. Ancak Yal\u00e7\u0131nkaya\u2019n\u0131n \u2018\u2019160 blok oy\u2019\u2019 nedeniyle aday olmayabilece\u011fi de belirtiliyor.<\/p>\n<p style=\"text-align: justify;\">Bu isimler aras\u0131nda Naz\u0131m Kaynak\u2019\u0131n \u015fans\u0131n\u0131n y\u00fcksek oldu\u011fu ve yeni \u00fcyelerin de Kaynak\u2019\u0131 destekleyece\u011fi bildirildi. Kaynak 10 ay sonra ya\u015f haddinden emekli olacak. Se\u00e7imlerde en y\u00fcksek oyu alan ki\u015fi, herhangi bir makam\u0131n onamas\u0131na gerek kalmadan yeni Ba\u015fkan se\u00e7ilecek.<\/p>\n<p style=\"text-align: justify;\"><a href=\"http:\/\/www.gazeteport.com.tr\/GUNCEL\/NEWS\/GP_911734\" target=\"_blank\">Kaynak : GAZETEPORT<\/a><\/p>\n","protected":false},"excerpt":{"rendered":"<p style=\"text-align: justify;\">\n<p style=\"text-align: justify;\">Yarg\u0131tay \u00fcyelerinin say\u0131s\u0131n\u0131n 250\u2019den 387\u2019ye \u00e7\u0131kar\u0131lmas\u0131 ve 160 yeni \u00fcyenin atanmas\u0131 yap\u0131y\u0131 da de\u011fi\u015ftirdi. Yeni \u00fcyeler \u2018\u2019Blok\u2019\u2019 olarak oy kullan\u0131nca istedikleri aday\u0131 se\u00e7tiriyor.<\/p>\n<p style=\"text-align: justify;\">ANKARA- Yap\u0131lan yasal de\u011fi\u015fiklik ile Yarg\u0131tay \u00fcyelerinin say\u0131s\u0131n\u0131n 250\u2019den 387\u2019ye \u00e7\u0131kar\u0131lmas\u0131 ve 160 yeni Yarg\u0131tay \u00fcyesi atanmas\u0131 Y\u00fcksek mahkemenin yap\u0131s\u0131n\u0131 da de\u011fi\u015ftirdi. \u015eubat ay\u0131nda atanan <\/p>\n","protected":false},"author":1,"featured_media":0,"comment_status":"open","ping_status":"closed","sticky":false,"template":"","format":"standard","meta":{"footnotes":""},"categories":[105],"tags":[],"class_list":["post-33684","post","type-post","status-publish","format-standard","hentry","category-gundem","odd"],"_links":{"self":[{"href":"http:\/\/www.korhanyilmaz.com\/index.php?rest_route=\/wp\/v2\/posts\/33684","targetHints":{"allow":["GET"]}}],"collection":[{"href":"http:\/\/www.korhanyilmaz.com\/index.php?rest_route=\/wp\/v2\/posts"}],"about":[{"href":"http:\/\/www.korhanyilmaz.com\/index.php?rest_route=\/wp\/v2\/types\/post"}],"author":[{"embeddable":true,"href":"http:\/\/www.korhanyilmaz.com\/index.php?rest_route=\/wp\/v2\/users\/1"}],"replies":[{"embeddable":true,"href":"http:\/\/www.korhanyilmaz.com\/index.php?rest_route=%2Fwp%2Fv2%2Fcomments&post=33684"}],"version-history":[{"count":0,"href":"http:\/\/www.korhanyilmaz.com\/index.php?rest_route=\/wp\/v2\/posts\/33684\/revisions"}],"wp:attachment":[{"href":"http:\/\/www.korhanyilmaz.com\/index.php?rest_route=%2Fwp%2Fv2%2Fmedia&parent=33684"}],"wp:term":[{"taxonomy":"category","embeddable":true,"href":"http:\/\/www.korhanyilmaz.com\/index.php?rest_route=%2Fwp%2Fv2%2Fcategories&post=33684"},{"taxonomy":"post_tag","embeddable":true,"href":"http:\/\/www.korhanyilmaz.com\/index.php?rest_route=%2Fwp%2Fv2%2Ftags&post=33684"}],"curies":[{"name":"wp","href":"https:\/\/api.w.org\/{rel}","templated":true}]}}