{"id":33680,"date":"2011-05-28T07:28:06","date_gmt":"2011-05-28T04:28:06","guid":{"rendered":"http:\/\/www.korhanyilmaz.com\/?p=33680"},"modified":"2011-05-28T07:28:06","modified_gmt":"2011-05-28T04:28:06","slug":"kilicdaroglu-erdogan-bolucubasi","status":"publish","type":"post","link":"http:\/\/www.korhanyilmaz.com\/?p=33680","title":{"rendered":"K\u0131l\u0131\u00e7daro\u011flu: &#8220;Erdo\u011fan b\u00f6l\u00fcc\u00fcba\u015f\u0131&#8221;"},"content":{"rendered":"<p style=\"text-align: justify;\"><a href=\"http:\/\/www.korhanyilmaz.com\/wp-content\/uploads\/2011\/05\/3261.jpg\"  class=\"lightview\"><img loading=\"lazy\" decoding=\"async\" class=\"aligncenter size-full wp-image-33681\" src=\"http:\/\/www.korhanyilmaz.com\/wp-content\/uploads\/2011\/05\/3261.jpg\" alt=\"\" width=\"413\" height=\"220\" \/><\/a><\/p>\n<p style=\"text-align: justify;\">CHP lideri K\u0131l\u0131\u00e7daro\u011flu, meydanlarda kendisinin Alevi oldu\u011funu halka anlatan Ba\u015fbakan Erdo\u011fan i\u00e7in &#8220;Erdo\u011fan, b\u00f6l\u00fcc\u00fcl\u00fck yap\u0131yor. A\u00e7\u0131k\u00e7a s\u00f6yl\u00fcyorum, Erdo\u011fan b\u00f6l\u00fcc\u00fcd\u00fcr, b\u00f6l\u00fcc\u00fc ba\u015f\u0131d\u0131r. Siyaset\u00e7iler bir toplumu ayr\u0131\u015ft\u0131rmazlar, kayna\u015ft\u0131r\u0131rlar, g\u00f6revleri budur&#8221; dedi.<!--more--><\/p>\n<p style=\"text-align: justify;\">\u0130STANBUL- CHP Genel Ba\u015fkan\u0131 Kemal K\u0131l\u0131\u00e7daro\u011flu, Ba\u015fbakan Erdo\u011fan&#8217;\u0131n meydanlarda Alevi kimli\u011fini dile getirmesiyle ilgili olarak &#8221;Erdo\u011fan, b\u00f6l\u00fcc\u00fcl\u00fck yap\u0131yor. A\u00e7\u0131k\u00e7a s\u00f6yl\u00fcyorum, Erdo\u011fan b\u00f6l\u00fcc\u00fcd\u00fcr, b\u00f6l\u00fcc\u00fc ba\u015f\u0131d\u0131r. Siyaset\u00e7iler bir toplumu ayr\u0131\u015ft\u0131rmazlar, kayna\u015ft\u0131r\u0131rlar, g\u00f6revleri budur&#8221; dedi.<\/p>\n<p style=\"text-align: justify;\">K\u0131l\u0131\u00e7daro\u011flu, Habert\u00fcrk&#8217;te yay\u0131mlanan &#8221;T\u00fcrkiye&#8217;nin Nabz\u0131&#8221; adl\u0131 programda Didem Y\u0131lmaz&#8217;\u0131n ve izleyicilerin sorular\u0131n\u0131 yan\u0131tlad\u0131.<\/p>\n<p style=\"text-align: justify;\"><strong>&#8220;DARBE \u0130STEYENLER B\u0130ZE DE\u011e\u0130L AKP&#8217;YE OY VERS\u0130N&#8221;<\/strong><\/p>\n<p style=\"text-align: justify;\">&#8221;Sanayi ve Ticaret Bakan\u0131 Nihat Erg\u00fcn, AK Parti&#8217;nin CHP&#8217;li se\u00e7menler aras\u0131nda yapt\u0131rd\u0131\u011f\u0131 bir anketten s\u00f6z etti. Anket sonucunda ifade edildi\u011fi gibi size AK Parti&#8217;ye k\u0131zanlar m\u0131 oy veriyor?&#8221; sorusu \u00fczerine K\u0131l\u0131\u00e7daro\u011flu, &#8221;Yanl\u0131\u015f bir anket yapm\u0131\u015flar. Anketlere oy verenlerle ilgili anket yapsalard\u0131, ger\u00e7ek tabloyu daha iyi g\u00f6r\u00fcrlerdi. \u00c7\u0131ks\u0131nlar soka\u011fa. Bizim b\u00fct\u00fcn milletvekili adaylar\u0131m\u0131z geziyor, onlar esnafa bile gidemiyor, m\u00fcthi\u015f bir tepki al\u0131yorlar&#8221; ifadesini kulland\u0131.<\/p>\n<p style=\"text-align: justify;\">&#8221;S\u00f6z konusu ankette CHP&#8217;ye oy verenlerin yar\u0131dan fazlas\u0131n\u0131n darbeyi destekledi\u011fi ifade ediliyor&#8221; denilmesi \u00fczerine K\u0131l\u0131\u00e7daro\u011flu, &#8221;Darbeyi destekleyenlerden oy istemiyoruz. Demokrasiden, \u00f6zg\u00fcrl\u00fcklerden yana olanlardan oy istiyoruz. Darbeyi destekleyecek biri varsa bize oy vermesin, gitsin ko\u015fa ko\u015fa oyunu AK Parti&#8217;ye versin. Darbe isteyenler AKP ile kol kola girebilirler, hi\u00e7bir sak\u0131ncas\u0131 yok&#8221; diye konu\u015ftu.<\/p>\n<p style=\"text-align: justify;\"><strong>&#8221;HERHALDE O G\u00d6R\u00dcNT\u00dcLER\u0130 SEYRED\u0130YORDUR&#8221;<\/strong><\/p>\n<p style=\"text-align: justify;\">&#8221;Kaset skandallar\u0131&#8221;na y\u00f6nelik sorular \u00fczerine K\u0131l\u0131\u00e7daro\u011flu, oylar\u0131n MHP&#8217;ye mi, ba\u015fka partiye mi gidece\u011fini bilemeyece\u011fini, bunun yurtta\u015f\u0131n tercihi oldu\u011funu s\u00f6yledi.<\/p>\n<p style=\"text-align: justify;\">K\u0131l\u0131\u00e7daro\u011flu, yasad\u0131\u015f\u0131 yollardan elde edilen bulgular\u0131n delil say\u0131lmayaca\u011f\u0131n\u0131 ili\u015fkin kanun h\u00fckm\u00fc bulundu\u011funu, bunun evrensel bir kural da oldu\u011funu ifade ederek, &#8221;Ama siz organize bir \u015fekilde belli insanlar\u0131n yatak odalar\u0131na giriyorsunuz, onlarla ilgili g\u00f6r\u00fcnt\u00fc al\u0131yorsunuz ve onlar\u0131 servis ediyorsunuz. Sonra da oturuyorsunuz, \u00fclkenin ba\u015fbakan\u0131 olarak, o g\u00f6r\u00fcnt\u00fcleri herhalde seyrediyorsunuz ki, se\u00e7im meydanlar\u0131nda konu\u015fuyorsunuz. Bir ba\u015fbakana yasad\u0131\u015f\u0131 kasetler izlemek yak\u0131\u015f\u0131r m\u0131? Bir ba\u015fbakan hangi y\u00fczle bu kasetleri seyrediyor? \u0130nsan bilmedi\u011fi bir \u015feyi konu\u015fabilir mi? Ben &#8216;Ba\u015fbakan bir \u015feyi bilmeden konu\u015fmaz&#8217; diyorum. E\u011fer bir \u00fclkenin ba\u015fbakan\u0131 bu duruma d\u00fc\u015fm\u00fc\u015fse s\u00f6yleyecek bir \u015fey yok.<\/p>\n<p style=\"text-align: justify;\">Daha Ba\u015fbakan&#8217;\u0131n kafas\u0131nda \u00f6zel ya\u015fam kavram\u0131 olgunla\u015fmam\u0131\u015f. Nedir \u00f6zel hayat onu bile bilmiyor? Cehaletin bu kadar\u0131na pes. \u0130nsan bir kitap okur.&#8221;<\/p>\n<p style=\"text-align: justify;\"><strong>&#8221;KILI\u00c7DARO\u011eLU YAPTI DES\u0130NLER GENE\u015e BA\u015eKANLI\u011eI BIRAKIRIM&#8221;<\/strong><\/p>\n<p style=\"text-align: justify;\">K\u0131l\u0131\u00e7daro\u011flu, SSK Genel M\u00fcd\u00fcr\u00fc oldu\u011fu d\u00f6neme ili\u015fkin sorular \u00fczerine, o d\u00f6nemden \u00f6nce de sonra da akrabalar\u0131n\u0131n s\u0131navla i\u015fe al\u0131nd\u0131\u011f\u0131n\u0131 belirterek, &#8221;Kimseye \u00f6zel ayr\u0131cal\u0131k tan\u0131m\u0131\u015f de\u011filim. \u00c7o\u011fu s\u0131nav\u0131 da iptal ettim. Cumhurba\u015fkanl\u0131\u011f\u0131 Devlet Denetleme Kurumu, Ba\u015fbakanl\u0131k Y\u00fcksek Denetleme Kurumu, \u00c7al\u0131\u015fma ve Sosyal G\u00fcvenlik Bakanl\u0131\u011f\u0131 Tefti\u015f Kurulu ve Ba\u015fbakanl\u0131k Tefti\u015f Kurulu dahil herhangi bir raporda &#8216;Kemal K\u0131l\u0131\u00e7daro\u011flu \u015fu konuda sorumludur&#8217; desinler, bug\u00fcn CHP Genel Ba\u015fkanl\u0131\u011f\u0131ndan da ayr\u0131l\u0131r\u0131m. Ben bu kadar iddial\u0131y\u0131m. Ama ayn\u0131 iddiay\u0131 Erdo\u011fan&#8217;\u0131n da yapmas\u0131n\u0131 isterim. Onun hakk\u0131nda y\u00fczlerce rapor var. \u00c7\u0131ks\u0131n, b\u00f6yle bir rapor olursa &#8216;AKP Genel Ba\u015fkanl\u0131\u011f\u0131n\u0131 b\u0131rak\u0131r\u0131m&#8217; desin. B\u0131rakamaz ama ben b\u0131rakaca\u011f\u0131m\u0131 s\u00f6yl\u00fcyorum. En ufak bir defom olamaz&#8221; dedi.<\/p>\n<p style=\"text-align: justify;\"><strong>&#8221;ERDO\u011eAN B\u00d6L\u00dcC\u00dcL\u00dcK YAPIYOR&#8221;<\/strong><\/p>\n<p style=\"text-align: justify;\">CHP Genel Ba\u015fkan\u0131 Kemal K\u0131l\u0131\u00e7daro\u011flu, &#8221;Ba\u015fbakan&#8217;\u0131n miting meydanlar\u0131nda sizin Alevili\u011finizi ifade etmesinden rahats\u0131zl\u0131k duyuyor musunuz?&#8221; sorusu \u00fczerine, \u015funlar\u0131 s\u00f6yledi:<\/p>\n<p style=\"text-align: justify;\">&#8221;Erdo\u011fan, b\u00f6l\u00fcc\u00fcl\u00fck yap\u0131yor. A\u00e7\u0131k\u00e7a s\u00f6yl\u00fcyorum, Erdo\u011fan b\u00f6l\u00fcc\u00fcd\u00fcr, b\u00f6l\u00fcc\u00fc ba\u015f\u0131d\u0131r. Siyaset\u00e7iler bir toplumu ayr\u0131\u015ft\u0131rmazlar, kayna\u015ft\u0131r\u0131rlar, g\u00f6revleri budur. E\u011fer siz insanlar\u0131 inan\u00e7lar\u0131, kimlikleri nedeniyle b\u00f6lerseniz, siz zaten b\u00f6l\u00fcc\u00fc olursunuz. Buradan oy toplayaca\u011f\u0131n\u0131 san\u0131yor. Ama ben insan\u0131m\u0131z\u0131n sa\u011fduyusuna g\u00fcveniyorum. Halk\u0131m\u0131z temiz, d\u00fczg\u00fcn, kul hakk\u0131 yemeyen insan istiyor. Say\u0131n Erdo\u011fan&#8217;\u0131n bir vatanda\u015f\u0131n derdini dert etti\u011fini sanm\u0131yorum. Bunlar i\u00e7in insan de\u011fil, para \u00f6nemli. Hayatlar\u0131n\u0131 zenginli\u011fe, paraya adam\u0131\u015flar. \u015eatafatl\u0131 bir hayat s\u00fcr\u00fcyorlar, bunu anlamak m\u00fcmk\u00fcn de\u011fil. Neden m\u00fctevaz\u0131 olmuyorsun, ne var yani? \u00d6b\u00fcr d\u00fcnyaya m\u0131 g\u00f6t\u00fcreceksin bu kadar mal\u0131, m\u00fclk\u00fc? Ben sade ya\u015f\u0131yorum ve bunu seviyorum. Bir \u00e7ocu\u011fun yata\u011fa a\u00e7 girmesini istemiyorum.&#8221;<\/p>\n<p style=\"text-align: justify;\"><strong>&#8220;31 MAYIS&#8217;TA D\u0130YARBAKIR&#8217;DA A\u00c7IKLAYACA\u011eIM&#8221;<\/strong><\/p>\n<p style=\"text-align: justify;\">Toplumsal Mutabakat ve Milli B\u00fct\u00fcnle\u015fme Projesi&#8217;ni 31 May\u0131s&#8217;ta Diyarbak\u0131r&#8217;da a\u00e7\u0131klayaca\u011f\u0131n\u0131 an\u0131msatan K\u0131l\u0131\u00e7daro\u011flu, ad\u0131na ister K\u00fcrt, ister Do\u011fu, G\u00fcneydo\u011fu sorunu denilsin, T\u00fcrkiye&#8217;de ya\u015fanan bir sorun oldu\u011funu belirterek, bu sorunun \u00e7\u00f6z\u00fcm\u00fc i\u00e7in CHP d\u0131\u015f\u0131nda hi\u00e7bir siyaset kurumunun bir \u015fey \u00fcretmedi\u011fini s\u00f6yledi.<\/p>\n<p style=\"text-align: justify;\">Evrensel anlamda yerel y\u00f6netimlerin g\u00fc\u00e7l\u00fc olmas\u0131n\u0131 istediklerini belirten K\u0131l\u0131\u00e7daro\u011flu, \u00fcniversitelerin de mali ve bilimsel \u00f6zerkli\u011fini istediklerini kaydetti.<\/p>\n<p style=\"text-align: justify;\"><strong>&#8220;\u0130STERSE \u0130N\u00d6N\u00dc&#8217;N\u00dcN YAZDI\u011eI MEKTUBU ERDO\u011eAN&#8217;A G\u00d6NDEREY\u0130M&#8221;<\/strong><\/p>\n<p style=\"text-align: justify;\">&#8221;Menderes&#8217;i idam sehpas\u0131na g\u00f6t\u00fcren s\u00fcre\u00e7te CHP&#8217;nin rol\u00fc var m\u0131yd\u0131&#8221; sorusu \u00fczerine K\u0131l\u0131\u00e7daro\u011flu, merhum \u0130smet \u0130n\u00f6n\u00fc&#8217;n\u00fcn Cemal G\u00fcrsel&#8217;e yazd\u0131\u011f\u0131 &#8221;idamlar\u0131 yapmay\u0131n&#8221; mektubu bulundu\u011funu belirterek, &#8221;O mektubu isterse say\u0131n Erdo\u011fan&#8217;a g\u00f6ndereyim ama Erdo\u011fan&#8217;\u0131n tarih bilgisi, bilinci yoktur. O b\u00fct\u00fcn olgular\u0131 &#8216;CHP&#8217;yi nas\u0131l k\u00f6t\u00fcleyebilirim&#8217; diye kurguluyor. Halk\u0131 b\u00f6yle kand\u0131rabilece\u011fini d\u00fc\u015f\u00fcn\u00fcyor. &#8216;Hay\u0131r, \u0130n\u00f6n\u00fc&#8217;n\u00fcn b\u00f6yle bir mektubu yoktur&#8217; desin, ben mektubu ortaya \u00e7\u0131karay\u0131m ama diyemez. Erdo\u011fan, &#8216;mektup yoktur&#8217; diyemez. O zaman do\u011frular\u0131 s\u00f6ylemesi laz\u0131m&#8221; dedi.<\/p>\n<p style=\"text-align: justify;\"><strong>&#8221;O HAP\u0130SHANE ERDO\u011eAN&#8217;IN \u00d6ZEL HAP\u0130SHANES\u0130 M\u0130?&#8221;<\/strong><\/p>\n<p style=\"text-align: justify;\">K\u0131l\u0131\u00e7daro\u011flu, &#8221;Balyoz Plan\u0131 soru\u015fturmas\u0131 kapsam\u0131nda Be\u015fikta\u015f&#8217;taki \u0130stanbul Adliyesine 8 muvazzaf asker geldi, aralar\u0131nda Harp Akademileri Komutan\u0131 Orgeneral Bilgin Balanl\u0131 da var. Bunlar ne anlama geliyor&#8221; sorusunu, \u015f\u00f6yle yan\u0131tlad\u0131:<\/p>\n<p style=\"text-align: justify;\">&#8221;Darbe yapmak isteyenler olabilir. Sorgulars\u0131n\u0131z, gerekirse cezas\u0131n\u0131 verirsiniz. Kimse, &#8216;\u015eunlar darbe yapacakt\u0131 koruyun d\u00fc\u015f\u00fcncesi i\u00e7inde de\u011fil&#8217; ama \u00f6zel yetkili mahkemelerle bu i\u015fi soru\u015fturursan\u0131z bu siyasalla\u015fan bir s\u00fcrece yol a\u00e7ar ve nitekim de a\u015ft\u0131. En son Say\u0131n Erdo\u011fan, &#8216;Ben gittim, \u00f6n\u00fcmde kalkmad\u0131, \u015fimdi cezas\u0131n\u0131 buldu, Silivri&#8217;de yat\u0131yor&#8217; dedi. O hapishane say\u0131n Erdo\u011fan&#8217;\u0131n \u00f6zel hapishanesi mi? \u00d6zel olarak m\u0131 be\u011fenmedi\u011fi ki\u015fileri oraya g\u00f6nderiyor? Silivri yarg\u0131s\u0131n\u0131n siyasalla\u015ft\u0131\u011f\u0131n\u0131 biliyorum. Yarg\u0131 siyasalla\u015f\u0131rsa tuz kokmu\u015f olur. \u00d6nceden baz\u0131 g\u00f6r\u00fc\u015fmeler yap\u0131l\u0131yor, kalkmad\u0131\u011f\u0131 s\u00f6yleniyor, uygun deliller, komplolar, su\u00e7 delilleri yarat\u0131l\u0131yor ve ki\u015fi yakalan\u0131p, hapse at\u0131l\u0131yor, akla o geliyor. Erdo\u011fan \u00e7\u0131kt\u0131 &#8216;Ben bu davan\u0131n savc\u0131s\u0131y\u0131m&#8217; dedi. Bir \u00fclkenin ba\u015fbakan\u0131 bir davan\u0131n ba\u015fsavc\u0131s\u0131 olursa o davaya kimse &#8216;siyasalla\u015fmad\u0131&#8217; diyemez.&#8221;<\/p>\n<p style=\"text-align: justify;\"><strong>TATB\u0130KATLARIN \u0130PTAL ED\u0130LMES\u0130<\/strong><\/p>\n<p style=\"text-align: justify;\">CHP Genel Ba\u015fkan\u0131 K\u0131l\u0131\u00e7daro\u011flu, &#8221;Denizkurdu-2011 ve Efes-2011 M\u00fc\u015fterek Fiili At\u0131\u015fl\u0131 Tatbikatlar\u0131n\u0131n Balyoz Plan\u0131 soru\u015fturmas\u0131na tepki olarak iptal edildi\u011fi s\u00f6yleniyor. Siz ne d\u00fc\u015f\u00fcn\u00fcyorsunuz&#8221; sorusu \u00fczerine, \u015f\u00f6yle konu\u015ftu:<\/p>\n<p style=\"text-align: justify;\">&#8221;Bir Ba\u015fbakan, &#8216;Genelkurmay&#8217;a sorun&#8217; der mi? Demek ki \u00fclkeyi y\u00f6netemiyor. Ba\u015fbakan de\u011fil mi bu? A\u00e7\u0131klamak istemiyorsa topu o zaman oraya atmas\u0131n. \u00c7\u0131ks\u0131n s\u00f6ylesin. A\u00e7ar Genelkurmay Ba\u015fkan\u0131&#8217;na sorar; &#8216;arkada\u015f siz neden bu tatbikatlar\u0131 yapm\u0131yorsunuz&#8217; diye. O da hangi gerek\u00e7eyle yapmad\u0131\u011f\u0131n\u0131 a\u00e7\u0131klar. Ba\u015fbakan da \u00e7\u0131kar kamuoyuna a\u00e7\u0131klar. &#8216;Genelkurmay&#8217;a sorun&#8217; dedi\u011finiz andan itibaren siz \u00fclkeyi y\u00f6netmiyorsunuz. Siz diyorsunuz ki, &#8216;ben bu sorunun yan\u0131t\u0131n\u0131 bilmiyorum. Bu soru dolay\u0131s\u0131yla muhatap Genelkurmay&#8217;d\u0131r. Genelkurmay a\u00e7\u0131klama yaps\u0131n.&#8217; Genelkurmay her a\u00e7\u0131klama yapt\u0131\u011f\u0131nda tepki g\u00f6stermiyor muyuz, &#8216;niye siyasete kar\u0131\u015f\u0131yor&#8217; demiyor muyuz? O zaman Ba\u015fbakan&#8217;\u0131n \u00e7\u0131k\u0131p hangi gerek\u00e7elerle yap\u0131lmad\u0131\u011f\u0131n\u0131 a\u00e7\u0131klamas\u0131 laz\u0131m. Ya bu konuyu biliyor a\u00e7\u0131klamaktan ka\u00e7\u0131n\u0131yor veya &#8216;ben Genelkurmay a\u00e7\u0131klas\u0131n derim, nas\u0131l olsa onlar a\u00e7\u0131klamaz ve bu i\u015f biter&#8217; diye d\u00fc\u015f\u00fcn\u00fcyor. Bu \u00f6nemli bir konudur.&#8221;<\/p>\n<p style=\"text-align: justify;\"><strong>&#8220;YARIN SAVA\u015e OLSA NE OLACAK?&#8221;<\/strong><\/p>\n<p style=\"text-align: justify;\">&#8221;Siz nas\u0131l duyum ald\u0131n\u0131z&#8221; sorusuna K\u0131l\u0131\u00e7daro\u011flu, &#8221;Herkes i\u00e7eride oldu\u011funa g\u00f6re kim tatbikat\u0131 yapacak? Gerek\u00e7e sadece son ifadeye \u00e7a\u011f\u0131rma de\u011fil. Deniz Kuvvetleri Komutanl\u0131\u011f\u0131ndan ka\u00e7 ki\u015fi i\u00e7eride, bu tatbikat\u0131 yapacak \u00fcst d\u00fczey komutanlar i\u00e7erideyse bu tatbikat olmayabilir. \u0130\u00e7eride olup olmad\u0131klar\u0131, hakl\u0131 m\u0131 haks\u0131z m\u0131, onun da tart\u0131\u015f\u0131lmas\u0131 laz\u0131m. Bir siyasal mahkemenin orduyu bu noktaya getirmesi do\u011fru de\u011fil. Yar\u0131n sava\u015f olsa ne olacak&#8221; yan\u0131t\u0131n\u0131 verdi.<\/p>\n<p style=\"text-align: justify;\"><strong>SE\u00c7\u0130M SONUCU NE OLACAK?<\/strong><\/p>\n<p style=\"text-align: justify;\">K\u0131l\u0131\u00e7daro\u011flu, &#8221;CHP&#8217;nin oy oran\u0131nda d\u00fc\u015f\u00fc\u015f olursa, CHP genel ba\u015fkanl\u0131\u011f\u0131n\u0131 da b\u0131rakaca\u011f\u0131m, siyaseti de b\u0131rakaca\u011f\u0131m. Ayn\u0131 \u015feyi say\u0131n Erdo\u011fan&#8217;dan bekliyorum. AKP&#8217;nin oylar\u0131nda d\u00fc\u015f\u00fc\u015f olursa o da genel ba\u015fkanl\u0131\u011f\u0131 ve siyaseti b\u0131raks\u0131n, ama o b\u0131raksa da b\u0131rakmasa da CHP&#8217;nin oylar\u0131nda bir d\u00fc\u015f\u00fc\u015f olursa ben genel ba\u015fkanl\u0131\u011f\u0131 ve siyaseti de b\u0131rakaca\u011f\u0131m&#8221; dedi.<\/p>\n<p style=\"text-align: justify;\">CHP&#8217;nin oylar\u0131n\u0131n artaca\u011f\u0131ndan y\u00fczde 100 emin oldu\u011funu, onun i\u00e7in bu kadar kararl\u0131 konu\u015ftu\u011funu vurgulayan K\u0131l\u0131\u00e7daro\u011flu, &#8221;Ama Erdo\u011fan o kadar emin de\u011fil. Emin olmad\u0131\u011f\u0131 i\u00e7in benim bu teklifimi kabul etmiyor. Korkuyor. Korkunun ecele faydas\u0131 yok, nas\u0131l olsa gidecek&#8221; \u015feklinde konu\u015ftu.<\/p>\n<p style=\"text-align: justify;\">K\u0131l\u0131\u00e7daro\u011flu, se\u00e7im sonu\u00e7lar\u0131na ili\u015fkin olarak, oylar\u0131n\u0131n bundan 2 ay \u00f6nce y\u00fczde 29,5 civar\u0131nda g\u00f6r\u00fcld\u00fc\u011f\u00fcn\u00fc, ikinci kamuoyu yoklamas\u0131nda ise y\u00fczde 30 baraj\u0131n\u0131 a\u015fm\u0131\u015f g\u00f6r\u00fcnd\u00fcklerini aktard\u0131.<\/p>\n<p style=\"text-align: justify;\"><strong>&#8220;DO\u011eU&#8217;DAK\u0130 SONUCU SANDIKLAR A\u00c7ILINCA G\u00d6RECE\u011e\u0130Z&#8221;<\/strong><\/p>\n<p style=\"text-align: justify;\">&#8221;Do\u011fudan ka\u00e7 milletvekili \u00e7\u0131karmay\u0131 bekliyorsunuz?&#8221; sorusu \u00fczerine K\u0131l\u0131\u00e7daro\u011flu, adaylar\u0131n hepsinin iddial\u0131 oldu\u011funu, iyi \u00e7al\u0131\u015ft\u0131klar\u0131n\u0131, o b\u00f6lgede CHP&#8217;ye y\u00f6nelik ciddi bir sempati de bulundu\u011funu vurgulayarak, ancak sonu\u00e7lar\u0131n sand\u0131klar a\u00e7\u0131l\u0131nca g\u00f6r\u00fclece\u011fini belirtti.<\/p>\n<p style=\"text-align: justify;\"><strong>&#8220;ANAD\u0130L&#8217;DE E\u011e\u0130T\u0130M OLMAZ&#8221;<\/strong><\/p>\n<p style=\"text-align: justify;\">K\u0131l\u0131\u00e7daro\u011flu, anadilde e\u011fitimi do\u011fru bulmad\u0131klar\u0131n\u0131 belirterek, &#8221;Herkes anadilini \u00f6\u011frenmeli, gerekirse devlet deste\u011fi olmal\u0131. Bu \u00fclkenin resmi dili var, T\u00fcrk\u00e7e. Anadilde e\u011fitim konusu toplumu ayr\u0131\u015ft\u0131r\u0131r, b\u00f6ler&#8221; dedi.<\/p>\n<p style=\"text-align: justify;\"><strong>&#8220;\u0130MAM HAT\u0130PLER\u0130 N\u0130YE KAPATALIM?&#8221;<\/strong><\/p>\n<p style=\"text-align: justify;\">&#8221;E\u011fitim program\u0131n\u0131zda, &#8216;\u0130htiya\u00e7 kadar imam&#8217;dan s\u00f6z ediliyor. Ne kast ediliyor?&#8221; \u0130mam hatipleri kapatmay\u0131 m\u0131 d\u00fc\u015f\u00fcn\u00fcyorsunuz?&#8221; sorusu \u00fczerine, imam hatipleri CHP&#8217;nin kurdu\u011funu an\u0131msatan K\u0131l\u0131\u00e7daro\u011flu, &#8221;Niye kapatal\u0131m? Bu \u00fclkenin ayd\u0131n din adamlar\u0131na ihtiyac\u0131 yok mu? \u0130htiyac\u0131 kadar demi\u015fiz, do\u011fru. \u0130htiyac\u0131 kadar da ziraat m\u00fchendisi olmas\u0131 laz\u0131m. Toplumun ihtiyac\u0131 kadar yoksa i\u015fsiz kalacak bu insanlar&#8221; \u015feklinde konu\u015ftu.<\/p>\n<p style=\"text-align: justify;\">K\u0131l\u0131\u00e7daro\u011flu, \u00e7o\u011fu camide e\u011fitim g\u00f6rm\u00fc\u015f din adam\u0131 eksikli\u011fi bulundu\u011funun s\u00f6ylendi\u011fini ifade ederek, &#8221;Bu eksiklik varsa niye biz imam hatipleri kapatal\u0131m ki&#8221; dedi.<\/p>\n<p style=\"text-align: justify;\"><strong>&#8220;SA\u011eLIKLI D\u00dc\u015e\u00dcNEN H\u0130\u00c7B\u0130R KADIN 4 E\u015eE EVET DEMEZ&#8221;<\/strong><\/p>\n<p style=\"text-align: justify;\">&#8221;Fatih ve Ey\u00fcp belediyelerinde aile dan\u0131\u015fman\u0131 olan Sibel \u00dcresin, &#8216;D\u00f6rt e\u015fe kadar erkeklerin evlenmesinin yasal olmas\u0131 gerekti\u011fini s\u00f6yl\u00fcyor. Bu s\u00f6zlere ne diyorsunuz?&#8221; sorusu \u00fczerine K\u0131l\u0131\u00e7daro\u011flu, \u00f6teden beri kad\u0131n-erkek e\u015fitli\u011fine inanan bir parti olduklar\u0131n\u0131 belirterek, &#8221;Bug\u00fcnk\u00fc d\u00fcnyada sa\u011fl\u0131kl\u0131 d\u00fc\u015f\u00fcnen hi\u00e7bir kad\u0131n\u0131n b\u00f6yle bir olguyu kabul edece\u011fini sanm\u0131yorum. \u00c7ok e\u015flilik do\u011fru de\u011fil&#8221; dedi.<\/p>\n<p style=\"text-align: justify;\"><strong>&#8220;BAVA DAVA A\u00c7ACAKMI\u015e, \u00d6NCE TE\u015eEKK\u00dcR ET&#8221;<\/strong><\/p>\n<p style=\"text-align: justify;\">K\u0131l\u0131\u00e7daro\u011flu, bu olay\u0131 savc\u0131n\u0131n soru\u015fturmas\u0131n\u0131 istedi\u011fini vurgulayarak, \u015f\u00f6yle devam etti:<\/p>\n<p style=\"text-align: justify;\">&#8221;Bir \u00e7ocuk buldular, \u00e7ocuk bir AKP&#8217;linin yak\u0131n\u0131. &#8216;Hay\u0131r ben g\u00f6ndermedim&#8217; dedi. Yaz\u0131c\u0131, bana dava a\u00e7acakm\u0131\u015f. \u00d6nce bana te\u015fekk\u00fcr et. Ad\u0131n kullan\u0131ld\u0131ysa \u00f6nce bana te\u015fekk\u00fcr etmen laz\u0131m. Beni su\u00e7luyor \u015fimdi. Su\u00e7lu insanlar su\u00e7larlar. Su\u00e7lu de\u011filsen adam gibi bu olay\u0131 ortaya \u00e7\u0131kar\u0131rs\u0131n. &#8216;Haberim yoktu&#8217; diyemezsin. Diyorsan, bir g\u00fcn Ali Demir orada kalamaz. Ben eminim Ali Demir ona haber vermi\u015ftir. Niye konu\u015fmad\u0131n, savc\u0131l\u0131\u011fa ba\u015fvurmad\u0131n o zaman. Bu olay hen\u00fcz daha karanl\u0131k. Ben hi\u00e7 kimseye iftira atmam, belgeyi g\u00f6rmeden konu\u015fmam. Bana y\u00fczlerce \u015fey gelir.&#8221;<\/p>\n<p style=\"text-align: justify;\"><strong>&#8220;PART\u0130M\u0130N ALEYH\u0130NE DE OLSA DO\u011eRU NEYSE B\u0130LD\u0130\u011e\u0130M\u0130 S\u00d6YLEYECE\u011e\u0130M&#8221;<\/strong><\/p>\n<p style=\"text-align: justify;\">K\u0131l\u0131\u00e7daro\u011flu, t\u00fcm AK Partililerden bir talebi oldu\u011funu ifade ederek, &#8221;Elinizi vicdan\u0131n\u0131za koyun, sand\u0131\u011fa \u00f6yle gidin&#8221; dedi.<\/p>\n<p style=\"text-align: justify;\">&#8221;Hakkari mitingindeki g\u00f6r\u00fcnt\u00fc \u0130zmirli se\u00e7meni rahats\u0131z eder mi?&#8221; sorusu \u00fczerine de K\u0131l\u0131\u00e7daro\u011flu, &#8221;Hi\u00e7 meraklanmay\u0131n, hi\u00e7bir \u0130zmirli o tuza\u011fa d\u00fc\u015fmez. AK Parti&#8217;nin tuza\u011f\u0131na d\u00fc\u015fmez. \u0130zmirliler ayd\u0131n insanlard\u0131r, \u00fclkelerini seven, gelece\u011fini g\u00f6ren insanlard\u0131r. CHP&#8217;yi \u00e7ok iyi bilen insanlard\u0131r. Hakkari tablosunda ne vard\u0131? Beni dinlemeye gelmi\u015f Hakkarililer y\u00fcz\u00fcnden \u0130zmirliler k\u00fcsecek mi? Yani bana orada ta\u015f, sopa at\u0131lmas\u0131 \u0130zmirlilerin ho\u015funa m\u0131 gidecekti?<\/p>\n<p style=\"text-align: justify;\">\u0130zmirli, &#8216;Beni en iyi anlayan, en iyi tan\u0131yan, benim bak\u0131\u015f a\u00e7\u0131mla d\u00fcnyaya bakan parti CHP&#8217;dir&#8217; diyor, oyunu bize veriyor. Bizden daha iyi bir parti varsa oyunu gidip oraya verecektir. Ama eminim \u0130zmir, yap\u0131lan t\u00fcm bask\u0131lara ra\u011fmen g\u00f6receksiniz CHP&#8217;ye yo\u011funla\u015facakt\u0131r.&#8221;<\/p>\n<p style=\"text-align: justify;\"><a href=\"http:\/\/www.gazeteport.com.tr\/SIYASET\/NEWS\/GP_911878\">Kaynak : GAZETEPORT<\/a><\/p>\n","protected":false},"excerpt":{"rendered":"<p style=\"text-align: justify;\">\n<p style=\"text-align: justify;\">CHP lideri K\u0131l\u0131\u00e7daro\u011flu, meydanlarda kendisinin Alevi oldu\u011funu halka anlatan Ba\u015fbakan Erdo\u011fan i\u00e7in &#8220;Erdo\u011fan, b\u00f6l\u00fcc\u00fcl\u00fck yap\u0131yor. A\u00e7\u0131k\u00e7a s\u00f6yl\u00fcyorum, Erdo\u011fan b\u00f6l\u00fcc\u00fcd\u00fcr, b\u00f6l\u00fcc\u00fc ba\u015f\u0131d\u0131r. Siyaset\u00e7iler bir toplumu ayr\u0131\u015ft\u0131rmazlar, kayna\u015ft\u0131r\u0131rlar, g\u00f6revleri budur&#8221; dedi.<\/p>\n","protected":false},"author":1,"featured_media":0,"comment_status":"open","ping_status":"closed","sticky":false,"template":"","format":"standard","meta":{"footnotes":""},"categories":[105],"tags":[],"class_list":["post-33680","post","type-post","status-publish","format-standard","hentry","category-gundem","odd"],"_links":{"self":[{"href":"http:\/\/www.korhanyilmaz.com\/index.php?rest_route=\/wp\/v2\/posts\/33680","targetHints":{"allow":["GET"]}}],"collection":[{"href":"http:\/\/www.korhanyilmaz.com\/index.php?rest_route=\/wp\/v2\/posts"}],"about":[{"href":"http:\/\/www.korhanyilmaz.com\/index.php?rest_route=\/wp\/v2\/types\/post"}],"author":[{"embeddable":true,"href":"http:\/\/www.korhanyilmaz.com\/index.php?rest_route=\/wp\/v2\/users\/1"}],"replies":[{"embeddable":true,"href":"http:\/\/www.korhanyilmaz.com\/index.php?rest_route=%2Fwp%2Fv2%2Fcomments&post=33680"}],"version-history":[{"count":0,"href":"http:\/\/www.korhanyilmaz.com\/index.php?rest_route=\/wp\/v2\/posts\/33680\/revisions"}],"wp:attachment":[{"href":"http:\/\/www.korhanyilmaz.com\/index.php?rest_route=%2Fwp%2Fv2%2Fmedia&parent=33680"}],"wp:term":[{"taxonomy":"category","embeddable":true,"href":"http:\/\/www.korhanyilmaz.com\/index.php?rest_route=%2Fwp%2Fv2%2Fcategories&post=33680"},{"taxonomy":"post_tag","embeddable":true,"href":"http:\/\/www.korhanyilmaz.com\/index.php?rest_route=%2Fwp%2Fv2%2Ftags&post=33680"}],"curies":[{"name":"wp","href":"https:\/\/api.w.org\/{rel}","templated":true}]}}