{"id":33675,"date":"2011-05-27T16:31:49","date_gmt":"2011-05-27T13:31:49","guid":{"rendered":"http:\/\/www.korhanyilmaz.com\/?p=33675"},"modified":"2011-05-27T16:31:49","modified_gmt":"2011-05-27T13:31:49","slug":"boynerden-arinca-cevap-geldi","status":"publish","type":"post","link":"http:\/\/www.korhanyilmaz.com\/?p=33675","title":{"rendered":"Boyner&#8217;den Ar\u0131n\u00e7&#8217;a cevap geldi"},"content":{"rendered":"<p style=\"text-align: center;\"><a href=\"http:\/\/www.korhanyilmaz.com\/wp-content\/uploads\/2011\/05\/3251.jpg\"  class=\"lightview\"><img loading=\"lazy\" decoding=\"async\" class=\"aligncenter size-full wp-image-33676\" src=\"http:\/\/www.korhanyilmaz.com\/wp-content\/uploads\/2011\/05\/3251.jpg\" alt=\"\" width=\"387\" height=\"194\" \/><\/a><\/p>\n<p style=\"text-align: justify;\">Bilgi Teknolojileri ve \u0130leti\u015fim Kurumunun (BTK) internete getirece\u011fi filtre uygulamas\u0131n\u0131 ele\u015ftiren T\u00fcrk Sanayicileri ve \u0130\u015fadamlar\u0131 Derne\u011fi (T\u00dcS\u0130AD) Y\u00f6netim Kurulu Ba\u015fkan\u0131 \u00dcmit Boyner, bu konuda Devlet Bakan\u0131 ve Ba\u015fbakan Yard\u0131mc\u0131s\u0131 B\u00fclent Ar\u0131n\u00e7&#8217;\u0131n d\u00fcnk\u00fc a\u00e7\u0131klamalar\u0131na yaz\u0131l\u0131 cevap verdi.<!--more--><\/p>\n<p style=\"text-align: justify;\">Boyner, &#8221;Say\u0131n Ar\u0131n\u00e7&#8217;\u0131n bireysel \u00f6zg\u00fcrl\u00fckler ve \u00f6zel hayat\u0131n s\u0131n\u0131rland\u0131r\u0131lmas\u0131 konusundaki ele\u015ftiriler s\u00f6z konusu oldu\u011funda, bu konuyu do\u011frudan cinsel istismar, porno ve \u015fiddet ile ba\u011fda\u015ft\u0131rmas\u0131 sa\u011fl\u0131ks\u0131z bir d\u00fc\u015f\u00fcnce yap\u0131s\u0131n\u0131 ortaya \u00e7\u0131karmaktad\u0131r.&#8221; dedi.<\/p>\n<p style=\"text-align: justify;\">Yapt\u0131\u011f\u0131 yaz\u0131l\u0131 a\u00e7\u0131klamada &#8221;T\u00fcrkiye&#8217;nin daha \u00f6zg\u00fcr bireylerden olu\u015fan bir demokrasi olmas\u0131 i\u00e7in herkesin \u00e7aba sarf etti\u011fi bir d\u00f6nemde, say\u0131n Ar\u0131n\u00e7&#8217;\u0131n tutumu korkutucudur&#8221; diyen T\u00dcS\u0130AD Ba\u015fkan\u0131 \u00dcmit Boyner, &#8220;Se\u00e7im \u00f6ncesi d\u00f6nemde ahlaki de\u011ferler \u00fczerinden bir sivil toplum kurulu\u015fu ba\u015fkan\u0131na, nedenini bilemedi\u011fimiz bir hezeyanla, bu kadar a\u011f\u0131r bir hakaret y\u00f6neltmek, konuyu seviyesiz bir siyasi istismar konusu haline getirmekten ba\u015fka bir \u015fey de\u011fildir&#8221; g\u00f6r\u00fc\u015f\u00fcn\u00fc dile getirdi.<\/p>\n<p style=\"text-align: justify;\">&#8221;T\u00dcS\u0130AD, internet kullan\u0131m\u0131 konusunda evrensel \u00f6l\u00e7\u00fctler \u00fczerinden bir denetlemeyi ve bu alandaki reg\u00fclasyonun yeniden g\u00f6zden ge\u00e7irilmesini elbette savunmaktad\u0131r&#8221; diyen Boyner, yasaklamaya y\u00f6nelik giri\u015fimlerin bireysel \u00f6zg\u00fcrl\u00fckler konusunda kayg\u0131ya yol a\u00e7t\u0131\u011f\u0131n\u0131 iddia etti.<\/p>\n<p style=\"text-align: justify;\">Boyner, \u015funlar\u0131 kaydetti:<\/p>\n<p style=\"text-align: justify;\">&#8221;Say\u0131n Ar\u0131n\u00e7&#8217;\u0131n beni ve \u00e7ocuklar\u0131m\u0131 g\u00fcndeme getirerek elde etmek istedi\u011fi siyasi rant\u0131 ay\u0131pl\u0131yorum. Kendisinin \u00f6zg\u00fcrl\u00fck, demokrasi ve sivil toplum konusunda daha ileri bir anlay\u0131\u015fa ihtiyac\u0131 oldu\u011funu d\u00fc\u015f\u00fcn\u00fcyorum.<\/p>\n<p style=\"text-align: justify;\">Say\u0131n Ar\u0131n\u00e7&#8217;\u0131n konuyu ki\u015fiselle\u015ftirerek \u015fahs\u0131mla u\u011fra\u015fmak yerine, \u00f6ncelikle T\u00fcrkiye&#8217;nin kar\u015f\u0131 kar\u015f\u0131ya oldu\u011fu temel sorun alanlar\u0131 olan demokratikle\u015fme, i\u015fsizlik ve e\u011fitim gibi konularla ilgilenmesini tavsiye ediyorum.&#8221;<\/p>\n<p style=\"text-align: justify;\"><strong>DEVLET BAKANI VE BA\u015eBAKAN YARDIMCISI ARIN\u00c7&#8217;IN G\u00d6R\u00dc\u015eLER\u0130<\/strong><\/p>\n<p style=\"text-align: justify;\">\u00dcmit Boyner&#8217;in, Bilgi Teknolojileri ve \u0130leti\u015fim Kurumunun (BTK) internete getirece\u011fi filtre uygulamas\u0131n\u0131 &#8221;internete sans\u00fcr&#8221; olarak yorumlamas\u0131n\u0131 de\u011ferlendiren Ar\u0131n\u00e7, d\u00fcn \u015fu g\u00f6r\u00fc\u015fleri ifade etmi\u015fti:<\/p>\n<p style=\"text-align: justify;\">&#8221;\u0130nternet \u00e7ok gerekli, faydal\u0131 ileti\u015fim arac\u0131. \u0130nternete girmeyen oraya bakarak \u00e7al\u0131\u015fmalar\u0131n\u0131 haz\u0131rlamayan bir ki\u015fi d\u00fc\u015f\u00fcn\u00fclemez. Ama Boyner de bilsin ki; d\u00fcnyan\u0131n her yerinde porno sitelerine kar\u015f\u0131, \u015fiddet yayan sitelere kar\u015f\u0131, &#8216;Annenizi nas\u0131l \u00f6ld\u00fcrebilirsiniz?&#8217; diye tarifte bulunan sitelere kar\u015f\u0131, hayvanlarla ili\u015fkiyi, \u00e7ocuklarla ili\u015fkiyi, her t\u00fcrl\u00fc rezaleti yay\u0131nlayan sitelere kar\u015f\u0131 elbette filtrasyon vard\u0131r ve elbette ba\u015fka tedbirler de al\u0131nacakt\u0131r. Say\u0131n Boyner&#8217;in bir \u00e7ocuk annesi olarak memnun olmas\u0131 gerekti\u011fini d\u00fc\u015f\u00fcn\u00fcyorum. T\u00fcrkiye&#8217;de her \u015fey s\u0131n\u0131rs\u0131z ve sorumsuz de\u011fildir. \u00d6zg\u00fcrl\u00fcklerin de bir s\u0131n\u0131r\u0131 vard\u0131r. Anayasa&#8217;n\u0131n 2. maddesini Boyner&#8217;e hat\u0131rlat\u0131r\u0131m. Ailenin korunmas\u0131 devlete verilen anayasal g\u00f6revdir. Gen\u00e7lerin korunmas\u0131, h\u00fck\u00fcmetlere, devlete verilen g\u00f6revdir.<\/p>\n<p style=\"text-align: justify;\">\u0130nternet bu kadar s\u0131n\u0131rs\u0131z ve sorumsuz bir alanda hizmet g\u00f6r\u00fcyorken, sadece ruhsal d\u00fcnyam\u0131z\u0131 koruyabilmek, k\u00f6t\u00fc al\u0131\u015fkanl\u0131klar\u0131n, insanlar\u0131 me\u015fgul edebilecek zararl\u0131 al\u0131\u015fkanl\u0131klar\u0131n \u00f6n\u00fcne ge\u00e7ebilmek i\u00e7in bir filtre uygulamas\u0131n\u0131n veya \u00f6nlem al\u0131nmas\u0131n\u0131n topluma zarar\u0131 de\u011fil faydas\u0131 var. Say\u0131n Boyner ve d\u00fc\u015f\u00fcncesindekiler iktidara gelirse her \u015feyi, porno sitelerini de \u015fiddet yayanlar\u0131 da \u00f6ld\u00fcrme tarifleri yapanlar\u0131 da serbest b\u0131rakabilirler.&#8221;<\/p>\n<p style=\"text-align: justify;\"><a href=\"http:\/\/www.gazeteport.com.tr\/EKONOMI\/NEWS\/GP_911717\" target=\"_blank\">Kaynak : GAZETEPORT<\/a><\/p>\n","protected":false},"excerpt":{"rendered":"<p style=\"text-align: center;\">\n<p style=\"text-align: justify;\">Bilgi Teknolojileri ve \u0130leti\u015fim Kurumunun (BTK) internete getirece\u011fi filtre uygulamas\u0131n\u0131 ele\u015ftiren T\u00fcrk Sanayicileri ve \u0130\u015fadamlar\u0131 Derne\u011fi (T\u00dcS\u0130AD) Y\u00f6netim Kurulu Ba\u015fkan\u0131 \u00dcmit Boyner, bu konuda Devlet Bakan\u0131 ve Ba\u015fbakan Yard\u0131mc\u0131s\u0131 B\u00fclent Ar\u0131n\u00e7&#8217;\u0131n d\u00fcnk\u00fc a\u00e7\u0131klamalar\u0131na yaz\u0131l\u0131 cevap verdi.<\/p>\n","protected":false},"author":1,"featured_media":0,"comment_status":"open","ping_status":"closed","sticky":false,"template":"","format":"standard","meta":{"footnotes":""},"categories":[105],"tags":[],"class_list":["post-33675","post","type-post","status-publish","format-standard","hentry","category-gundem","odd"],"_links":{"self":[{"href":"http:\/\/www.korhanyilmaz.com\/index.php?rest_route=\/wp\/v2\/posts\/33675","targetHints":{"allow":["GET"]}}],"collection":[{"href":"http:\/\/www.korhanyilmaz.com\/index.php?rest_route=\/wp\/v2\/posts"}],"about":[{"href":"http:\/\/www.korhanyilmaz.com\/index.php?rest_route=\/wp\/v2\/types\/post"}],"author":[{"embeddable":true,"href":"http:\/\/www.korhanyilmaz.com\/index.php?rest_route=\/wp\/v2\/users\/1"}],"replies":[{"embeddable":true,"href":"http:\/\/www.korhanyilmaz.com\/index.php?rest_route=%2Fwp%2Fv2%2Fcomments&post=33675"}],"version-history":[{"count":0,"href":"http:\/\/www.korhanyilmaz.com\/index.php?rest_route=\/wp\/v2\/posts\/33675\/revisions"}],"wp:attachment":[{"href":"http:\/\/www.korhanyilmaz.com\/index.php?rest_route=%2Fwp%2Fv2%2Fmedia&parent=33675"}],"wp:term":[{"taxonomy":"category","embeddable":true,"href":"http:\/\/www.korhanyilmaz.com\/index.php?rest_route=%2Fwp%2Fv2%2Fcategories&post=33675"},{"taxonomy":"post_tag","embeddable":true,"href":"http:\/\/www.korhanyilmaz.com\/index.php?rest_route=%2Fwp%2Fv2%2Ftags&post=33675"}],"curies":[{"name":"wp","href":"https:\/\/api.w.org\/{rel}","templated":true}]}}