{"id":33670,"date":"2011-05-27T12:35:44","date_gmt":"2011-05-27T09:35:44","guid":{"rendered":"http:\/\/www.korhanyilmaz.com\/?p=33670"},"modified":"2011-05-27T12:35:44","modified_gmt":"2011-05-27T09:35:44","slug":"arinctan-tusiada-cok-sert-elestiri","status":"publish","type":"post","link":"http:\/\/www.korhanyilmaz.com\/?p=33670","title":{"rendered":"Ar\u0131n\u00e7&#8217;tan T\u00dcS\u0130AD&#8217;a \u00e7ok sert ele\u015ftiri"},"content":{"rendered":"<p style=\"text-align: justify;\"><a href=\"http:\/\/www.korhanyilmaz.com\/wp-content\/uploads\/2011\/05\/3241.jpg\"  class=\"lightview\"><img loading=\"lazy\" decoding=\"async\" class=\"aligncenter size-full wp-image-33671\" src=\"http:\/\/www.korhanyilmaz.com\/wp-content\/uploads\/2011\/05\/3241.jpg\" alt=\"\" width=\"336\" height=\"223\" \/><\/a><\/p>\n<p style=\"text-align: justify;\">Devlet Bakan\u0131 ve Ba\u015fbakan Yard\u0131mc\u0131s\u0131 B\u00fclent Ar\u0131n\u00e7, T\u00dcS\u0130AD&#8217;\u0131n kendilerinde g\u00fcven zafiyeti yaratt\u0131\u011f\u0131n\u0131 bildirerek, &#8216;T\u00dcS\u0130AD ge\u00e7mi\u015ften bu yana s\u00f6ylediklerine sahip \u00e7\u0131kmayan, g\u00fcvenilmeyen bir kurulu\u015f olmu\u015ftur&#8217; dedi.<!--more--><\/p>\n<p style=\"text-align: justify;\">BURSA &#8211; Se\u00e7im b\u00f6lgesi Bursa\u2019da gezilerini s\u00fcrd\u00fcren Devlet Bakan\u0131 ve Ba\u015fbakan Yard\u0131mc\u0131s\u0131 B\u00fclent Ar\u0131n\u00e7, bu sabah yapt\u0131\u011f\u0131 kahvalt\u0131l\u0131 bas\u0131n toplant\u0131s\u0131nda Genelkurmay Ba\u015fkanl\u0131\u011f\u0131\u2019n\u0131n iptal etti\u011fi tatbikat ve internette filtre uygulamas\u0131 ile ilgili sorular\u0131 yan\u0131tlad\u0131.<\/p>\n<p style=\"text-align: justify;\"><strong>T\u00dcS\u0130AD\u2019A SERT ELE\u015eT\u0130R\u0130<\/strong><\/p>\n<p style=\"text-align: justify;\">B\u00fclent Ar\u0131n\u00e7, T\u00dcS\u0130AD Ba\u015fkan\u0131 \u00dcmit Boyner\u2019in internet yasaklar\u0131yla ilgili a\u00e7\u0131klamas\u0131yla ilgili soru \u00fczerine, BUS\u0130AD\u2019\u0131n verdi\u011fi ak\u015fam yeme\u011finde bunun cevab\u0131n\u0131 verdi\u011fini belirterek, bu kurumla ge\u00e7mi\u015ften bu yana iyi ili\u015fkiler i\u00e7inde olduklar\u0131n\u0131 belirtip, \u015funlar\u0131 s\u00f6yledi:<\/p>\n<p style=\"text-align: justify;\">&#8220;Say\u0131n Boyner de beni ziyaret etti. Ama T\u00dcS\u0130AD\u2019\u0131n bizde bir g\u00fcven zafiyeti meydana getiren tutumu var. Demokratikle\u015fme, \u00f6zg\u00fcrl\u00fckler ad\u0131na, yeni anayasa yap\u0131m\u0131na dair s\u00f6zler s\u00f6yl\u00fcyorlar, raporlar haz\u0131rl\u0131yorlar, kamuoyuna a\u00e7\u0131kl\u0131yorlar. Ama tepkiler \u00fczerine, hemen \u2019duymad\u0131m\u2019, \u2019g\u00f6rmedim\u2019 havas\u0131na giriyorlar. Benim bildi\u011fim T\u00dcS\u0130AD, bilim adamlar\u0131na g\u00f6rev vererek raporlar haz\u0131rlam\u0131\u015ft\u0131r ve bunlara sonra sahip \u00e7\u0131kmam\u0131\u015ft\u0131r. En son yeni Anayasa konusunda. Yeni Anayasa\u2019y\u0131 b\u00fcy\u00fck bir heyecanla a\u00e7\u0131klam\u0131\u015flard\u0131. Sonra gelen tepkiler \u00fczerine, &#8220;Bu bizim g\u00f6r\u00fc\u015f\u00fcm\u00fcz de\u011fil, profes\u00f6rlerin g\u00f6r\u00fc\u015f\u00fc\u2019 dediler. Yani T\u00dcS\u0130AD, ge\u00e7mi\u015ften bu yana s\u00f6ylediklerine sahip \u00e7\u0131kmayan, g\u00fcvenilmeyen bir kurulu\u015f olmu\u015ftur.&#8221;<\/p>\n<p style=\"text-align: justify;\">T\u00dcS\u0130AD\u2019\u0131n, ekonomik konularda daha \u00e7ok s\u00f6z s\u00f6ylemesinin daha do\u011fru olaca\u011f\u0131n\u0131 ifade eden B\u00fclent Ar\u0131n\u00e7, T\u00fcrkiye\u2019nin b\u00fcy\u00fcd\u00fc\u011f\u00fcn\u00fc sanayicinin memnun oldu\u011funu s\u00f6yledi. Ar\u0131n\u00e7, &#8220;T\u00dcS\u0130AD da biliyor ki sanayici ve i\u015fadamlar\u0131 hallerinden memnundur. Daha \u00e7ok i\u015f, ihracat yap\u0131yorlar. Bu konuda h\u00fck\u00fcmeti ele\u015ftiremezler. Ele\u015ftirirlerse, en az\u0131ndan kendi \u00fcyelerinize sorun, \u2019Hallerinden memnun mu?\u2019 diye. Bunlar\u0131 yapmay\u0131nca, h\u00fck\u00fcmeti ele\u015ftirmeye ba\u015fl\u0131yorlar&#8221; dedi.<\/p>\n<p style=\"text-align: justify;\">\u0130nternette sans\u00fcrc\u00fcl\u00fck anlay\u0131\u015f\u0131 geliyor d\u00fc\u015f\u00fcncesinin do\u011fru olmad\u0131a\u011f\u0131n\u0131 belirten Ar\u0131n\u00e7, \u015f\u00f6yle devam etti:<\/p>\n<p style=\"text-align: justify;\">&#8220;Say\u0131n Boyner\u2019in de \u00e7ocuklar\u0131 var. Elbet \u0130nternet \u00e7ok faydal\u0131 bir ara\u00e7. Ama Say\u0131n Boyner de bilsin ki, d\u00fcnyan\u0131n her yerinde porno sitelere, \u015fiddet yayan sitelere, \u2018anneni nas\u0131l \u00f6ld\u00fcrebilirsin\u2019, \u2018hayvanlarla, \u00e7ocuklarla ili\u015fki\u2019 her t\u00fcrl\u00fc \u00e7irkinli\u011fi yay\u0131nlayan sitelere kar\u015f\u0131 filtre vard\u0131r. Olmal\u0131d\u0131r. T\u00fcrkiye\u2019de her \u015fey s\u0131n\u0131rs\u0131z de\u011fildir.\u00d6zg\u00fcrl\u00fc\u011f\u00fcn de s\u0131n\u0131r\u0131 var. Gen\u00e7lerin, ailenin korunmas\u0131 h\u00fck\u00fcmetler verilen bir anayasal g\u00f6revdir. H\u00fck\u00fcmetler, anayasalarda kendilerine emredilen g\u00f6revleri yapmak zorundad\u0131rlar. Ruhsal d\u00fcnyam\u0131z\u0131 koruyabilmek, zararl\u0131 al\u0131\u015fkanl\u0131klar\u0131n \u00f6n\u00fcne ge\u00e7mek i\u00e7in bir filtre uygulamas\u0131 veya bir \u00f6nlem al\u0131nmas\u0131n\u0131n topluma zarar\u0131 de\u011fil, faydas\u0131 var. Biz bu d\u00fc\u015f\u00fcnceyiz. Say\u0131n Boyner ya da \u00f6yle d\u00fc\u015f\u00fcnenler iktidara gelirse, porno siteleri ya da di\u011fer konularda istediklerini serbest b\u0131rakabilirler. \u0130ktidara geldiklerinde d\u00fc\u015f\u00fcn\u00fcr\u00fcz.&#8221;<\/p>\n<p style=\"text-align: justify;\">Bas\u0131n\u0131n h\u00fcr ve sans\u00fcrs\u00fcz olmas\u0131n\u0131n \u00f6nemine vurgu yapan Ar\u0131n\u00e7, se\u00e7im sonras\u0131 parlamentoya getirece\u011fi yeni yasalar bulundu\u011funu bunlardan birinin de internet medyas\u0131yla ilgili oldu\u011funu s\u00f6yledi. Ar\u0131n\u00e7, &#8220;Bas\u0131n mensuplar\u0131n\u0131n mahkemeler \u00f6n\u00fcne \u00e7\u0131k\u0131\u015f\u0131, haklar\u0131nda dava a\u00e7\u0131lmas\u0131n\u0131 engelleyen belki de ter\u00f6rle m\u00fccadele konusunda bir iki de\u011fi\u015fiklik olacakt\u0131r. Yine \u00f6zel hayat\u0131n dinlenmesiyle ilgili son d\u00f6nemde kamuoyunu rahats\u0131z eden konularda, onlar\u0131n da cezalar\u0131n\u0131 art\u0131r\u0131c\u0131 yeni d\u00fczenlemeleri parlamentoya getirece\u011fiz&#8221; dedi.<\/p>\n<p style=\"text-align: justify;\">Kahvalt\u0131 sonras\u0131 bas\u0131n mensuplar\u0131n\u0131n kulland\u0131\u011f\u0131 kamera ve foto\u011fraf makineleri ile gazetecilere g\u00f6r\u00fcnt\u00fc alan B\u00fclent Ar\u0131n\u00e7, temel atma t\u00f6renlerine kat\u0131lmak \u00fczere Orhaneli il\u00e7esine hareket etti.<\/p>\n<p style=\"text-align: justify;\"><a href=\"http:\/\/www.radikal.com.tr\/Radikal.aspx?aType=RadikalDetayV3&amp;ArticleID=1050779&amp;Date=28.05.2011&amp;CategoryID=78\" target=\"_blank\">Kaynak : Radikal<\/a><\/p>\n","protected":false},"excerpt":{"rendered":"<p style=\"text-align: justify;\">\n<p style=\"text-align: justify;\">Devlet Bakan\u0131 ve Ba\u015fbakan Yard\u0131mc\u0131s\u0131 B\u00fclent Ar\u0131n\u00e7, T\u00dcS\u0130AD&#8217;\u0131n kendilerinde g\u00fcven zafiyeti yaratt\u0131\u011f\u0131n\u0131 bildirerek, &#8216;T\u00dcS\u0130AD ge\u00e7mi\u015ften bu yana s\u00f6ylediklerine sahip \u00e7\u0131kmayan, g\u00fcvenilmeyen bir kurulu\u015f olmu\u015ftur&#8217; dedi.<\/p>\n","protected":false},"author":1,"featured_media":0,"comment_status":"open","ping_status":"closed","sticky":false,"template":"","format":"standard","meta":{"footnotes":""},"categories":[105],"tags":[],"class_list":["post-33670","post","type-post","status-publish","format-standard","hentry","category-gundem","odd"],"_links":{"self":[{"href":"http:\/\/www.korhanyilmaz.com\/index.php?rest_route=\/wp\/v2\/posts\/33670","targetHints":{"allow":["GET"]}}],"collection":[{"href":"http:\/\/www.korhanyilmaz.com\/index.php?rest_route=\/wp\/v2\/posts"}],"about":[{"href":"http:\/\/www.korhanyilmaz.com\/index.php?rest_route=\/wp\/v2\/types\/post"}],"author":[{"embeddable":true,"href":"http:\/\/www.korhanyilmaz.com\/index.php?rest_route=\/wp\/v2\/users\/1"}],"replies":[{"embeddable":true,"href":"http:\/\/www.korhanyilmaz.com\/index.php?rest_route=%2Fwp%2Fv2%2Fcomments&post=33670"}],"version-history":[{"count":0,"href":"http:\/\/www.korhanyilmaz.com\/index.php?rest_route=\/wp\/v2\/posts\/33670\/revisions"}],"wp:attachment":[{"href":"http:\/\/www.korhanyilmaz.com\/index.php?rest_route=%2Fwp%2Fv2%2Fmedia&parent=33670"}],"wp:term":[{"taxonomy":"category","embeddable":true,"href":"http:\/\/www.korhanyilmaz.com\/index.php?rest_route=%2Fwp%2Fv2%2Fcategories&post=33670"},{"taxonomy":"post_tag","embeddable":true,"href":"http:\/\/www.korhanyilmaz.com\/index.php?rest_route=%2Fwp%2Fv2%2Ftags&post=33670"}],"curies":[{"name":"wp","href":"https:\/\/api.w.org\/{rel}","templated":true}]}}