{"id":33643,"date":"2011-05-27T08:49:55","date_gmt":"2011-05-27T05:49:55","guid":{"rendered":"http:\/\/www.korhanyilmaz.com\/?p=33643"},"modified":"2011-05-27T08:49:55","modified_gmt":"2011-05-27T05:49:55","slug":"mhpliler-star-gazetesini-basti","status":"publish","type":"post","link":"http:\/\/www.korhanyilmaz.com\/?p=33643","title":{"rendered":"MHP&#8217;liler Star gazetesini bast\u0131"},"content":{"rendered":"<p style=\"text-align: center;\"><a href=\"http:\/\/www.korhanyilmaz.com\/wp-content\/uploads\/2011\/05\/3211.jpg\"  class=\"lightview\"><img loading=\"lazy\" decoding=\"async\" class=\"aligncenter size-full wp-image-33644\" src=\"http:\/\/www.korhanyilmaz.com\/wp-content\/uploads\/2011\/05\/3211.jpg\" alt=\"\" width=\"296\" height=\"228\" \/><\/a><\/p>\n<p style=\"text-align: justify;\">Star gazetesi \u00f6n\u00fcnde protestoda bulunan MHP&#8217;li grubun ta\u015fk\u0131nl\u0131k yapmas\u0131 sonucu, gazete binas\u0131n\u0131n camlar\u0131 k\u0131r\u0131l\u0131rken, baz\u0131 protestocular da yaraland\u0131.<\/p>\n<p style=\"text-align: justify;\">G\u00fcne\u015fli&#8217;deki gazete binas\u0131n\u0131n \u00f6n\u00fcne gelen bir grup MHP&#8217;li, Ergun Babahan&#8217;\u0131n bug\u00fcnk\u00fc k\u00f6\u015fe yaz\u0131s\u0131n\u0131 protesto etmek i\u00e7in binan\u0131n \u00f6n\u00fcne siyah \u00e7elenk b\u0131rakt\u0131. <!--more--><\/p>\n<p style=\"text-align: justify;\">Gruptakiler \u00e7e\u015fitli sloganlar atarken, gruptan baz\u0131lar\u0131 da binaya yumurta f\u0131rlatt\u0131.<\/p>\n<p style=\"text-align: justify;\">Protestocular\u0131n binaya y\u00f6nelmeleri \u00fczerine, g\u00fcvenlik g\u00f6revlileri m\u00fcdahale etmek istedi. Bu s\u0131rada ya\u015fanan arbedede binan\u0131n baz\u0131 camlar\u0131 k\u0131r\u0131l\u0131rken, X-Ray cihaz\u0131 da hasar g\u00f6rd\u00fc.<\/p>\n<p style=\"text-align: justify;\">Olayda baz\u0131 protestocular yaraland\u0131.<\/p>\n<p style=\"text-align: justify;\"><strong>6 g\u00f6zalt\u0131<\/strong><\/p>\n<p style=\"text-align: justify;\">Bu arada protesto g\u00f6sterisi yapan MHP&#8217;li gruptan 6 ki\u015fi g\u00f6zalt\u0131na al\u0131nd\u0131.<\/p>\n<p style=\"text-align: justify;\">G\u00f6steri yapan gruptakileri yat\u0131\u015ft\u0131rmak amac\u0131yla olay yerine gelen MHP \u0130stanbul \u0130l Ba\u015fkan\u0131 Abdurrahman Ba\u015fkan, burada yapt\u0131\u011f\u0131 a\u00e7\u0131klamada, \u00fclk\u00fcc\u00fclerin hi\u00e7bir sald\u0131r\u0131 ve iftiray\u0131 unutmas\u0131n\u0131n m\u00fcmk\u00fcn olmad\u0131\u011f\u0131n\u0131 s\u00f6yledi.<\/p>\n<p style=\"text-align: justify;\">Ba\u015fkan, &#8220;Biz bu iftiralar\u0131n hesab\u0131n\u0131 12 Haziran&#8217;da MHP&#8217;nin iktidar\u0131nda bu iftira sahiplerine soraca\u011f\u0131z. Buradan \u015funu hayk\u0131rmak istiyorum. T\u00fcrkiye&#8217;de oynanan oyunlar, 12 Haziran&#8217;da sand\u0131kta bozulacakt\u0131r. Kasetleri biliyoruz. Sizlerin \u00e7ad\u0131r senaryolar\u0131nda yapt\u0131\u011f\u0131n\u0131z kasetleri T\u00fcrk milleti asla unutmayacakt\u0131r. Bunun i\u00e7in b\u00fct\u00fcn dava arkada\u015flar\u0131m ve T\u00fcrk milleti m\u00fcsterih olsun. Bu se\u00e7im arifesinde herkes sa\u011fduyulu ve sab\u0131rl\u0131 olsun. Buradan b\u00fct\u00fcn \u00fclk\u00fcda\u015flar\u0131m\u0131n sessiz bir \u015fekilde da\u011f\u0131lmas\u0131n\u0131 ve \u00fclk\u00fcc\u00fc vakur davran\u0131\u015f\u0131n\u0131 sergilemesini istiyorum&#8221; dedi.<\/p>\n<p style=\"text-align: justify;\">Abdurrahman Ba\u015fkan&#8217;\u0131n \u00e7a\u011fr\u0131s\u0131na ra\u011fmen gruptan baz\u0131lar\u0131 slogan atarak, gazete binas\u0131n\u0131n \u00f6n\u00fcnde kalmaya devam etti.<\/p>\n<p style=\"text-align: justify;\">Olay yerine gelen \u00c7evik Kuvvet ekipleri, uyar\u0131lara ra\u011fmen binan\u0131n \u00f6n\u00fcnden ayr\u0131lmayan 6 ki\u015fiyi g\u00f6zalt\u0131na ald\u0131. Bu arada, gruptakiler, protesto g\u00f6sterisi s\u0131ras\u0131nda bas\u0131n mensuplar\u0131na da sald\u0131rd\u0131.<\/p>\n<p style=\"text-align: justify;\"><a href=\"http:\/\/www.cnnturk.com\/2011\/turkiye\/05\/26\/mhpliler.star.gazetesini.basti\/618048.0\/index.html\" target=\"_blank\">Kaynak : CNN T\u00dcRK<\/a><\/p>\n","protected":false},"excerpt":{"rendered":"<p style=\"text-align: center;\">\n<p style=\"text-align: justify;\">Star gazetesi \u00f6n\u00fcnde protestoda bulunan MHP&#8217;li grubun ta\u015fk\u0131nl\u0131k yapmas\u0131 sonucu, gazete binas\u0131n\u0131n camlar\u0131 k\u0131r\u0131l\u0131rken, baz\u0131 protestocular da yaraland\u0131.<\/p>\n<p style=\"text-align: justify;\">G\u00fcne\u015fli&#8217;deki gazete binas\u0131n\u0131n \u00f6n\u00fcne gelen bir grup MHP&#8217;li, Ergun Babahan&#8217;\u0131n bug\u00fcnk\u00fc k\u00f6\u015fe yaz\u0131s\u0131n\u0131 protesto etmek i\u00e7in binan\u0131n \u00f6n\u00fcne siyah \u00e7elenk b\u0131rakt\u0131. <\/p>\n","protected":false},"author":1,"featured_media":0,"comment_status":"open","ping_status":"closed","sticky":false,"template":"","format":"standard","meta":{"footnotes":""},"categories":[105],"tags":[],"class_list":["post-33643","post","type-post","status-publish","format-standard","hentry","category-gundem","odd"],"_links":{"self":[{"href":"http:\/\/www.korhanyilmaz.com\/index.php?rest_route=\/wp\/v2\/posts\/33643","targetHints":{"allow":["GET"]}}],"collection":[{"href":"http:\/\/www.korhanyilmaz.com\/index.php?rest_route=\/wp\/v2\/posts"}],"about":[{"href":"http:\/\/www.korhanyilmaz.com\/index.php?rest_route=\/wp\/v2\/types\/post"}],"author":[{"embeddable":true,"href":"http:\/\/www.korhanyilmaz.com\/index.php?rest_route=\/wp\/v2\/users\/1"}],"replies":[{"embeddable":true,"href":"http:\/\/www.korhanyilmaz.com\/index.php?rest_route=%2Fwp%2Fv2%2Fcomments&post=33643"}],"version-history":[{"count":0,"href":"http:\/\/www.korhanyilmaz.com\/index.php?rest_route=\/wp\/v2\/posts\/33643\/revisions"}],"wp:attachment":[{"href":"http:\/\/www.korhanyilmaz.com\/index.php?rest_route=%2Fwp%2Fv2%2Fmedia&parent=33643"}],"wp:term":[{"taxonomy":"category","embeddable":true,"href":"http:\/\/www.korhanyilmaz.com\/index.php?rest_route=%2Fwp%2Fv2%2Fcategories&post=33643"},{"taxonomy":"post_tag","embeddable":true,"href":"http:\/\/www.korhanyilmaz.com\/index.php?rest_route=%2Fwp%2Fv2%2Ftags&post=33643"}],"curies":[{"name":"wp","href":"https:\/\/api.w.org\/{rel}","templated":true}]}}