{"id":3364,"date":"2009-02-20T10:11:21","date_gmt":"2009-02-20T08:11:21","guid":{"rendered":"http:\/\/www.korhanyilmaz.com\/?p=3364"},"modified":"2009-02-20T10:11:21","modified_gmt":"2009-02-20T08:11:21","slug":"%e2%80%998-numarali-belge%e2%80%99-bakan-sahin%e2%80%99in-cikti","status":"publish","type":"post","link":"http:\/\/www.korhanyilmaz.com\/?p=3364","title":{"rendered":"\u20198 numaral\u0131 belge\u2019 Bakan \u015eahin\u2019in \u00e7\u0131kt\u0131"},"content":{"rendered":"<p style=\"text-align: center;\"><img loading=\"lazy\" decoding=\"async\" class=\"size-full wp-image-3365 aligncenter\" title=\"\u20198 numaral\u0131 belge\u2019 Bakan \u015eahin\u2019in \u00e7\u0131kt\u0131 \" src=\"http:\/\/www.korhanyilmaz.com\/wp-content\/uploads\/2009\/02\/200220090929521130681.jpg\" alt=\"\u20198 numaral\u0131 belge\u2019 Bakan \u015eahin\u2019in \u00e7\u0131kt\u0131 \" width=\"376\" height=\"240\" \/><\/p>\n<p style=\"text-align: justify;\">H\u00fcrriyet&#8217;ten Ali Da\u011flar&#8217;\u0131n haberine g\u00f6re, Jandarman\u0131n 2009 ba\u015f\u0131nda bir operasyonda ele ge\u00e7irip &#8216;8 numaral\u0131 belge&#8217; olarak kayda ge\u00e7irdi\u011fi vekaletname, Adalet Bakan\u0131 Mehmet Ali \u015eahin&#8217;in \u00e7\u0131kt\u0131. \u015eahin&#8217;in, vekaletnameyi, &#8216;ihaleye fesat kar\u0131\u015ft\u0131rma, tehdit, adam yaralama, ya\u011fma&#8217; gibi su\u00e7lardan tutuklanan, Tuzla Akf\u0131rat eski belediye ba\u015fkan\u0131 Hilmi Y\u0131ld\u0131z&#8217;a gayrimenkul al\u0131m-sat\u0131m\u0131 i\u00e7in verdi\u011fi anla\u015f\u0131ld\u0131. Sorgusunda Y\u0131ld\u0131z, vekaletnameyi \u015f\u00f6yle do\u011frulad\u0131: &#8220;Y\u00fcz y\u00fcze g\u00f6r\u00fc\u015fmede yat\u0131r\u0131m amac\u0131yla verdi. 15 g\u00fcn sonra aray\u0131p &#8216;Kullanmayal\u0131m&#8217; dedi.&#8221;<!--more--><br \/>\nADALET Bakan\u0131 Mehmet Ali \u015eahin&#8217;in, tutuklanan Tuzla Akf\u0131rat eski belediye ba\u015fkan\u0131 Hilmi Y\u0131ld\u0131z&#8217;a gayrimenkul al\u0131m-sat\u0131m\u0131 i\u00e7in vekaletname verdi\u011fi ortaya \u00e7\u0131kt\u0131. Jandarman\u0131n 2009 y\u0131l\u0131 ba\u015f\u0131nda ger\u00e7ekle\u015ftirdi\u011fi operasyonda ele ge\u00e7irilen ve &#8216;8 numaral\u0131 belge&#8217; olarak kayda ge\u00e7en vekaletnamenin iptal edildi\u011fine dair herhangi bir azilname d\u00fczenlenmemi\u015f olmas\u0131 dikkat \u00e7ekti.<\/p>\n<p><strong>Haziran 2008&#8217;de verdi<\/strong><\/p>\n<p>Hilmi Y\u0131ld\u0131z, Jandarma ifadesinde, bu belgenin, Adalet Bakan\u0131 \u015eahin taraf\u0131ndan, y\u00fcz y\u00fcze yapt\u0131klar\u0131 bir g\u00f6r\u00fc\u015fmede Haziran 2008&#8217;de kendisine yat\u0131r\u0131m ama\u00e7l\u0131 verildi\u011fini, kendisinin 15 g\u00fcn sonra arayarak kullan\u0131lmamas\u0131n\u0131 rica etti\u011fini s\u00f6yledi. Y\u0131ld\u0131z, aralar\u0131nda o\u011flu ve eski belediye y\u00f6neticilerinin bulundu\u011fu 25 ki\u015fiyle birlikte ihaleye fesat kar\u0131\u015ft\u0131rma, irtikap, evrakta sahtecilik, tehdit, adam yaralama, ya\u011fma iddialar\u0131 ile tutuklanm\u0131\u015ft\u0131. Akf\u0131rat Belediyesi&#8217;nin 1 A\u011fustos 2008&#8217;de g\u00f6revden al\u0131nan eski ba\u015fkan\u0131 Hilmi Y\u0131ld\u0131z, Jandarma&#8217;n\u0131n 2009 Ocak ay\u0131 ba\u015f\u0131nda d\u00fczenledi\u011fi operasyonun ard\u0131ndan, ilk olarak 10-11 Ocak 2009 tarihlerinde, Sar\u0131gazi Jandarma Komutanl\u0131\u011f\u0131&#8217;nda sorguland\u0131. Daha sonra Cumhuriyet Savc\u0131l\u0131\u011f\u0131&#8217;nda do\u011frulad\u0131\u011f\u0131 15 sayfal\u0131k Jandarma ifadesinde, Y\u0131ld\u0131z&#8217;a, operasyonda ele ge\u00e7en &#8216;8 numaral\u0131 belge&#8217; soruldu. Y\u0131ld\u0131z, belgeyle ilgili \u015fu ifadeyi verdi:<\/p>\n<p>&#8220;Bana g\u00f6stermi\u015f oldu\u011funuz 8 numaral\u0131 belgede ge\u00e7en, Mehmet Ali \u015eahin taraf\u0131ndan ad\u0131ma arsa al\u0131p satabilmek, her t\u00fcrl\u00fc gayrimenkulleri de\u011ferlendirebilmek i\u00e7erikli bir vekaletname taraf\u0131ma verilmi\u015ftir.<\/p>\n<p><strong>Bana azilname gelmedi<\/strong><\/p>\n<p>Kendisi ile yapt\u0131\u011f\u0131m\u0131z y\u00fcz y\u00fcze g\u00f6r\u00fc\u015fmede yat\u0131r\u0131m yapmak amac\u0131yla verdi, daha sonra vekaletnameyi verdikten 15 g\u00fcn sonra telefonla beni arad\u0131 ve &#8216;Vekaletnameyi kullanmayal\u0131m&#8217; diye benden rica etti. Ben bu vekaletnameyi hi\u00e7 kullanmad\u0131m fakat kendisi telefonla bana s\u00f6yledi, yasal olarak herhangi bir azilname belgesi bana gelmedi, b\u00f6yle bir belge yapt\u0131r\u0131p yapt\u0131rmad\u0131\u011f\u0131n\u0131 bilmiyorum. Ben kendisini avukatl\u0131\u011f\u0131ndan beri tan\u0131r\u0131m. Ayn\u0131 siyasi \u00e7izgideydik.&#8221; \u015e\u00fcpheli Y\u0131ld\u0131z, Jandarman\u0131n &#8220;Ba\u015fka belediyelerde de b\u00f6yle bir belge olup olmad\u0131\u011f\u0131&#8221; sorusuna, &#8220;Bilmiyorum&#8221; yan\u0131t\u0131n\u0131 verdi.\n<\/p>\n<p style=\"text-align: justify;\"><span style=\"color: #888888;\">Kaynak : Vatan Gazetesi<\/span><\/p>\n","protected":false},"excerpt":{"rendered":"<p style=\"text-align: center;\">\n<p style=\"text-align: justify;\">H\u00fcrriyet&#8217;ten Ali Da\u011flar&#8217;\u0131n haberine g\u00f6re, Jandarman\u0131n 2009 ba\u015f\u0131nda bir operasyonda ele ge\u00e7irip &#8216;8 numaral\u0131 belge&#8217; olarak kayda ge\u00e7irdi\u011fi vekaletname, Adalet Bakan\u0131 Mehmet Ali \u015eahin&#8217;in \u00e7\u0131kt\u0131. \u015eahin&#8217;in, vekaletnameyi, &#8216;ihaleye fesat kar\u0131\u015ft\u0131rma, tehdit, adam yaralama, ya\u011fma&#8217; gibi su\u00e7lardan tutuklanan, Tuzla Akf\u0131rat eski belediye ba\u015fkan\u0131 Hilmi Y\u0131ld\u0131z&#8217;a gayrimenkul al\u0131m-sat\u0131m\u0131 i\u00e7in verdi\u011fi anla\u015f\u0131ld\u0131. Sorgusunda <\/p>\n","protected":false},"author":1,"featured_media":0,"comment_status":"open","ping_status":"closed","sticky":false,"template":"","format":"standard","meta":{"footnotes":""},"categories":[105],"tags":[],"class_list":["post-3364","post","type-post","status-publish","format-standard","hentry","category-gundem","odd"],"_links":{"self":[{"href":"http:\/\/www.korhanyilmaz.com\/index.php?rest_route=\/wp\/v2\/posts\/3364","targetHints":{"allow":["GET"]}}],"collection":[{"href":"http:\/\/www.korhanyilmaz.com\/index.php?rest_route=\/wp\/v2\/posts"}],"about":[{"href":"http:\/\/www.korhanyilmaz.com\/index.php?rest_route=\/wp\/v2\/types\/post"}],"author":[{"embeddable":true,"href":"http:\/\/www.korhanyilmaz.com\/index.php?rest_route=\/wp\/v2\/users\/1"}],"replies":[{"embeddable":true,"href":"http:\/\/www.korhanyilmaz.com\/index.php?rest_route=%2Fwp%2Fv2%2Fcomments&post=3364"}],"version-history":[{"count":0,"href":"http:\/\/www.korhanyilmaz.com\/index.php?rest_route=\/wp\/v2\/posts\/3364\/revisions"}],"wp:attachment":[{"href":"http:\/\/www.korhanyilmaz.com\/index.php?rest_route=%2Fwp%2Fv2%2Fmedia&parent=3364"}],"wp:term":[{"taxonomy":"category","embeddable":true,"href":"http:\/\/www.korhanyilmaz.com\/index.php?rest_route=%2Fwp%2Fv2%2Fcategories&post=3364"},{"taxonomy":"post_tag","embeddable":true,"href":"http:\/\/www.korhanyilmaz.com\/index.php?rest_route=%2Fwp%2Fv2%2Ftags&post=3364"}],"curies":[{"name":"wp","href":"https:\/\/api.w.org\/{rel}","templated":true}]}}