{"id":33635,"date":"2011-05-26T22:15:45","date_gmt":"2011-05-26T19:15:45","guid":{"rendered":"http:\/\/www.korhanyilmaz.com\/?p=33635"},"modified":"2011-05-26T22:15:45","modified_gmt":"2011-05-26T19:15:45","slug":"izmir-savcisi-yetkilerini-birakti","status":"publish","type":"post","link":"http:\/\/www.korhanyilmaz.com\/?p=33635","title":{"rendered":"\u0130zmir savc\u0131s\u0131 yetkilerini b\u0131rakt\u0131"},"content":{"rendered":"<p style=\"text-align: justify;\"><a href=\"http:\/\/www.korhanyilmaz.com\/wp-content\/uploads\/2011\/05\/3191.jpg\"  class=\"lightview\"><img loading=\"lazy\" decoding=\"async\" class=\"aligncenter size-full wp-image-33636\" src=\"http:\/\/www.korhanyilmaz.com\/wp-content\/uploads\/2011\/05\/3191.jpg\" alt=\"\" width=\"280\" height=\"202\" \/><\/a><\/p>\n<p style=\"text-align: justify;\">\u0130zmir&#8217;de 17 ki\u015finin tutukland\u0131\u011f\u0131 belediyeye y\u00f6nelik operasyonun \u00f6zel yetkili savc\u0131lar\u0131ndan birinin, \u00f6zel yetkilerini b\u0131rakt\u0131\u011f\u0131 iddia edildi.<\/p>\n<p style=\"text-align: justify;\">\u0130ZM\u0130R &#8211; \u0130zmir B\u00fcy\u00fck\u015fehir Belediyesine y\u00f6nelik olarak d\u00fczenlenen operasyonda g\u00f6rev alan \u00f6zel yetkili savc\u0131lardan birinin, \u00f6zel yetkilerini b\u0131rakt\u0131\u011f\u0131 \u00f6ne s\u00fcr\u00fcld\u00fc. <!--more--><\/p>\n<p style=\"text-align: justify;\">Al\u0131nan bilgiye g\u00f6re, operasyonu ba\u015flatan \u00f6zel yetkili cumhuriyet savc\u0131lar\u0131 aras\u0131nda yer alan Ahmet T\u00fcrko\u011flu, \u00f6zel yetkilerini b\u0131rakt\u0131 ve adliyede savc\u0131 olarak g\u00f6revine devam etme karar\u0131 ald\u0131.<\/p>\n<p style=\"text-align: justify;\">T\u00fcrko\u011flu&#8217;nun kendi iste\u011fiyle \u00f6zel yetkilerini b\u0131rakt\u0131\u011f\u0131 iddia edildi.<\/p>\n<p style=\"text-align: justify;\">\u0130zmir B\u00fcy\u00fck\u015fehir, Karaba\u011flar ve Ayd\u0131n&#8217;\u0131n Ku\u015fadas\u0131 Belediyelerine d\u00fczenlenen operasyonda, aralar\u0131nda \u0130zmir B\u00fcy\u00fck\u015fehir Belediyesi Genel Sekreteri Pervin \u015eenel Gen\u00e7&#8217;in de bulundu\u011fu 17 ki\u015fi tutuklanm\u0131\u015ft\u0131.<\/p>\n<p style=\"text-align: justify;\"><a href=\"http:\/\/www.radikal.com.tr\/Radikal.aspx?aType=RadikalDetayV3&amp;ArticleID=1050710&amp;Date=27.05.2011&amp;CategoryID=77\" target=\"_blank\">Kaynak : Radikal<\/a><\/p>\n","protected":false},"excerpt":{"rendered":"<p style=\"text-align: justify;\">\n<p style=\"text-align: justify;\">\u0130zmir&#8217;de 17 ki\u015finin tutukland\u0131\u011f\u0131 belediyeye y\u00f6nelik operasyonun \u00f6zel yetkili savc\u0131lar\u0131ndan birinin, \u00f6zel yetkilerini b\u0131rakt\u0131\u011f\u0131 iddia edildi.<\/p>\n<p style=\"text-align: justify;\">\u0130ZM\u0130R &#8211; \u0130zmir B\u00fcy\u00fck\u015fehir Belediyesine y\u00f6nelik olarak d\u00fczenlenen operasyonda g\u00f6rev alan \u00f6zel yetkili savc\u0131lardan birinin, \u00f6zel yetkilerini b\u0131rakt\u0131\u011f\u0131 \u00f6ne s\u00fcr\u00fcld\u00fc. <\/p>\n","protected":false},"author":1,"featured_media":0,"comment_status":"open","ping_status":"closed","sticky":false,"template":"","format":"standard","meta":{"footnotes":""},"categories":[105],"tags":[],"class_list":["post-33635","post","type-post","status-publish","format-standard","hentry","category-gundem","odd"],"_links":{"self":[{"href":"http:\/\/www.korhanyilmaz.com\/index.php?rest_route=\/wp\/v2\/posts\/33635","targetHints":{"allow":["GET"]}}],"collection":[{"href":"http:\/\/www.korhanyilmaz.com\/index.php?rest_route=\/wp\/v2\/posts"}],"about":[{"href":"http:\/\/www.korhanyilmaz.com\/index.php?rest_route=\/wp\/v2\/types\/post"}],"author":[{"embeddable":true,"href":"http:\/\/www.korhanyilmaz.com\/index.php?rest_route=\/wp\/v2\/users\/1"}],"replies":[{"embeddable":true,"href":"http:\/\/www.korhanyilmaz.com\/index.php?rest_route=%2Fwp%2Fv2%2Fcomments&post=33635"}],"version-history":[{"count":0,"href":"http:\/\/www.korhanyilmaz.com\/index.php?rest_route=\/wp\/v2\/posts\/33635\/revisions"}],"wp:attachment":[{"href":"http:\/\/www.korhanyilmaz.com\/index.php?rest_route=%2Fwp%2Fv2%2Fmedia&parent=33635"}],"wp:term":[{"taxonomy":"category","embeddable":true,"href":"http:\/\/www.korhanyilmaz.com\/index.php?rest_route=%2Fwp%2Fv2%2Fcategories&post=33635"},{"taxonomy":"post_tag","embeddable":true,"href":"http:\/\/www.korhanyilmaz.com\/index.php?rest_route=%2Fwp%2Fv2%2Ftags&post=33635"}],"curies":[{"name":"wp","href":"https:\/\/api.w.org\/{rel}","templated":true}]}}