{"id":33631,"date":"2011-05-27T08:32:06","date_gmt":"2011-05-27T05:32:06","guid":{"rendered":"http:\/\/www.korhanyilmaz.com\/?p=33631"},"modified":"2011-05-27T08:32:06","modified_gmt":"2011-05-27T05:32:06","slug":"yargitayda-neler-oluyor","status":"publish","type":"post","link":"http:\/\/www.korhanyilmaz.com\/?p=33631","title":{"rendered":"Yarg\u0131tay&#8217;da neler oluyor?"},"content":{"rendered":"<p style=\"text-align: justify;\"><a href=\"http:\/\/www.korhanyilmaz.com\/wp-content\/uploads\/2011\/05\/318.jpg\"  class=\"lightview\"><img loading=\"lazy\" decoding=\"async\" class=\"aligncenter size-full wp-image-33632\" src=\"http:\/\/www.korhanyilmaz.com\/wp-content\/uploads\/2011\/05\/318.jpg\" alt=\"\" width=\"414\" height=\"220\" \/><\/a><\/p>\n<p style=\"text-align: justify;\">Yarg\u0131tay Ba\u015fkanl\u0131\u011f\u0131 se\u00e7imlerine g\u00fcnler kald\u0131. Ba\u015fkan adayl\u0131\u011f\u0131 i\u00e7in ad\u0131 ge\u00e7en \u00f6nemli isimlerden Ersan \u00dclker, \u201c\u0130ktidar\u0131n se\u00e7ti\u011fi 160 \u00fcye ortak hareket ediyor, se\u00e7imlerin sonucu zaten belli, yeni ba\u015fkan Naz\u0131m Kaynak\u201d dedi ve \u00e7ekildi\u011fini a\u00e7\u0131klad\u0131.<!--more--><\/p>\n<p style=\"text-align: justify;\">Hasan Ger\u00e7eker\u2019in ya\u015f hadddinden emekliye ayr\u0131lmas\u0131ndan sonra 2 Haziran\u2019da Yarg\u0131tay\u2019da ba\u015fkanl\u0131k se\u00e7imi yap\u0131lacak. Se\u00e7imde 6. Ceza Dairesi Ba\u015fkan\u0131 Ahmet Ceylani Tu\u011frul, eski Yarg\u0131tay Ba\u015fsavc\u0131s\u0131 Abdurrahman Yal\u00e7\u0131nkaya, 6. Hukuk Dairesi Ba\u015fkan\u0131 Naz\u0131m Kaynak\u2019\u0131n yar\u0131\u015fmas\u0131 bekleniyor. Ba\u015fkanl\u0131k se\u00e7imi i\u00e7in ad\u0131 ge\u00e7en Ersan \u00dclker ise hem Yarg\u0131tay Ba\u015fkanl\u0131\u011f\u0131 hem de 2.5 ay sonra g\u00f6rev s\u00fcresini dolduraca\u011f\u0131 Daire Ba\u015fkanl\u0131\u011f\u0131 se\u00e7imlerinden \u00e7ekildi\u011fini duyurdu.<\/p>\n<p style=\"text-align: justify;\"><strong>SONUCU BELL\u0130 SE\u00c7\u0130M<\/strong><\/p>\n<p style=\"text-align: justify;\">\u00dclker, Vatan\u2019a yapt\u0131\u011f\u0131 a\u00e7\u0131klamada adayl\u0131ktan \u00e7ekilmesiyle kamuoyuna bir mesaj da vermek istedi\u011fini belirterek \u201c\u015eimdi adayl\u0131\u011f\u0131n bir anlam\u0131 da yok. \u00d6nceden se\u00e7im sonucu belli ise se\u00e7im olur mu?\u201d dedi. Yarg\u0131tay\u2019\u0131n yap\u0131s\u0131n\u0131 de\u011fi\u015ftiren yasan\u0131n \u00e7\u0131kmas\u0131ndan sonra HSYK\u2019n\u0131n se\u00e7ti\u011fi 160 yeni \u00fcyenin bug\u00fcne kadar yap\u0131lan Birinci Ba\u015fkanl\u0131k Kurulu, Ba\u015fsavc\u0131l\u0131k, Ba\u015fsavc\u0131 Vekilli\u011fi ve yeni kurulan dairelerin ba\u015fkanl\u0131klar\u0131 i\u00e7in yap\u0131lan se\u00e7imlerde hep \u201cblok\u201d halinde ayn\u0131 oyu kulland\u0131klar\u0131n\u0131 anlatan \u00dclker \u201cBirinci Ba\u015fkanl\u0131k Kurulu Yarg\u0131tay \u00fcyeleri ile ilgili soru\u015fturmalarda ve i\u00e7tihadi birle\u015ftirme kararlar\u0131n\u0131n al\u0131n\u0131p al\u0131nmayaca\u011f\u0131na karar veren \u00e7ok \u00f6nemli bir kurul. Ama \u00e7ok tecr\u00fcbeli arkada\u015flar aday olmas\u0131na ra\u011fmen se\u00e7ilemediler. \u00dcstelik bunlardan 2\u2019sinin kar\u015f\u0131s\u0131nda rakip de yoktu. Ama HSYK\u2019n\u0131n se\u00e7ti\u011fi 160 ki\u015fi ve onlara yak\u0131n olan daha eski \u00fcyeler oy vermedi. 2 daire ba\u015fkan\u0131 se\u00e7ilemedi. Yerlerine ba\u015fkalar\u0131 se\u00e7ildi\u201d dedi. Daire ba\u015fkanl\u0131klar\u0131 i\u00e7in yap\u0131lan se\u00e7imlerde de hep ayn\u0131 tablonun ortaya \u00e7\u0131kt\u0131\u011f\u0131n\u0131 anlatan \u00dclker, \u015f\u00f6yle devam etti:<\/p>\n<p style=\"text-align: justify;\"><strong>160 TAZE G\u00dc\u00c7<\/strong><\/p>\n<p style=\"text-align: justify;\">\u201c160 \u00fcye blok halinde hareket ediyor. \u0130stemedikleri ki\u015fileri kar\u015f\u0131lar\u0131nda rakip olmasa bile se\u00e7tirmiyorlar. Bu noktaya nas\u0131l gelindi? As\u0131l \u00f6nemli olan o. \u00d6nce yeni yasal d\u00fczenlemelerle Yarg\u0131tay\u2019daki ceza daireleri dosya bak\u0131m\u0131ndan \u015fi\u015fti. Biz daha \u00f6nce kesinle\u015fmi\u015f dosyalara bakmaktan devam eden davalara bakamad\u0131k bir s\u00fcre. Dosya say\u0131s\u0131 b\u00f6yle \u015fi\u015fince \u00e7\u00f6z\u00fcm olarak 160 yeni \u00fcyeyi \u2018taze g\u00fc\u00e7\u2019 olarak se\u00e7tiler.\u201d<\/p>\n<p style=\"text-align: justify;\"><strong>4 AYDIR DOSYA A\u00c7MADILAR<\/strong><\/p>\n<p style=\"text-align: justify;\">\u201cAma ne yaz\u0131k ki 4 ayd\u0131r bu arkada\u015flar\u0131n b\u00fcy\u00fck k\u0131sm\u0131 dosya kapa\u011f\u0131n\u0131 dahi a\u00e7amad\u0131lar. \u00c7\u00fcnk\u00fc \u00e7al\u0131\u015facaklar\u0131 fiziki mekan yok. Ama bu \u00fcyeler Yarg\u0131tay\u2019daki se\u00e7imlerde pekala oy kullanabiliyorlar. B\u00f6ylece Yarg\u0131tay\u2019da b\u00fcy\u00fck bir etkinlik kurdular. Siyasi iradenin belli bir maksada y\u00f6nelik bir davran\u0131\u015f\u0131yd\u0131.\u201d<\/p>\n<p style=\"text-align: justify;\"><strong>BA\u015eKANLIK SE\u00c7\u0130M\u0130 \u0130\u00c7\u0130N SE\u00c7\u0130LD\u0130LER<\/strong><\/p>\n<p style=\"text-align: justify;\">\u201cNormalde HSYK, dairelere fiziki mekan sa\u011flanmadan bir se\u00e7im yapmazd\u0131. Ama arkada bir tak\u0131m hesaplar\u0131 yapanlar bu takvimi i\u015fletmek zorundayd\u0131lar. Birinci Ba\u015fkanl\u0131k, Ba\u015fsavc\u0131l\u0131k se\u00e7imleri fiziki mekan\u0131 bekleyemezdi.\u201d<\/p>\n<p style=\"text-align: justify;\"><strong>SEZER SE\u00c7MEM\u0130\u015eT\u0130<\/strong><\/p>\n<p style=\"text-align: justify;\">11. Ceza Dairesi Ba\u015fkan\u0131 \u00dclker, Yarg\u0131tay Ba\u015fsavc\u0131l\u0131\u011f\u0131 se\u00e7iminde a\u00e7\u0131k ara birinci olmas\u0131na ra\u011fmen eski Cumhurba\u015fkan\u0131 Sezer, \u00dclker\u2019in yerine Abdurrahman Yal\u00e7\u0131nkaya\u2019y\u0131 atam\u0131\u015ft\u0131. \u00dclker, eski Erzincan Ba\u015fsavc\u0131s\u0131 \u0130lhan Cihaner hakk\u0131nda a\u00e7\u0131lan davalar\u0131n Yarg\u0131tay\u2019da birle\u015ftirilmesine karar veren heyetin ba\u015fkanl\u0131\u011f\u0131n\u0131 yapm\u0131\u015ft\u0131. \u00dclker, Yarg\u0131tay\u2019\u0131n yap\u0131s\u0131 de\u011fi\u015ftirilmeden \u00f6nce, Ba\u015fkanl\u0131k i\u00e7in en \u00e7ok \u015fans verilen adaylardan biriydi.<\/p>\n<p style=\"text-align: justify;\"><a href=\"http:\/\/www.gazeteport.com.tr\/GUNCEL\/NEWS\/GP_911425\" target=\"_blank\">Kaynak : GAZETEPORT<\/a><\/p>\n","protected":false},"excerpt":{"rendered":"<p style=\"text-align: justify;\">\n<p style=\"text-align: justify;\">Yarg\u0131tay Ba\u015fkanl\u0131\u011f\u0131 se\u00e7imlerine g\u00fcnler kald\u0131. Ba\u015fkan adayl\u0131\u011f\u0131 i\u00e7in ad\u0131 ge\u00e7en \u00f6nemli isimlerden Ersan \u00dclker, \u201c\u0130ktidar\u0131n se\u00e7ti\u011fi 160 \u00fcye ortak hareket ediyor, se\u00e7imlerin sonucu zaten belli, yeni ba\u015fkan Naz\u0131m Kaynak\u201d dedi ve \u00e7ekildi\u011fini a\u00e7\u0131klad\u0131.<\/p>\n","protected":false},"author":1,"featured_media":0,"comment_status":"open","ping_status":"closed","sticky":false,"template":"","format":"standard","meta":{"footnotes":""},"categories":[105],"tags":[],"class_list":["post-33631","post","type-post","status-publish","format-standard","hentry","category-gundem","odd"],"_links":{"self":[{"href":"http:\/\/www.korhanyilmaz.com\/index.php?rest_route=\/wp\/v2\/posts\/33631","targetHints":{"allow":["GET"]}}],"collection":[{"href":"http:\/\/www.korhanyilmaz.com\/index.php?rest_route=\/wp\/v2\/posts"}],"about":[{"href":"http:\/\/www.korhanyilmaz.com\/index.php?rest_route=\/wp\/v2\/types\/post"}],"author":[{"embeddable":true,"href":"http:\/\/www.korhanyilmaz.com\/index.php?rest_route=\/wp\/v2\/users\/1"}],"replies":[{"embeddable":true,"href":"http:\/\/www.korhanyilmaz.com\/index.php?rest_route=%2Fwp%2Fv2%2Fcomments&post=33631"}],"version-history":[{"count":0,"href":"http:\/\/www.korhanyilmaz.com\/index.php?rest_route=\/wp\/v2\/posts\/33631\/revisions"}],"wp:attachment":[{"href":"http:\/\/www.korhanyilmaz.com\/index.php?rest_route=%2Fwp%2Fv2%2Fmedia&parent=33631"}],"wp:term":[{"taxonomy":"category","embeddable":true,"href":"http:\/\/www.korhanyilmaz.com\/index.php?rest_route=%2Fwp%2Fv2%2Fcategories&post=33631"},{"taxonomy":"post_tag","embeddable":true,"href":"http:\/\/www.korhanyilmaz.com\/index.php?rest_route=%2Fwp%2Fv2%2Ftags&post=33631"}],"curies":[{"name":"wp","href":"https:\/\/api.w.org\/{rel}","templated":true}]}}