{"id":33620,"date":"2011-05-26T19:44:44","date_gmt":"2011-05-26T16:44:44","guid":{"rendered":"http:\/\/www.korhanyilmaz.com\/?p=33620"},"modified":"2011-05-26T19:44:44","modified_gmt":"2011-05-26T16:44:44","slug":"genelkurmay-sessizligini-bozdu","status":"publish","type":"post","link":"http:\/\/www.korhanyilmaz.com\/?p=33620","title":{"rendered":"Genelkurmay sessizli\u011fini bozdu"},"content":{"rendered":"<p style=\"text-align: center;\"><a href=\"http:\/\/www.korhanyilmaz.com\/wp-content\/uploads\/2011\/05\/3161.jpg\"  class=\"lightview\"><img loading=\"lazy\" decoding=\"async\" class=\"aligncenter size-full wp-image-33621\" src=\"http:\/\/www.korhanyilmaz.com\/wp-content\/uploads\/2011\/05\/3161.jpg\" alt=\"\" width=\"307\" height=\"236\" \/><\/a><\/p>\n<p style=\"text-align: justify;\">Genelkurmay Ba\u015fkanl\u0131\u011f\u0131, Denizkurdu ve Efes 2011 tatbikatlar\u0131n\u0131 askeri gerek\u00e7elerle iptal ettiklerini a\u00e7\u0131klad\u0131.<\/p>\n<p style=\"text-align: justify;\">Genelkurmay \u0130leti\u015fim Daire Ba\u015fkan\u0131 Tu\u011fgeneral Tayyar S\u00fcng\u00fc, Denizkurdu-2011 ve Efes-2011 M\u00fc\u015fterek Fiili At\u0131\u015fl\u0131 Tatbikatlar\u0131n\u0131n, sadece askeri gerek\u00e7elerle iptal edildi\u011fini bildirdi. <!--more--><\/p>\n<p><a href=\"http:\/\/www.korhanyilmaz.com\/wp-content\/uploads\/2011\/05\/3171.jpg\"  class=\"lightview\"><img loading=\"lazy\" decoding=\"async\" class=\"size-full wp-image-33622 alignleft\" style=\"margin-left: 10px; margin-right: 10px;\" src=\"http:\/\/www.korhanyilmaz.com\/wp-content\/uploads\/2011\/05\/3171.jpg\" alt=\"\" width=\"234\" height=\"179\" \/><\/a>Tu\u011fgeneral S\u00fcng\u00fc, Azerbaycan Milli G\u00fcn Resepsiyonu&#8217;nda bas\u0131n mensuplar\u0131n\u0131n sorusu \u00fczerine, tatbikatlar\u0131n sadece askeri gerek\u00e7elerle iptal edildi\u011fini, ba\u015fka bir neden bulunmad\u0131\u011f\u0131n\u0131 s\u00f6yledi.<\/p>\n<p style=\"text-align: justify;\">Ba\u015fbakan Recep Tayyip Erdo\u011fan da, bu a\u00e7\u0131klamadan hemen \u00f6nce Denizkurdu-2011 ve Efes-2011 M\u00fc\u015fterek Fiili At\u0131\u015fl\u0131 Tatbikatlar\u0131&#8217;n\u0131n iptal edilmesiyle ilgili &#8220;Hi\u00e7birisine kafa takmay\u0131n, iddialar \u00fczerinde durmay\u0131n, Silahl\u0131 Kuvvetler ne diyorsa ona bak\u0131n&#8221; dedi.<\/p>\n<p style=\"text-align: justify;\">Ba\u015fbakan Erdo\u011fan, AK Parti Aksaray mitinginin ard\u0131ndan bas\u0131n mensuplar\u0131n\u0131n sorular\u0131n\u0131 yan\u0131tlad\u0131.<\/p>\n<p style=\"text-align: justify;\">Erdo\u011fan, &#8220;Tatbikat\u0131n iptaliyle ilgili nedeni kamuoyu \u00e7ok merak ediyor. Bu konuda bir a\u00e7\u0131klaman\u0131z olacak m\u0131? sorusuna, &#8220;Aynen a\u00e7\u0131kland\u0131\u011f\u0131 gibi. Ba\u015fka hi\u00e7bir \u015fey yok&#8221; yan\u0131t\u0131n\u0131 verdi.<\/p>\n<p style=\"text-align: justify;\">Erdo\u011fan, bir gazetecinin, &#8220;Bir \u00e7ok iddia var ortada&#8221; demesi \u00fczerine, &#8220;Hi\u00e7birisine kafa takmay\u0131n, iddialar \u00fczerinde durmay\u0131n, Silahl\u0131 Kuvvetler ne diyorsa ona bak\u0131n&#8221; dedi.<\/p>\n<p style=\"text-align: justify;\">Erdo\u011fan, bir gazetecinin &#8220;Silahl\u0131 Kuvvetler de bir gerek\u00e7e a\u00e7\u0131klamad\u0131&#8221; s\u00f6zleri \u00fczerine de &#8220;Her \u015feyin gerek\u00e7esi a\u00e7\u0131klan\u0131r m\u0131?&#8221; diye konu\u015ftu.<\/p>\n<p style=\"text-align: justify;\">Erdo\u011fan&#8217;dan \u00f6nce de Devlet Bakan\u0131 ve Ba\u015fbakan Yard\u0131mc\u0131s\u0131 Cemil \u00c7i\u00e7ek&#8217; a\u00e7\u0131klama yapm\u0131\u015ft\u0131.<\/p>\n<p style=\"text-align: justify;\">\u00c7i\u00e7ek, Genelkurmay Ba\u015fkanl\u0131\u011f\u0131&#8217;n\u0131n baz\u0131 tatbikatlar\u0131 iptal etmesiyle ilgili olarak, &#8220;A\u00e7\u0131klamay\u0131 Genelkurmay yaps\u0131n, ben yapmam&#8221; dedi.<\/p>\n<p><a href=\"http:\/\/www.cnnturk.com\/2011\/turkiye\/05\/26\/genelkurmay.sessizligini.bozdu\/617965.0\/index.html\" target=\"_blank\">Kaynak : CNN T\u00dcRK<\/a><\/p>\n","protected":false},"excerpt":{"rendered":"<p style=\"text-align: center;\">\n<p style=\"text-align: justify;\">Genelkurmay Ba\u015fkanl\u0131\u011f\u0131, Denizkurdu ve Efes 2011 tatbikatlar\u0131n\u0131 askeri gerek\u00e7elerle iptal ettiklerini a\u00e7\u0131klad\u0131.<\/p>\n<p style=\"text-align: justify;\">Genelkurmay \u0130leti\u015fim Daire Ba\u015fkan\u0131 Tu\u011fgeneral Tayyar S\u00fcng\u00fc, Denizkurdu-2011 ve Efes-2011 M\u00fc\u015fterek Fiili At\u0131\u015fl\u0131 Tatbikatlar\u0131n\u0131n, sadece askeri gerek\u00e7elerle iptal edildi\u011fini bildirdi. <\/p>\n","protected":false},"author":1,"featured_media":0,"comment_status":"open","ping_status":"closed","sticky":false,"template":"","format":"standard","meta":{"footnotes":""},"categories":[105],"tags":[],"class_list":["post-33620","post","type-post","status-publish","format-standard","hentry","category-gundem","odd"],"_links":{"self":[{"href":"http:\/\/www.korhanyilmaz.com\/index.php?rest_route=\/wp\/v2\/posts\/33620","targetHints":{"allow":["GET"]}}],"collection":[{"href":"http:\/\/www.korhanyilmaz.com\/index.php?rest_route=\/wp\/v2\/posts"}],"about":[{"href":"http:\/\/www.korhanyilmaz.com\/index.php?rest_route=\/wp\/v2\/types\/post"}],"author":[{"embeddable":true,"href":"http:\/\/www.korhanyilmaz.com\/index.php?rest_route=\/wp\/v2\/users\/1"}],"replies":[{"embeddable":true,"href":"http:\/\/www.korhanyilmaz.com\/index.php?rest_route=%2Fwp%2Fv2%2Fcomments&post=33620"}],"version-history":[{"count":0,"href":"http:\/\/www.korhanyilmaz.com\/index.php?rest_route=\/wp\/v2\/posts\/33620\/revisions"}],"wp:attachment":[{"href":"http:\/\/www.korhanyilmaz.com\/index.php?rest_route=%2Fwp%2Fv2%2Fmedia&parent=33620"}],"wp:term":[{"taxonomy":"category","embeddable":true,"href":"http:\/\/www.korhanyilmaz.com\/index.php?rest_route=%2Fwp%2Fv2%2Fcategories&post=33620"},{"taxonomy":"post_tag","embeddable":true,"href":"http:\/\/www.korhanyilmaz.com\/index.php?rest_route=%2Fwp%2Fv2%2Ftags&post=33620"}],"curies":[{"name":"wp","href":"https:\/\/api.w.org\/{rel}","templated":true}]}}