{"id":33616,"date":"2011-05-26T17:03:30","date_gmt":"2011-05-26T14:03:30","guid":{"rendered":"http:\/\/www.korhanyilmaz.com\/?p=33616"},"modified":"2011-05-26T17:03:30","modified_gmt":"2011-05-26T14:03:30","slug":"chp-ve-bdpyi-kizdiracak-iddia","status":"publish","type":"post","link":"http:\/\/www.korhanyilmaz.com\/?p=33616","title":{"rendered":"CHP ve BDP&#8217;yi k\u0131zd\u0131racak iddia!"},"content":{"rendered":"<p style=\"text-align: justify;\"><a href=\"http:\/\/www.korhanyilmaz.com\/wp-content\/uploads\/2011\/05\/3151.jpg\"  class=\"lightview\"><img loading=\"lazy\" decoding=\"async\" class=\"aligncenter size-full wp-image-33617\" src=\"http:\/\/www.korhanyilmaz.com\/wp-content\/uploads\/2011\/05\/3151.jpg\" alt=\"\" width=\"360\" height=\"213\" \/><\/a><\/p>\n<p style=\"text-align: justify;\">AK Parti Genel Ba\u015fkan\u0131 ve Ba\u015fbakan RecepTayyip Erdo\u011fan, CHP Genel Ba\u015fkan\u0131 Kemal K\u0131l\u0131\u00e7daro\u011flu&#8217;nun &#8220;BDP&#8217;lilerle kol kola girip Hakkari&#8217;de mitingi yapt\u0131\u011f\u0131n\u0131&#8221; ifade ederek, &#8220;Oraya BDP&#8217;lileri toplad\u0131lar ve alanda bir tane T\u00fcrk Bayra\u011f\u0131 yok. \u00c7\u00fcnk\u00fc, anla\u015fma \u00f6yle. E\u011fer T\u00fcrk bayra\u011f\u0131 olsa BDP&#8217;lileri oraya getiremez&#8221; dedi. <!--more--><\/p>\n<p style=\"text-align: justify;\">Erdo\u011fan, partisince Ni\u011fde&#8217;de H\u00fck\u00fcmet Kona\u011f\u0131 \u00f6n\u00fcnde d\u00fczenlenen mitingde halka seslendi.<\/p>\n<p style=\"text-align: justify;\">AK Parti iktidar\u0131n\u0131n yapt\u0131klar\u0131 hizmetleri anlatarak, &#8220;Biz laf \u00fcretmiyoruz. Biz i\u015f \u00fcretiyoruz. Biz hizmet \u00fcretiyoruz. Biz teknoloji, bilgi \u00fcretiyoruz&#8221; diyen Erdo\u011fan, Biz eserlerimizle, hizmetlerimizle, in\u015fa etti\u011fimiz yollarla, hastanelerle, okullarla, \u00fcniversitelerle konu\u015fuyoruz&#8221; ifadelelirini kulland\u0131.<\/p>\n<p style=\"text-align: justify;\">Erdo\u011fan, &#8220;Asl\u0131nda, biz eserlerimizi anlatm\u0131yoruz; eser, m\u00fcessiri zaten anlat\u0131yor, eserlerimiz bizi anlat\u0131yor. \u015eu yollar, \u015fu hastaneler, \u00fcniversiteler, okullar, g\u00f6zlerinden umut f\u0131\u015fk\u0131ran \u00e7ocuklar bizi anlat\u0131yor. De\u011fi\u015fen, d\u00f6n\u00fc\u015fen, kalk\u0131nan, uluslararas\u0131 itibar\u0131 artan T\u00fcrkiye, asl\u0131nda bizi anlat\u0131yor&#8221; diye konu\u015ftu.<\/p>\n<p style=\"text-align: justify;\">&#8220;Say\u0131n Bah\u00e7eliye sorun bakal\u0131m&#8221; s\u00f6zleri \u00fczerine meydandakilerin &#8220;yuh&#8221; \u00e7ekmesi \u00fczerine Ba\u015fbakan Erdo\u011fan, &#8220;\u0130nan\u0131n yuhalamaya gerek yok, as\u0131l yuhu 12 Haziran&#8217;da sand\u0131kta ortaya koyacaks\u0131n\u0131z&#8221; dedi.<\/p>\n<p style=\"text-align: justify;\">CHP Genel Ba\u015fkan\u0131 Kemal K\u0131l\u0131\u00e7daro\u011flu&#8217;nun, vatanda\u015fa &#8220;bana bir 500 g\u00fcn verin, b\u00fct\u00fcn vaatlerimi yerine getirece\u011fim&#8221; dedi\u011fini an\u0131msatan Ba\u015fbakan Erdo\u011fan, s\u00f6zlerini \u015f\u00f6yle s\u00fcrd\u00fcrd\u00fc:<\/p>\n<p style=\"text-align: justify;\">&#8220;Tan\u0131d\u0131k geldi mi bu s\u00f6z size? Hat\u0131rl\u0131yor musunuz? Hat\u0131rl\u0131yorsunuz&#8230; \u015eimdi bu da ezber yap\u0131yor, dersini ma\u015fallah iyi \u00f6\u011freniyor&#8230; D\u00fcn \u00e7\u0131kt\u0131, 500 g\u00fcn\u00fc 4 aya indirdi&#8230; &#8216;Verdi\u011fimiz s\u00f6zleri yerine getirmezsem, ilk 4 ay i\u00e7inde siyaseti de genel ba\u015fkanl\u0131\u011f\u0131 da b\u0131rakaca\u011f\u0131m&#8221; diyor. 500 g\u00fcn indi 4 aya, yani 120 g\u00fcne&#8230; Ma\u015fallah, boynuz kula\u011f\u0131 ge\u00e7ti. Talebe, hocas\u0131n\u0131 a\u015ft\u0131&#8230; Se\u00e7ime daha 17 g\u00fcn var. Ben inan\u0131yorum ki bu s\u00fcreyi CHP Genel Ba\u015fkan\u0131 30 dakikaya kadar indirebilir. Dilin kemi\u011fi yok. Hele Say\u0131n K\u0131l\u0131\u00e7daro\u011flu&#8217;nda hi\u00e7 yok. Nas\u0131l olsa \u00e7ark etme rekoru 30 dakika. Say\u0131n K\u0131l\u0131\u00e7daro\u011flu, televizyon program\u0131nda ne diyor, &#8216;Y\u00d6K&#8217;\u00fc kald\u0131raca\u011f\u0131m.&#8217; 30 dakika sonra ne diyor, &#8216;bedelli askerlikten alaca\u011f\u0131m paray\u0131 Y\u00d6K&#8217;e aktaraca\u011f\u0131m.&#8217; Bu nas\u0131l i\u015f? Az \u00f6nce Y\u00d6K&#8217;\u00fc kald\u0131rm\u0131\u015ft\u0131n. 30 dakika sonra gelen paray\u0131 oraya aktar\u0131yorsun. Olmayan bir \u015feye para aktar\u0131l\u0131r m\u0131. Ama K\u0131l\u0131\u00e7daro\u011flu aktar\u0131r. Niye? Omurga yok, kemik yok, hi\u00e7bir \u015fey yok.<\/p>\n<p style=\"text-align: justify;\"><strong>&#8220;MHP de geri vitese takm\u0131\u015f&#8221;<\/strong><\/p>\n<p style=\"text-align: justify;\">Bak, Antalya orada duruyor. Antalya;da 2009 se\u00e7imlerinde akl\u0131n\u0131za ne gelirse vaat ettiniz. Elektrik bedava, su bedava, hava bedava, s\u00fct bedava, maa\u015f, sigorta bedava&#8230; Antalyal\u0131 bedava ya\u015fayacak&#8230; Ne oldu? Bol keseden at\u0131p tutan o Belediye Ba\u015fkan\u0131, \u015fimdi &#8216;elimde sihirli de\u011fnek yok&#8217; dedi, kenara \u00e7ekildi. \u0130\u015fte CHP budur. Bu, bir CHP klasi\u011fidir. CHP, ne zaman iktidar\u0131n ucundan tuttuysa, \u00fclkenin dolu hazinesini bo\u015faltm\u0131\u015ft\u0131r. Benim kamyoncu karde\u015fim bilir. Bu CHP de MHP de be\u015finci viteste giden arabay\u0131, her seferinde geri vitese takm\u0131\u015f, \u015fanz\u0131man\u0131 da\u011f\u0131tm\u0131\u015f.&#8221;<\/p>\n<p style=\"text-align: justify;\"><strong>&#8220;Hakkari&#8217;de bir tek T\u00fcrk bayra\u011f\u0131 yok&#8221;<\/strong><\/p>\n<p style=\"text-align: justify;\">Ba\u015fbakan Erdo\u011fan, K\u0131l\u0131\u00e7daro\u011flu&#8217;nun Hakkari mitingine de de\u011finerek, &#8220;BDP&#8217;lilerle kol kola miting yapt\u0131\u011f\u0131n\u0131&#8221; s\u00f6yledi. &#8220;Kar\u015f\u0131s\u0131ndakiler CHP&#8217;liler de\u011fildi, Hakkari&#8217;den zaten ald\u0131\u011f\u0131 oy 157 tane&#8221; diyen Erdo\u011fan, \u015f\u00f6yle devam etti:<\/p>\n<p style=\"text-align: justify;\">&#8220;Oraya BDP&#8217;lileri toplad\u0131lar ve alanda bir tane T\u00fcrk Bayra\u011f\u0131 yok. \u00c7\u00fcnk\u00fc, anla\u015fma \u00f6yle. E\u011fer T\u00fcrk Bayra\u011f\u0131 olsa BDP&#8217;lileri oraya getiremez. \u00c7\u00fcnk\u00fc, BDP&#8217;lilerin ve ba\u011flant\u0131l\u0131 olduklar\u0131n\u0131n, bizim bayra\u011f\u0131m\u0131za kar\u015f\u0131 ciddi bir alerjisi var. Belediyelerinde bile neyi tart\u0131\u015f\u0131yorlar? T\u00fcrk Bayra\u011f\u0131 olsun mu olmas\u0131n m\u0131? Yani ellerinden gelse koymayacaklar. Biz ise yola \u00e7\u0131karken ne demi\u015ftik, &#8216;tek millet&#8217; demi\u015ftik. T\u00fcrk\u00fcyle, K\u00fcrt\u00fcyle, Laz\u0131yla, \u00c7erkeziyle, G\u00fcrc\u00fcs\u00fcyle, Roman\u0131yla, Abhazas\u0131ysa tek milletiz. Ve biz yarat\u0131lan\u0131 yaratandan \u00f6t\u00fcr\u00fc severiz, bizim fark\u0131m\u0131z bu.<\/p>\n<p style=\"text-align: justify;\">Arkadan ne dedik, &#8216;tek bayrak&#8217;. Bizim bayra\u011f\u0131m\u0131z\u0131n rengi niye k\u0131rm\u0131z\u0131? \u015eehidimizin kan\u0131. Hilal, ba\u011f\u0131ms\u0131zl\u0131\u011f\u0131m\u0131z\u0131n sembol\u00fc, y\u0131ld\u0131z \u015fehidimizin ifadesi. Onunu i\u00e7in tek bayrak. Biz ne demi\u015fiz; &#8216;bayraklar\u0131 bayrak yapan \u00fcst\u00fcndeki kand\u0131r, toprak e\u011fer u\u011frunda \u00f6len varsa vatand\u0131r.&#8217; onun i\u00e7in de ne demi\u015fiz; &#8216;780 kilometrekareyle tek vatan&#8217; demi\u015fiz.<\/p>\n<p style=\"text-align: justify;\">Bitmedi, &#8216;tek devlet&#8217; demi\u015fiz. \u00c7\u0131km\u0131\u015f d\u00fcn o BDP&#8217;nin ba\u015fkan\u0131, e\u015f ba\u015fkan\u0131, neyse, onlarda ba\u015fkan \u00e7ok. Art\u0131k takip edemiyoruz. Diyor ki benim i\u00e7in, &#8216;tek din&#8217; dedi diyor. Benim i\u00e7in diyor ki &#8216;tek dilli.&#8217; Ben ne &#8216;tek dil&#8217; dedim, ne tek din&#8217; dedim. Hi\u00e7bir yerde benim b\u00f6yle bir ifadem yok. \u00c7\u00fcnk\u00fc onlar yalan makinesi. Yok. Bir defa tam aksine Afyon&#8217;dan yola \u00e7\u0131karken \u015funu da s\u00f6yledik: Biz etnik milliyet\u00e7ili\u011fe kar\u015f\u0131y\u0131z. Yani onlar\u0131n yapt\u0131\u011f\u0131 gibi bizde T\u00fcrk milliyet\u00e7ili\u011fi yok, bizde T\u00fcrk milliyet\u00e7ili\u011fi de yok. Bizde ne var? Tek millet. 74 milyonu biz, T\u00fcrkiye Cumhuriyeti vatanda\u015fl\u0131\u011f\u0131 \u00e7at\u0131s\u0131 alt\u0131nda kucakl\u0131yoruz. Bizim fark\u0131m\u0131z bu.<\/p>\n<p style=\"text-align: justify;\">Biz de b\u00f6lgesel milliyet\u00e7ilik de yok. Bat\u0131 ayr\u0131, Do\u011fu ayr\u0131, Kuzey ayr\u0131, G\u00fcney ayr\u0131. Hay\u0131r. 780 bin kilometrekare ile tek vatan, ayr\u0131 olamaz. Biz, dinsel millet\u00e7ili\u011fe de kar\u015f\u0131y\u0131z. Bu \u00fclkenin y\u00fczde 99 M\u00fcsl\u00fcman ama M\u00fcsl\u00fcman olmayanlar da bizim g\u00fcvencemiz alt\u0131nda. Bu \u00fclkede gidip Musevi Hahamba\u015f\u0131n\u0131 ilk ziyaret eden Ba\u015fbakan benim, hepsini hakk\u0131n\u0131 savunan benim. Bizde mezhep ayr\u0131mc\u0131l\u0131\u011f\u0131 da yok. Biz ne diyoruz; &#8216;inanc\u0131na g\u00fcvenen inan\u00e7 h\u00fcrriyetinden korkmaz. D\u00fc\u015f\u00fcncesine g\u00fcvenen d\u00fc\u015f\u00fcnce h\u00fcrriyetinden korkmaz.&#8217; Bizde b\u00f6yle bir dert yok.&#8221;<\/p>\n<p style=\"text-align: justify;\"><a href=\"http:\/\/www.cnnturk.com\/2011\/turkiye\/05\/26\/chp.ve.bdpyi.kizdiracak.iddia\/618026.0\/index.html\" target=\"_blank\">Kaynak : CNN T\u00dcRK<\/a><\/p>\n","protected":false},"excerpt":{"rendered":"<p style=\"text-align: justify;\">\n<p style=\"text-align: justify;\">AK Parti Genel Ba\u015fkan\u0131 ve Ba\u015fbakan RecepTayyip Erdo\u011fan, CHP Genel Ba\u015fkan\u0131 Kemal K\u0131l\u0131\u00e7daro\u011flu&#8217;nun &#8220;BDP&#8217;lilerle kol kola girip Hakkari&#8217;de mitingi yapt\u0131\u011f\u0131n\u0131&#8221; ifade ederek, &#8220;Oraya BDP&#8217;lileri toplad\u0131lar ve alanda bir tane T\u00fcrk Bayra\u011f\u0131 yok. \u00c7\u00fcnk\u00fc, anla\u015fma \u00f6yle. E\u011fer T\u00fcrk bayra\u011f\u0131 olsa BDP&#8217;lileri oraya getiremez&#8221; dedi. <\/p>\n","protected":false},"author":1,"featured_media":0,"comment_status":"open","ping_status":"closed","sticky":false,"template":"","format":"standard","meta":{"footnotes":""},"categories":[105],"tags":[],"class_list":["post-33616","post","type-post","status-publish","format-standard","hentry","category-gundem","odd"],"_links":{"self":[{"href":"http:\/\/www.korhanyilmaz.com\/index.php?rest_route=\/wp\/v2\/posts\/33616","targetHints":{"allow":["GET"]}}],"collection":[{"href":"http:\/\/www.korhanyilmaz.com\/index.php?rest_route=\/wp\/v2\/posts"}],"about":[{"href":"http:\/\/www.korhanyilmaz.com\/index.php?rest_route=\/wp\/v2\/types\/post"}],"author":[{"embeddable":true,"href":"http:\/\/www.korhanyilmaz.com\/index.php?rest_route=\/wp\/v2\/users\/1"}],"replies":[{"embeddable":true,"href":"http:\/\/www.korhanyilmaz.com\/index.php?rest_route=%2Fwp%2Fv2%2Fcomments&post=33616"}],"version-history":[{"count":0,"href":"http:\/\/www.korhanyilmaz.com\/index.php?rest_route=\/wp\/v2\/posts\/33616\/revisions"}],"wp:attachment":[{"href":"http:\/\/www.korhanyilmaz.com\/index.php?rest_route=%2Fwp%2Fv2%2Fmedia&parent=33616"}],"wp:term":[{"taxonomy":"category","embeddable":true,"href":"http:\/\/www.korhanyilmaz.com\/index.php?rest_route=%2Fwp%2Fv2%2Fcategories&post=33616"},{"taxonomy":"post_tag","embeddable":true,"href":"http:\/\/www.korhanyilmaz.com\/index.php?rest_route=%2Fwp%2Fv2%2Ftags&post=33616"}],"curies":[{"name":"wp","href":"https:\/\/api.w.org\/{rel}","templated":true}]}}