{"id":33608,"date":"2011-05-26T18:39:06","date_gmt":"2011-05-26T15:39:06","guid":{"rendered":"http:\/\/www.korhanyilmaz.com\/?p=33608"},"modified":"2011-05-26T18:39:06","modified_gmt":"2011-05-26T15:39:06","slug":"fatih-altayli-o-iddia-icin-ifade-verdi","status":"publish","type":"post","link":"http:\/\/www.korhanyilmaz.com\/?p=33608","title":{"rendered":"Fatih Altayl\u0131 o iddia i\u00e7in ifade verdi"},"content":{"rendered":"<p style=\"text-align: justify;\"><a href=\"http:\/\/www.korhanyilmaz.com\/wp-content\/uploads\/2011\/05\/3141.jpg\"  class=\"lightview\"><img loading=\"lazy\" decoding=\"async\" class=\"aligncenter size-full wp-image-33609\" title=\"\" src=\"http:\/\/www.korhanyilmaz.com\/wp-content\/uploads\/2011\/05\/3141.jpg\" alt=\"\" width=\"292\" height=\"254\" \/><\/a><\/p>\n<p style=\"text-align: justify;\">MHP&#8217;nin 10 kurmay\u0131na kurulan tuza\u011f\u0131n arkas\u0131nda yabanc\u0131 servisler i\u00e7in \u00e7al\u0131\u015fan bir T\u00fcrk ajan\u0131n oldu\u011funu iddia eden Habert\u00fcrk Genel Yay\u0131n Y\u00f6netmeni ve yazar\u0131 Fatih Altayl\u0131 bilgisine ba\u015fvurulmak \u00fczere adliyeye \u00e7a\u011fr\u0131ld\u0131.<\/p>\n<p style=\"text-align: justify;\">MHP&#8217;liyi istifaya zorlayan kasetli tuza\u011f\u0131n ard\u0131ndan yabanc\u0131 gizli servisin T\u00fcrk ajan\u0131 \u00e7\u0131kt\u0131\u011f\u0131 iddia edilmi\u015fti. <!--more--><\/p>\n<p style=\"text-align: justify;\">Bu haber \u00fczerine soru\u015fturmay\u0131 y\u00fcr\u00fcten \u0130stanbul \u00f6zel yetkili Cumhuriyet Savc\u0131s\u0131 Adnan \u00c7imen harekete ge\u00e7ti.<\/p>\n<p style=\"text-align: justify;\">Savc\u0131 \u00c7imen, ileri s\u00fcrd\u00fc\u011f\u00fc iddialarla ilgili olarak bilgisine ba\u015fvurmak \u00fczere Fatih Altayl\u0131&#8217;y\u0131 ifadeye \u00e7a\u011f\u0131rd\u0131.<\/p>\n<p style=\"text-align: justify;\">Bunun \u00fczerine Fatih Altayl\u0131, saat 16.45 te Be\u015fikta\u015f&#8217;taki \u0130stanbul Adliyesi&#8217;ne geldi.<\/p>\n<p style=\"text-align: justify;\">Savc\u0131 \u00c7imen&#8217;e yakla\u015f\u0131k 30 dakika &#8220;bilgi sahibi&#8221; s\u0131fat\u0131yla ifade veren Altayl\u0131&#8217;ya &#8220;Bu bilgilerin kayna\u011f\u0131&#8221; soruldu.<\/p>\n<p style=\"text-align: justify;\">\u00c7\u0131k\u0131\u015fta bas\u0131n mensuplar\u0131na a\u00e7\u0131klama yapan Altayl\u0131 &#8220;K\u00f6\u015fe yaz\u0131mdaki haberin kayna\u011f\u0131 soruldu&#8221; dedi.<\/p>\n<p style=\"text-align: justify;\">\u00d6te yandan Savc\u0131 \u00c7imen, Altayl\u0131&#8217;n\u0131n haberinde g\u00f6r\u00fc\u015flerine yer verdi\u011fi MHP&#8217;nin avukat\u0131 S\u00fcleyman Ayhan&#8217;\u0131n da ifadesini alacak.<\/p>\n<p style=\"text-align: justify;\">Altayl\u0131&#8217;n\u0131n haberine g\u00f6re, S\u00fcleyman Ayhan, &#8220;yabanc\u0131 servisler i\u00e7in \u00e7al\u0131\u015fan T\u00fcrk ajan\u0131 iddialar\u0131yla ilgili olarak &#8220;Bir ki\u015finin ismi belirlendi ancak ka\u00e7ma ihtimali nedeniyle \u015fimdilik gizli tutuluyor. Bu i\u015fi yapanlar\u0131n yabanc\u0131 bir istihbarat te\u015fkilat\u0131n\u0131n T\u00fcrkiye&#8217;de g\u00f6revlendirdi\u011fi T\u00fcrk uyruklu ki\u015filer oldu\u011fu do\u011frudur&#8221; dedi.<\/p>\n<p style=\"text-align: justify;\">Savc\u0131l\u0131k, ifadeye \u00e7a\u011f\u0131rd\u0131\u011f\u0131 Ayhan&#8217;a bu iddialar\u0131 soracak.<\/p>\n<p style=\"text-align: justify;\"><a href=\"http:\/\/www.cnnturk.com\/2011\/turkiye\/05\/26\/fatih.altayli.o.iddia.icin.ifade.verdi\/618031.0\/index.html\" target=\"_blank\">Kaynak : CNN T\u00dcRK<\/a><\/p>\n<p style=\"text-align: justify;\">\n","protected":false},"excerpt":{"rendered":"<p style=\"text-align: justify;\">\n<p style=\"text-align: justify;\">MHP&#8217;nin 10 kurmay\u0131na kurulan tuza\u011f\u0131n arkas\u0131nda yabanc\u0131 servisler i\u00e7in \u00e7al\u0131\u015fan bir T\u00fcrk ajan\u0131n oldu\u011funu iddia eden Habert\u00fcrk Genel Yay\u0131n Y\u00f6netmeni ve yazar\u0131 Fatih Altayl\u0131 bilgisine ba\u015fvurulmak \u00fczere adliyeye \u00e7a\u011fr\u0131ld\u0131.<\/p>\n<p style=\"text-align: justify;\">MHP&#8217;liyi istifaya zorlayan kasetli tuza\u011f\u0131n ard\u0131ndan yabanc\u0131 gizli servisin T\u00fcrk ajan\u0131 \u00e7\u0131kt\u0131\u011f\u0131 iddia edilmi\u015fti. <\/p>\n","protected":false},"author":1,"featured_media":0,"comment_status":"open","ping_status":"closed","sticky":false,"template":"","format":"standard","meta":{"footnotes":""},"categories":[105],"tags":[],"class_list":["post-33608","post","type-post","status-publish","format-standard","hentry","category-gundem","odd"],"_links":{"self":[{"href":"http:\/\/www.korhanyilmaz.com\/index.php?rest_route=\/wp\/v2\/posts\/33608","targetHints":{"allow":["GET"]}}],"collection":[{"href":"http:\/\/www.korhanyilmaz.com\/index.php?rest_route=\/wp\/v2\/posts"}],"about":[{"href":"http:\/\/www.korhanyilmaz.com\/index.php?rest_route=\/wp\/v2\/types\/post"}],"author":[{"embeddable":true,"href":"http:\/\/www.korhanyilmaz.com\/index.php?rest_route=\/wp\/v2\/users\/1"}],"replies":[{"embeddable":true,"href":"http:\/\/www.korhanyilmaz.com\/index.php?rest_route=%2Fwp%2Fv2%2Fcomments&post=33608"}],"version-history":[{"count":0,"href":"http:\/\/www.korhanyilmaz.com\/index.php?rest_route=\/wp\/v2\/posts\/33608\/revisions"}],"wp:attachment":[{"href":"http:\/\/www.korhanyilmaz.com\/index.php?rest_route=%2Fwp%2Fv2%2Fmedia&parent=33608"}],"wp:term":[{"taxonomy":"category","embeddable":true,"href":"http:\/\/www.korhanyilmaz.com\/index.php?rest_route=%2Fwp%2Fv2%2Fcategories&post=33608"},{"taxonomy":"post_tag","embeddable":true,"href":"http:\/\/www.korhanyilmaz.com\/index.php?rest_route=%2Fwp%2Fv2%2Ftags&post=33608"}],"curies":[{"name":"wp","href":"https:\/\/api.w.org\/{rel}","templated":true}]}}