{"id":33603,"date":"2011-05-26T18:07:39","date_gmt":"2011-05-26T15:07:39","guid":{"rendered":"http:\/\/www.korhanyilmaz.com\/?p=33603"},"modified":"2011-05-26T18:07:39","modified_gmt":"2011-05-26T15:07:39","slug":"basbakan-siyasi-teroristtir","status":"publish","type":"post","link":"http:\/\/www.korhanyilmaz.com\/?p=33603","title":{"rendered":"&#8220;Ba\u015fbakan siyasi ter\u00f6risttir&#8221;"},"content":{"rendered":"<p style=\"text-align: center;\"><a href=\"http:\/\/www.korhanyilmaz.com\/wp-content\/uploads\/2011\/05\/3131.jpg\"  class=\"lightview\"><img loading=\"lazy\" decoding=\"async\" class=\"aligncenter size-full wp-image-33604\" src=\"http:\/\/www.korhanyilmaz.com\/wp-content\/uploads\/2011\/05\/3131.jpg\" alt=\"\" width=\"346\" height=\"266\" \/><\/a><\/p>\n<p style=\"text-align: justify;\">BDP Genel Ba\u015fkan Vekili Hamit Geylani, Ba\u015fbakan Recep Tayyip Erdo\u011fan i\u00e7in \u00e7ok a\u011f\u0131r konu\u015ftu. Geylani, &#8220;se\u00e7im ortam\u0131n\u0131 ter\u00f6rize eden, Ba\u015fbakan&#8217;\u0131n s\u00f6zleridir. Bu s\u00f6zleri sarfeden Ba\u015fbakan siyasi ter\u00f6risttir&#8221; dedi. <!--more--><\/p>\n<p style=\"text-align: justify;\">(DHA) &#8212; Kuzey Irak&#8217;ta B\u00f6lgesel K\u00fcrt Y\u00f6netimi Ba\u015fkan\u0131 Mesud Barzani ve di\u011fer ilgililerle g\u00f6r\u00fc\u015fen DTK Genel Ba\u015fkan\u0131 Ahmet T\u00fcrk, BDP Genel Ba\u015fkan Vekili Hamit Geylani, BDP&#8217;nin ba\u011f\u0131ms\u0131z milletvekili aday\u0131 olarak destekledi\u011fi, KADEP&#8217;in eski Genel Ba\u015fkan\u0131 \u015eerafettin El\u00e7i, HAK-PAR Genel Ba\u015fkan\u0131 Bayram Bozyel, Diyarbak\u0131r Baro Ba\u015fkan\u0131 Mehmet Emin Aktar&#8217;\u0131n da aralar\u0131nda bulundu\u011fu heyet, \u015e\u0131rnak&#8217;\u0131n Silopi \u0130l\u00e7esi&#8217;nden Irak&#8217;a a\u00e7\u0131lan Habur S\u0131n\u0131r Kap\u0131s\u0131&#8217;ndan yurda d\u00f6nd\u00fc.<\/p>\n<p style=\"text-align: justify;\">K\u00fcrt birli\u011fini sa\u011flamak \u00fczere Kuzey Irak&#8217;taki K\u00fcrt b\u00f6lgesine 2 g\u00fcnl\u00fck bir gezi yapt\u0131klar\u0131n\u0131 belirten \u015eerafettin El\u00e7i, \u015f\u00f6yle dedi: &#8220;K\u00fcrt ulusal birli\u011fi i\u00e7in, K\u00fcrdevari bir temas ger\u00e7ekle\u015ftirdik. \u00c7ok \u00f6nemli olan bu temaslar sonucunda, her 4 par\u00e7ay\u0131 kapsayacak \u015fekilde, sonbaharda bir konferans yapma karar\u0131 \u00e7\u0131kt\u0131. Konferans en k\u0131sa s\u00fcrede ger\u00e7ekle\u015fecek, olabildi\u011fince \u00e7ok erken yapaca\u011f\u0131z. Bar\u0131\u015f i\u00e7in yapt\u0131\u011f\u0131m\u0131z bu temaslar, akan g\u00f6zya\u015flar\u0131n\u0131n dinmesi i\u00e7indir.&#8221;<\/p>\n<p style=\"text-align: justify;\">PKK elaba\u015f\u0131 Abdullah \u00d6calan&#8217;\u0131n, &#8220;15 Haziran&#8217;a kadar ad\u0131m at\u0131lmazsa, k\u0131yamet kopacak&#8221; s\u00f6zlerini hat\u0131rlatan gazetecilere konu\u015fan DTK Genel Ba\u015fkan\u0131 ve Mardin ba\u011f\u0131ms\u0131z milletvekili aay\u0131 Ahmet T\u00fcrk, \u015f\u00f6yle dedi:<\/p>\n<p style=\"text-align: justify;\">&#8220;Bu temaslar\u0131m\u0131z \u00e7ok \u00f6nemli. D\u00fcnya da, b\u00f6lge de bunun fark\u0131nda, herkes bunun fark\u0131nda. Bar\u0131\u015f umudunun oldu\u011fu bir s\u00fcrecin geli\u015fmesi i\u00e7in, \u00e7aba g\u00f6sterilmesi gerekiyor. \u00d6calan da bunu s\u00f6ylemi\u015ftir. Bu sorular\u0131 bize soraca\u011f\u0131n\u0131za, bu akan kan\u0131 durdurmayanlara sorsan\u0131z daha iyi olur. Tarihi f\u0131rsatlar do\u011fuyor, ama T\u00fcrkiye bunlar\u0131 ka\u00e7\u0131r\u0131yor. Ortado\u011fu ve Kuzey Afrika&#8217;da devrimler ger\u00e7ekle\u015fiyor, ama K\u00fcrtler&#8217;in demokratik talepleri kar\u015f\u0131lanm\u0131yor. Bunun ad\u0131mlar\u0131n\u0131 atacak olan h\u00fck\u00fcmettir. Ba\u015fbakan&#8217;\u0131n K\u00fcrt Halk\u0131&#8217;n\u0131 tatmin edecek bir yol haritas\u0131n\u0131 a\u00e7\u0131klamas\u0131 gerekiyor. 12 Eyl\u00fcl politikas\u0131 ile hareket etmenin ne K\u00fcrtler&#8217;e ne de T\u00fcrkler&#8217;e yarar\u0131 var.&#8221;<\/p>\n<p style=\"text-align: justify;\">\u00a0HAK-PAR Genel Ba\u015fkan\u0131 Bayram Bozyel de, sonbaharda yap\u0131laca\u011f\u0131 belirtilen konferans\u0131n, K\u00fcrtler&#8217;in \u00e7\u00f6z\u00fcme ve bar\u0131\u015fa katk\u0131 sunaca\u011f\u0131n\u0131 belirterek. &#8220;Tabii ki \u00e7\u00f6z\u00fcm \u00e7abalar\u0131 ortakla\u015ft\u0131r\u0131lacak ve bu konferansta daha g\u00fc\u00e7l\u00fc dile getirilecek. Bu konferans yap\u0131ld\u0131\u011f\u0131nda top b\u00f6lge devletlerinde olacak&#8221; dedi.<\/p>\n<p style=\"text-align: justify;\"><strong>Geylani \u00e7ok sert konu\u015ftu<\/strong><\/p>\n<p style=\"text-align: justify;\">Ba\u015fbakan Erdo\u011fan&#8217;\u0131n, Hakkari&#8217;deki CHP mitingine gidenlerin &#8220;Terorist&#8221; oldu\u011fu y\u00f6n\u00fcnde s\u00f6zler kulland\u0131\u011f\u0131n\u0131 belirten BDP Genel Ba\u015fkan Vekili Hamit Geylani, bar\u0131\u015f dilini konu\u015fmak gerekti\u011fini s\u00f6yledi.<\/p>\n<p style=\"text-align: justify;\">Geylani, &#8220;PKK ve \u00d6calan \u00e7ok \u00f6nemli bir f\u0131rsat ve \u015fans tan\u0131yor. Fakat askeri, sivil ve yarg\u0131 operasyonlar\u0131 yap\u0131l\u0131yor. Se\u00e7im ortam\u0131n\u0131 terorize eden, Ba\u015fbakan&#8217;\u0131n s\u00f6zleridir. Bu s\u00f6zleri sarfeden Ba\u015fbakan siyasi teroristtir. Bu nedenle Hakkari&#8217;ye ili\u015fkin s\u00f6yledikleri, sadece bir hezeyand\u0131r. Arkada\u015flar\u0131m\u0131z da ifade etti, k\u0131yametin kopmas\u0131n\u0131 bu halk istemiyor, ama art\u0131k b\u0131\u00e7ak kemi\u011fe dayanm\u0131\u015ft\u0131r. E\u011fer b\u00f6yle devam ederse, K\u00fcrt halk\u0131 da bu s\u00fcre\u00e7te kemiklerini kimseye kestirmez&#8221; dedi.<\/p>\n<p style=\"text-align: justify;\">Heyet, Habur S\u0131n\u0131r Kap\u0131s\u0131&#8217;ndan uzun ara\u00e7 konvoyuyla Silopi&#8217;de kurulanan BDP&#8217;nin &#8216;Demokratik \u00c7\u00f6z\u00fcm&#8217; ad\u0131n\u0131 verdi\u011fi \u00e7ad\u0131r\u0131na ge\u00e7ti. Burada bekleyenlere k\u0131sa bir konu\u015fma yapan \u015eerafettin El\u00e7i, &#8220;Siz \u00e7ok \u015fanl\u0131s\u0131n\u0131z, arkan\u0131zda Cudi var, \u00f6n\u00fcn\u00fczden Dicle Nehri ak\u0131yor. Bereketli topraklardas\u0131n\u0131z. Ne murad\u0131n\u0131z varsa yerine gelecek. Federal K\u00fcrdistan&#8217;a gitmemizin nedeni kan\u0131n durmas\u0131d\u0131r. Sizinle umutluyuz, yak\u0131n zamanda bar\u0131\u015f gelecek ve siz \u00f6zg\u00fcrce ya\u015facaks\u0131n\u0131z. 12 Haziran&#8217;da size bu haks\u0131zl\u0131\u011f\u0131 yapan, her kimse kendi oylar\u0131n\u0131zla onlar\u0131 bo\u011fun&#8221; dedi.<\/p>\n<p style=\"text-align: justify;\"><a href=\"http:\/\/www.cnnturk.com\/2011\/turkiye\/05\/26\/basbakan.siyasi.teroristtir\/618037.0\/index.html\" target=\"_blank\">Kaynak : CNN T\u00dcRK<\/a><\/p>\n","protected":false},"excerpt":{"rendered":"<p style=\"text-align: center;\">\n<p style=\"text-align: justify;\">BDP Genel Ba\u015fkan Vekili Hamit Geylani, Ba\u015fbakan Recep Tayyip Erdo\u011fan i\u00e7in \u00e7ok a\u011f\u0131r konu\u015ftu. Geylani, &#8220;se\u00e7im ortam\u0131n\u0131 ter\u00f6rize eden, Ba\u015fbakan&#8217;\u0131n s\u00f6zleridir. Bu s\u00f6zleri sarfeden Ba\u015fbakan siyasi ter\u00f6risttir&#8221; dedi. <\/p>\n","protected":false},"author":1,"featured_media":0,"comment_status":"open","ping_status":"closed","sticky":false,"template":"","format":"standard","meta":{"footnotes":""},"categories":[105],"tags":[],"class_list":["post-33603","post","type-post","status-publish","format-standard","hentry","category-gundem","odd"],"_links":{"self":[{"href":"http:\/\/www.korhanyilmaz.com\/index.php?rest_route=\/wp\/v2\/posts\/33603","targetHints":{"allow":["GET"]}}],"collection":[{"href":"http:\/\/www.korhanyilmaz.com\/index.php?rest_route=\/wp\/v2\/posts"}],"about":[{"href":"http:\/\/www.korhanyilmaz.com\/index.php?rest_route=\/wp\/v2\/types\/post"}],"author":[{"embeddable":true,"href":"http:\/\/www.korhanyilmaz.com\/index.php?rest_route=\/wp\/v2\/users\/1"}],"replies":[{"embeddable":true,"href":"http:\/\/www.korhanyilmaz.com\/index.php?rest_route=%2Fwp%2Fv2%2Fcomments&post=33603"}],"version-history":[{"count":0,"href":"http:\/\/www.korhanyilmaz.com\/index.php?rest_route=\/wp\/v2\/posts\/33603\/revisions"}],"wp:attachment":[{"href":"http:\/\/www.korhanyilmaz.com\/index.php?rest_route=%2Fwp%2Fv2%2Fmedia&parent=33603"}],"wp:term":[{"taxonomy":"category","embeddable":true,"href":"http:\/\/www.korhanyilmaz.com\/index.php?rest_route=%2Fwp%2Fv2%2Fcategories&post=33603"},{"taxonomy":"post_tag","embeddable":true,"href":"http:\/\/www.korhanyilmaz.com\/index.php?rest_route=%2Fwp%2Fv2%2Ftags&post=33603"}],"curies":[{"name":"wp","href":"https:\/\/api.w.org\/{rel}","templated":true}]}}