{"id":3360,"date":"2009-02-20T10:21:46","date_gmt":"2009-02-20T08:21:46","guid":{"rendered":"http:\/\/www.korhanyilmaz.com\/?p=3360"},"modified":"2009-02-20T10:21:46","modified_gmt":"2009-02-20T08:21:46","slug":"israil-basbugdan-ozur-diledi","status":"publish","type":"post","link":"http:\/\/www.korhanyilmaz.com\/?p=3360","title":{"rendered":"\u0130srail, Ba\u015fbu\u011f&#039;dan \u00f6z\u00fcr diledi"},"content":{"rendered":"<p style=\"text-align: center;\"><img loading=\"lazy\" decoding=\"async\" class=\"size-full wp-image-3361 aligncenter\" title=\"\u0130srail, Ba\u015fbu\u011f'dan \u00f6z\u00fcr diledi \" src=\"http:\/\/www.korhanyilmaz.com\/wp-content\/uploads\/2009\/02\/200220091037435403367.jpg\" alt=\"\u0130srail, Ba\u015fbu\u011f'dan \u00f6z\u00fcr diledi \" width=\"376\" height=\"240\" \/><\/p>\n<p style=\"text-align: justify;\"><strong>Jerusalem Post, \u0130srail Genelkurmay Ba\u015fkan\u0131&#8217;n\u0131n Ba\u015fbu\u011f&#8217;u arayarak \u00f6z\u00fcr diledi\u011fini yazd\u0131<\/strong><\/p>\n<p style=\"text-align: justify;\">\u0130srail&#8217;in Jerusalem Post gazetesi, \u0130srail Genelkurmay Ba\u015fkan\u0131 Gabi A\u015fkenazi&#8217;nin bu hafta i\u00e7inde Orgeneral \u0130lker Ba\u015fbu\u011f&#8217;u arayarak Kara Kuvvetleri Komutan\u0131 Avi Mizrahi&#8217;nin Ba\u015fbakan Recep Tayyip Erdo\u011fan&#8217;a y\u00f6nelik, &#8220;Aynaya bak&#8221; a\u00e7\u0131klamas\u0131 i\u00e7in \u00f6z\u00fcr diledi\u011fini yazd\u0131.<\/p>\n<p style=\"text-align: justify;\">Haberin devam\u0131nda, A\u015fkenazi&#8217;nin Orgeneral Ba\u015fbu\u011f&#8217;a, \u0130srail Kara Kuvvetleri Komutan\u0131 Avi Mizrahi&#8217;nin a\u00e7\u0131klamar\u0131n\u0131n ordunun resmi g\u00f6r\u00fc\u015f\u00fcn\u00fc yans\u0131tmad\u0131\u011f\u0131n\u0131 s\u00f6yledi\u011fi belirtildi.<!--more--><\/p>\n<p style=\"text-align: justify;\">\u0130srail&#8217;in Gazze sald\u0131r\u0131lar\u0131 s\u0131ras\u0131nda t\u0131rmanan gerginlik Davos&#8217;ta D\u00fcnya Ekonomik Forumu&#8217;nda zirveye \u00e7\u0131km\u0131\u015f, Ba\u015fbakan Erdo\u011fan ile \u0130srail Cumhurba\u015fkan\u0131 \u015eimon Peres kar\u015f\u0131l\u0131kl\u0131 sert s\u00f6zler sarfetmi\u015fti.<\/p>\n<p style=\"text-align: justify;\">Ard\u0131ndan \u0130srail Kara Kuvvetleri Komutan\u0131 Avi Mizrahi Ba\u015fbakan Erdo\u011fan&#8217;\u0131, &#8220;Aynaya baks\u0131n&#8221; s\u00f6zleriyle ele\u015ftirmi\u015fti.<\/p>\n<p style=\"text-align: justify;\">Mizrahi, T\u00fcrkiye&#8217;nin y\u0131llar \u00f6nce Ermenilere d\u00fcnyan\u0131n en b\u00fcy\u00fck katliamlar\u0131ndan birini yapt\u0131\u011f\u0131n\u0131, ayn\u0131 politikan\u0131n bug\u00fcn de K\u00fcrtler \u00fczerinde s\u00fcrd\u00fcr\u00fcld\u00fc\u011f\u00fcn\u00fc iddia etmi\u015f, T\u00fcrkiye&#8217;nin K\u0131br\u0131s&#8217;\u0131n kuzeyini ony\u0131llard\u0131r i\u015fgal etti\u011fini de \u00f6ne s\u00fcrm\u00fc\u015ft\u00fc.<\/p>\n<p style=\"text-align: justify;\"><strong>\u0130srailli komutan ne dedi?<\/strong><\/p>\n<p style=\"text-align: justify;\">\u0130srail Kara Kuvvetleri Komutan\u0131 Avi Mizrahi, uluslararas\u0131 bir toplant\u0131da, Ba\u015fbakan Recep Tayyip Erdo\u011fan&#8217;\u0131n \u0130srail Cumhurba\u015fkan\u0131 \u015eimon Perez&#8217;e y\u00f6neltti\u011fi &#8220;Siz \u00f6ld\u00fcrmeyi iyi bilirsiniz&#8221; \u015feklindeki s\u00f6z\u00fcn\u00fc hat\u0131rlatarak, &#8220;Erdo\u011fan aynaya baks\u0131n&#8221; dedi.<\/p>\n<p style=\"text-align: justify;\">General Mizrahi, \u0130srail&#8217;i su\u00e7layan T\u00fcrkiye&#8217;nin uzun y\u0131llar \u00f6nce Ermenilere d\u00fcnyan\u0131n en b\u00fcy\u00fck katliamlar\u0131ndan birini yapt\u0131\u011f\u0131n\u0131 \u00f6ne s\u00fcrerek, ayn\u0131 politikan\u0131n bug\u00fcn de K\u00fcrtler \u00fczerinde s\u00fcrd\u00fcr\u00fcld\u00fc\u011f\u00fcn\u00fc iddia etti.<\/p>\n<p style=\"text-align: justify;\">\u0130srail Kara Kuvvetleri Komutan\u0131, \u0130srail&#8217;i Filistin topraklar\u0131n\u0131 i\u015fgal etmekle su\u00e7layan Ba\u015fbakan Erdo\u011fan&#8217;\u0131n \u00fclkesinin K\u0131br\u0131s&#8217;\u0131n kuzeyinin on y\u0131llard\u0131r i\u015fgal etti\u011fini iddia etti.<\/p>\n<p style=\"text-align: justify;\">Bu konu\u015fma i\u00e7in uluslararas\u0131 temsilcilerin bulundu\u011fu bir ortam\u0131n \u00f6zellikle se\u00e7ildi\u011fini yazan Haaretz&#8217;in haberine g\u00f6re General Mizrahi, Ba\u015fbakan Erdo\u011fan&#8217;\u0131n \u0130srail&#8217;in BM&#8217;den \u00e7\u0131kar\u0131lmas\u0131 yolundaki \u00e7a\u011fr\u0131s\u0131n\u0131 hat\u0131rlatarak, &#8220;B\u00f6yle bir durumda T\u00fcrkiye de \u0130srail&#8217;in yan\u0131na eklenmelidir&#8221; dedi.<\/p>\n<p style=\"text-align: justify;\"><span style=\"color: #888888;\">Kaynak : Vatan Gazetesi<\/span><\/p>\n","protected":false},"excerpt":{"rendered":"<p style=\"text-align: center;\">\n<p style=\"text-align: justify;\">Jerusalem Post, \u0130srail Genelkurmay Ba\u015fkan\u0131&#8217;n\u0131n Ba\u015fbu\u011f&#8217;u arayarak \u00f6z\u00fcr diledi\u011fini yazd\u0131<\/p>\n<p style=\"text-align: justify;\">\u0130srail&#8217;in Jerusalem Post gazetesi, \u0130srail Genelkurmay Ba\u015fkan\u0131 Gabi A\u015fkenazi&#8217;nin bu hafta i\u00e7inde Orgeneral \u0130lker Ba\u015fbu\u011f&#8217;u arayarak Kara Kuvvetleri Komutan\u0131 Avi Mizrahi&#8217;nin Ba\u015fbakan Recep Tayyip Erdo\u011fan&#8217;a y\u00f6nelik, &#8220;Aynaya bak&#8221; a\u00e7\u0131klamas\u0131 i\u00e7in \u00f6z\u00fcr diledi\u011fini yazd\u0131.<\/p>\n<p style=\"text-align: justify;\">Haberin devam\u0131nda, A\u015fkenazi&#8217;nin <\/p>\n","protected":false},"author":1,"featured_media":0,"comment_status":"open","ping_status":"closed","sticky":false,"template":"","format":"standard","meta":{"footnotes":""},"categories":[105],"tags":[],"class_list":["post-3360","post","type-post","status-publish","format-standard","hentry","category-gundem","odd"],"_links":{"self":[{"href":"http:\/\/www.korhanyilmaz.com\/index.php?rest_route=\/wp\/v2\/posts\/3360","targetHints":{"allow":["GET"]}}],"collection":[{"href":"http:\/\/www.korhanyilmaz.com\/index.php?rest_route=\/wp\/v2\/posts"}],"about":[{"href":"http:\/\/www.korhanyilmaz.com\/index.php?rest_route=\/wp\/v2\/types\/post"}],"author":[{"embeddable":true,"href":"http:\/\/www.korhanyilmaz.com\/index.php?rest_route=\/wp\/v2\/users\/1"}],"replies":[{"embeddable":true,"href":"http:\/\/www.korhanyilmaz.com\/index.php?rest_route=%2Fwp%2Fv2%2Fcomments&post=3360"}],"version-history":[{"count":0,"href":"http:\/\/www.korhanyilmaz.com\/index.php?rest_route=\/wp\/v2\/posts\/3360\/revisions"}],"wp:attachment":[{"href":"http:\/\/www.korhanyilmaz.com\/index.php?rest_route=%2Fwp%2Fv2%2Fmedia&parent=3360"}],"wp:term":[{"taxonomy":"category","embeddable":true,"href":"http:\/\/www.korhanyilmaz.com\/index.php?rest_route=%2Fwp%2Fv2%2Fcategories&post=3360"},{"taxonomy":"post_tag","embeddable":true,"href":"http:\/\/www.korhanyilmaz.com\/index.php?rest_route=%2Fwp%2Fv2%2Ftags&post=3360"}],"curies":[{"name":"wp","href":"https:\/\/api.w.org\/{rel}","templated":true}]}}