{"id":33598,"date":"2011-05-26T16:33:35","date_gmt":"2011-05-26T13:33:35","guid":{"rendered":"http:\/\/www.korhanyilmaz.com\/?p=33598"},"modified":"2011-05-26T16:33:35","modified_gmt":"2011-05-26T13:33:35","slug":"ankarada-konusulan-sok-iddia","status":"publish","type":"post","link":"http:\/\/www.korhanyilmaz.com\/?p=33598","title":{"rendered":"Balyoz&#8217;da generaller ifadeye \u00e7a\u011fr\u0131ld\u0131!"},"content":{"rendered":"<p style=\"text-align: center;\"><a href=\"http:\/\/www.korhanyilmaz.com\/wp-content\/uploads\/2011\/05\/3122.jpg\"  class=\"lightview\"><img loading=\"lazy\" decoding=\"async\" class=\"aligncenter size-full wp-image-33599\" src=\"http:\/\/www.korhanyilmaz.com\/wp-content\/uploads\/2011\/05\/3122.jpg\" alt=\"\" width=\"480\" height=\"240\" \/><\/a><\/p>\n<p style=\"text-align: justify;\">Eski\u015fehir\u2019de ele ge\u00e7irilen \u201cBalyoz\u201d belgeleriyle alakal\u0131 4 general, 1 amiral ve bir albay ifadeye \u00e7a\u011fr\u0131ld\u0131. Genelkurmay Ba\u015fkanl\u0131\u011f\u0131\u2019n\u0131n, yap\u0131lmas\u0131na saatler kala s\u00fcrpriz bir \u015fekilde iptal etti\u011fi Ege\u2019deki Denizkurdu-2011 ve Efes-2011 m\u00fc\u015fterek fiili at\u0131\u015f tatbikatlar\u0131n\u0131n TSK&#8217;ya y\u00f6nelik yeni bir dalgaya tepki i\u00e7in iptal edildi\u011fi \u00f6ne s\u00fcr\u00fclm\u00fc\u015ft\u00fc.<!--more--><\/p>\n<p style=\"text-align: justify;\">Eski\u015fehir\u2019de emekli Albay Hakan B\u00fcy\u00fck\u2019\u00fcn evinde ele ge\u00e7irildi\u011fi \u00f6ne s\u00fcr\u00fclen ve Balyoz darbe plan\u0131n\u0131n bir b\u00f6l\u00fcm\u00fcn\u00fc i\u00e7erdi\u011fi belirtilen belgelerle ilgili y\u00fcr\u00fct\u00fclen soru\u015fturma kapsam\u0131nda muvazzaf generaller ifadeye \u00e7a\u011fr\u0131ld\u0131.<\/p>\n<p style=\"text-align: justify;\">Soru\u015fturmay\u0131 y\u00fcr\u00fcten \u00f6zel yetkili Cumhuriyet savc\u0131s\u0131 H\u00fcseyin Ayar, s\u00f6z konusu belgelere ili\u015fkin y\u00fcr\u00fctt\u00fc\u011f\u00fc soru\u015fturma kapsam\u0131nda aralar\u0131nda 1 Korgeneral, 1 T\u00fcmamiral, 1 T\u00fcmgeneral, 2 Tu\u011fgeneral ile 1 Kurmay Albay\u2019\u0131 \u2018\u015f\u00fcpheli\u2019 s\u0131fat\u0131yla ifadeye \u00e7a\u011f\u0131rd\u0131. Muvazzaf askerlerin Merkez Komutanl\u0131\u011f\u0131 g\u00f6revlileri ile birlikte yar\u0131n Be\u015fikta\u015f\u2019taki \u0130stanbul Adliyesi\u2019ne gelmesi bekleniyor.<\/p>\n<p style=\"text-align: justify;\">Soru\u015fturma kapsam\u0131nda Albay Hakan B\u00fcy\u00fck\u2019\u00fcn de aralar\u0131nda bulundu\u011fu 6 subay tutuklanm\u0131\u015ft\u0131.<\/p>\n<p style=\"text-align: justify;\"><strong>TATB\u0130KATLAR \u0130PTAL ED\u0130LM\u0130\u015eT\u0130<\/strong><\/p>\n<p style=\"text-align: justify;\">Genelkurmay Ba\u015fkanl\u0131\u011f\u0131\u2019n\u0131n, yap\u0131lmas\u0131na saatler kala s\u00fcrpriz bir \u015fekilde iptal etti\u011fi Ege\u2019deki Denizkurdu-2011 ve Efes-2011 m\u00fc\u015fterek fiili at\u0131\u015f tatbikatlar\u0131yla ilgili askerlerin, TSK\u2019ya kar\u015f\u0131 \u00f6n\u00fcm\u00fczdeki g\u00fcnlerde yeni bir operasyon dalgas\u0131 ba\u015flayaca\u011f\u0131na dair duyum ald\u0131klar\u0131, bu nedenle tatbikat\u0131n son g\u00fcn\u00fcn\u00fc tepki olarak iptal ettikleri ileri s\u00fcr\u00fclm\u00fc\u015ft\u00fc.<\/p>\n<p style=\"text-align: justify;\"><a href=\"http:\/\/haber.gazetevatan.com\/balyozda-generaller-ifadeye-cagrildi\/379874\/1\/Gundem\" target=\"_blank\">Kaynak : VATAN Gazetesi<\/a><\/p>\n","protected":false},"excerpt":{"rendered":"<p style=\"text-align: center;\">\n<p style=\"text-align: justify;\">Eski\u015fehir\u2019de ele ge\u00e7irilen \u201cBalyoz\u201d belgeleriyle alakal\u0131 4 general, 1 amiral ve bir albay ifadeye \u00e7a\u011fr\u0131ld\u0131. Genelkurmay Ba\u015fkanl\u0131\u011f\u0131\u2019n\u0131n, yap\u0131lmas\u0131na saatler kala s\u00fcrpriz bir \u015fekilde iptal etti\u011fi Ege\u2019deki Denizkurdu-2011 ve Efes-2011 m\u00fc\u015fterek fiili at\u0131\u015f tatbikatlar\u0131n\u0131n TSK&#8217;ya y\u00f6nelik yeni bir dalgaya tepki i\u00e7in iptal edildi\u011fi \u00f6ne s\u00fcr\u00fclm\u00fc\u015ft\u00fc.<\/p>\n","protected":false},"author":1,"featured_media":0,"comment_status":"open","ping_status":"closed","sticky":false,"template":"","format":"standard","meta":{"footnotes":""},"categories":[105],"tags":[],"class_list":["post-33598","post","type-post","status-publish","format-standard","hentry","category-gundem","odd"],"_links":{"self":[{"href":"http:\/\/www.korhanyilmaz.com\/index.php?rest_route=\/wp\/v2\/posts\/33598","targetHints":{"allow":["GET"]}}],"collection":[{"href":"http:\/\/www.korhanyilmaz.com\/index.php?rest_route=\/wp\/v2\/posts"}],"about":[{"href":"http:\/\/www.korhanyilmaz.com\/index.php?rest_route=\/wp\/v2\/types\/post"}],"author":[{"embeddable":true,"href":"http:\/\/www.korhanyilmaz.com\/index.php?rest_route=\/wp\/v2\/users\/1"}],"replies":[{"embeddable":true,"href":"http:\/\/www.korhanyilmaz.com\/index.php?rest_route=%2Fwp%2Fv2%2Fcomments&post=33598"}],"version-history":[{"count":0,"href":"http:\/\/www.korhanyilmaz.com\/index.php?rest_route=\/wp\/v2\/posts\/33598\/revisions"}],"wp:attachment":[{"href":"http:\/\/www.korhanyilmaz.com\/index.php?rest_route=%2Fwp%2Fv2%2Fmedia&parent=33598"}],"wp:term":[{"taxonomy":"category","embeddable":true,"href":"http:\/\/www.korhanyilmaz.com\/index.php?rest_route=%2Fwp%2Fv2%2Fcategories&post=33598"},{"taxonomy":"post_tag","embeddable":true,"href":"http:\/\/www.korhanyilmaz.com\/index.php?rest_route=%2Fwp%2Fv2%2Ftags&post=33598"}],"curies":[{"name":"wp","href":"https:\/\/api.w.org\/{rel}","templated":true}]}}