{"id":33592,"date":"2011-05-26T09:30:30","date_gmt":"2011-05-26T06:30:30","guid":{"rendered":"http:\/\/www.korhanyilmaz.com\/?p=33592"},"modified":"2011-05-26T09:30:30","modified_gmt":"2011-05-26T06:30:30","slug":"33592","status":"publish","type":"post","link":"http:\/\/www.korhanyilmaz.com\/?p=33592","title":{"rendered":"Etiler&#8217;de \u015fiddetli patlama"},"content":{"rendered":"<p style=\"text-align: justify;\"><a href=\"http:\/\/www.korhanyilmaz.com\/wp-content\/uploads\/2011\/05\/3111.jpg\"  class=\"lightview\"><img loading=\"lazy\" decoding=\"async\" class=\"aligncenter size-full wp-image-33593\" src=\"http:\/\/www.korhanyilmaz.com\/wp-content\/uploads\/2011\/05\/3111.jpg\" alt=\"\" width=\"449\" height=\"231\" \/><\/a><\/p>\n<p style=\"text-align: justify;\">\u0130stanbul Etiler Ko\u00e7 K\u00f6pr\u00fcs\u00fc alt\u0131ndaki \u0130ETT dura\u011f\u0131nda patlama meydana geldi. \u0130stanbul Sa\u011fl\u0131k M\u00fcd\u00fcrl\u00fc\u011f\u00fc, patlamada 8 ki\u015finin yaraland\u0131\u011f\u0131n\u0131 bildirdi.<\/p>\n<p style=\"text-align: justify;\">Patlamada, arkada\u015f\u0131 Ceyhan Mercan ile otomobille olay yerinden ge\u00e7en Ayten Bal baca\u011f\u0131n\u0131 kaybetti. Ayten Bal&#8217;\u0131n Sivasspor teknik direkt\u00f6r\u00fc R\u0131za \u00c7al\u0131mbay&#8217;\u0131n yak\u0131n\u0131 oldu\u011fu \u00f6\u011frenildi.<!--more--><\/p>\n<p style=\"text-align: justify;\">\u0130STANBUL &#8211; Etiler&#8217;de Ko\u00e7 K\u00f6pr\u00fcs\u00fc alt\u0131nda bulunan \u0130ETT dura\u011f\u0131nda trafi\u011fin yo\u011fun oldu\u011fu saatlerde patlama meydana geldi. Patlamada, ya\u015flar\u0131 23 ile 55 aras\u0131nda de\u011fi\u015fen 3&#8217;\u00fc kad\u0131n 8 ki\u015finin yaraland\u0131\u011f\u0131 belirtildi. Polis b\u00f6lgeyi bo\u015falt\u0131rken, ikinci bir patlama ihtimaline kar\u015f\u0131 bomba imha ekipleri olay yerinde inceleme yapt\u0131.<\/p>\n<p style=\"text-align: justify;\">Geni\u015f bir b\u00f6lgede etkili olan patlama, \u00e7evredeki binalarda da hasara neden oldu. Olay yerinde etrafa da\u011f\u0131lm\u0131\u015f e\u015fyalar ve hasar g\u00f6rm\u00fc\u015f ara\u00e7lar oldu\u011fu g\u00f6r\u00fcl\u00fcrken, polis b\u00f6lgeyi g\u00fcvenlik kordonuna ald\u0131. Hasar g\u00f6ren bir \u0130ETT otob\u00fcs\u00fcn\u00fcn de olay yerinde oldu\u011fu g\u00f6r\u00fcld\u00fc. Polis Meslek Y\u00fcksek Okulu&#8217;nun patlamaya yak\u0131n b\u00f6lgede olmas\u0131 nedeniyle, polis g\u00fcvenlik \u00f6nlemlerini art\u0131rd\u0131. Patlama sonras\u0131 b\u00f6lge \u00e7ift y\u00f6nl\u00fc olarak trafi\u011fe kapat\u0131ld\u0131.<\/p>\n<p style=\"text-align: justify;\"><strong>SA\u011eLIK M\u00dcD\u00dcRL\u00dc\u011e\u00dc: 8 YARALI<\/strong><\/p>\n<p style=\"text-align: justify;\">Sa\u011fl\u0131k M\u00fcd\u00fcrl\u00fc\u011f\u00fc taraf\u0131ndan yap\u0131lan yaz\u0131l\u0131 a\u00e7\u0131klamada, Etiler Ko\u00e7 K\u00f6pr\u00fcs\u00fc \u00e7evresinde meydana gelen patlamada, ya\u015flar\u0131 23 ile 55 aras\u0131nda de\u011fi\u015fen 3&#8217;\u00fc kad\u0131n 8 ki\u015finin yaraland\u0131\u011f\u0131 belirtildi.<\/p>\n<p style=\"text-align: justify;\">Ambulanslarla hastanelere kald\u0131r\u0131lan yaral\u0131lardan 2&#8217;sinin Okmeydan\u0131 E\u011fitim ve Ara\u015ft\u0131rma Hastanesi, 5&#8217;inin \u015ei\u015fli Etfal E\u011fitim ve Ara\u015ft\u0131rma Hastanesinde tedavi alt\u0131na al\u0131nd\u0131klar\u0131 ifade edilen a\u00e7\u0131klamada, bir yaral\u0131n\u0131n da kendi imkanlar\u0131yla gitti\u011fi \u00f6zel bir hastaneden \u015ei\u015fli Etfal E\u011fitim ve Ara\u015ft\u0131rma Hastanesine nakledildi\u011fi kaydedildi.<\/p>\n<p style=\"text-align: justify;\">A\u00e7\u0131klamada, hastanelerde tedavi g\u00f6ren yaral\u0131lardan 2&#8217;sinin sa\u011fl\u0131k durumunun a\u011f\u0131r oldu\u011fu, di\u011fer 6 hastan\u0131n ise tedavilerinin s\u00fcrd\u00fc\u011f\u00fc belirtildi.<\/p>\n<p style=\"text-align: justify;\">Bu arada, sald\u0131r\u0131da yaralanan &#8221;Agop&#8221; adl\u0131 ki\u015finin soyad\u0131n\u0131n ise Demir oldu\u011fu \u00f6\u011frenildi. Ayn\u0131 sald\u0131r\u0131da polis memuru Seyfi Erdem, \u0130ETT \u015fof\u00f6r\u00fc \u00dczeyfe Erdem ile Yazg\u00fcl\u00fc \u015eubatl\u0131, Sami I\u015f\u0131k, Ayten Bal ve Ceyhan Mercan da yaralanm\u0131\u015ft\u0131.<\/p>\n<p style=\"text-align: justify;\">\u00d6te yandan, \u00f6zel hastaneden \u015ei\u015fli Etfal E\u011fitim ve Ara\u015ft\u0131rma Hastanesine nakledilen yaral\u0131n\u0131n kimli\u011fine ili\u015fkin hen\u00fcz bir a\u00e7\u0131klama yap\u0131lmad\u0131.<\/p>\n<p style=\"text-align: justify;\"><strong>NEFES BORUSU \u0130\u00c7ER\u0130DEN YANMI\u015e<\/strong><\/p>\n<p style=\"text-align: justify;\">\u015ei\u015fli Etfal E\u011fitim ve Ara\u015ft\u0131rma Hastanesi&#8217;nde tedavi g\u00f6ren yak\u0131n\u0131 Yazg\u00fcl\u00fc \u015eubatl\u0131&#8217;y\u0131 ziyaret eden gazeteci T\u00fclay \u015eubatl\u0131, Yazg\u00fcl\u00fc \u015eubatl\u0131&#8217;n\u0131n y\u00fcz\u00fcnde a\u011f\u0131r yan\u0131klar oldu\u011funu, sa\u00e7lar\u0131n\u0131n da yand\u0131\u011f\u0131n\u0131 belirtti. T\u00fclay \u015eubatl\u0131, &#8221;En ciddi sorun nefes borusunda. Doktorlar nefes borusunun i\u00e7eriden yand\u0131\u011f\u0131n\u0131 s\u00f6yledi. B\u00f6yle \u015fiddetli patlamalarda b\u00f6yle bir durumun oldu\u011funu belirtildi&#8221; diye konu\u015ftu. T\u00fclay \u015eubatl\u0131, akrabas\u0131 Yazg\u00fcl\u00fc \u015eubatl\u0131&#8217;n\u0131n halen solunum cihaz\u0131na ba\u011fl\u0131 oldu\u011funu belirterek, \u015funlar\u0131 s\u00f6yledi:<\/p>\n<p style=\"text-align: justify;\">&#8221;Yazg\u00fcl\u00fc&#8217;n\u00fcn bu yan\u0131ktan \u00f6t\u00fcr\u00fc yemek borusunun kapanmas\u0131 \u00f6nlenmeye \u00e7al\u0131\u015f\u0131l\u0131yor. Halen yo\u011fun bak\u0131mda. Sa\u011f g\u00f6z\u00fc de yaralanm\u0131\u015f ama ne derece yaraland\u0131\u011f\u0131n\u0131 \u00f6\u011frenemedik. Olay s\u0131ras\u0131nda yolda y\u00fcr\u00fcyormu\u015f. Olay\u0131n hemen ard\u0131ndan kendi telefonu bozuldu\u011fu i\u00e7in ba\u015fkas\u0131n\u0131n telefonundan e\u015fini arayarak hastaneye kald\u0131r\u0131ld\u0131\u011f\u0131n\u0131 haber vermi\u015f. Yazg\u00fcl\u00fc&#8217;n\u00fcn bilinci a\u00e7\u0131k.&#8221;<\/p>\n<p style=\"text-align: justify;\">Yaral\u0131 Sami I\u015f\u0131k&#8217;\u0131n babas\u0131 \u00d6zcan I\u015f\u0131k da o\u011flunun Levent&#8217;teki bir proje m\u00fchendislik firmas\u0131nda \u00e7al\u0131\u015ft\u0131\u011f\u0131n\u0131 ve arkada\u015f\u0131 Agop Demir ile birlikte i\u015fe giderken patlamaya maruz kald\u0131klar\u0131n\u0131 ifade etti. \u00d6zcan I\u015f\u0131k, o\u011flu Sami I\u015f\u0131k ile Agop Demir&#8217;in \u015ei\u015fli Etfal E\u011fitim ve Ara\u015ft\u0131rma Hastanesinde m\u00fc\u015fahede alt\u0131nda tutuldu\u011funu kaydetti.<\/p>\n<p style=\"text-align: justify;\"><strong>\u00c7APKIN&#8217;DAN BOMBA A\u00c7IKLAMASI<\/strong><\/p>\n<p style=\"text-align: justify;\">Olay yerine gelerek incelemelerde bulunan \u0130stanbul Emniyet M\u00fcd\u00fcr\u00fc H\u00fcseyin \u00c7apk\u0131n, elektrikli bisikletin \u00fcst\u00fcne konulan patlay\u0131c\u0131n\u0131n neden oldu\u011funu bildirdi.<\/p>\n<p style=\"text-align: justify;\">\u00c7apk\u0131n, olay yerinde incelemelerde bulunduktan sonra bas\u0131n mensuplar\u0131na yapt\u0131\u011f\u0131 a\u00e7\u0131klamada, \u015funlar\u0131 kaydetti:<\/p>\n<p style=\"text-align: justify;\">&#8221;Bu sabah saat 08.58&#8217;de k\u00f6pr\u00fcn\u00fcn alt\u0131nda bir elektrikli bisikletin \u00fcst\u00fcne konulmu\u015f bir patlay\u0131c\u0131. \u00c7ok b\u00fcy\u00fck \u00e7apta bir patlay\u0131c\u0131 de\u011fil ama \u00e7ok hafif bir patlay\u0131c\u0131 da de\u011fil. Orta \u015fiddette bir patlay\u0131c\u0131 konulmu\u015f ve patlama sonucunda \u015fu anda 1&#8217;i polis memuru 7 yaral\u0131 var.&#8221;<\/p>\n<p style=\"text-align: justify;\"><strong>VAL\u0130 MUTLU: HAYAT\u0130 TEHL\u0130KE YOK<\/strong><\/p>\n<p style=\"text-align: justify;\">\u0130stanbul Valisi Avni Mutlu ise, &#8221;Patlama sonucunda olay yerinde 7 vatanda\u015f\u0131m\u0131z muhtelif oranlarda yaraland\u0131. Bunlar\u0131n hi\u00e7 birisinin hayati tehlikesi yok&#8221; dedi. Yaral\u0131lar\u0131n Okmeydan\u0131 E\u011fitim ve Ara\u015ft\u0131rma Hastanesi ile \u015ei\u015fli Etfal E\u011fitim ve Ara\u015ft\u0131rma Hastanesi&#8217;nde tedavilerinin s\u00fcrd\u00fc\u011f\u00fcn\u00fc ifade eden Mutlu, &#8221;Hayati tehlikelerinin olmamas\u0131 \u00f6nemli&#8221; diye konu\u015ftu.<\/p>\n<p style=\"text-align: justify;\">Mutlu, \u015funlar\u0131 kaydetti:<\/p>\n<p style=\"text-align: justify;\">&#8221;\u00c7ok \u015fiddetli, \u00e7ok etkili bir patlay\u0131c\u0131 de\u011fil ama yaralanma hadiselerine sebebiyet verecek oranda tesiri olan patlay\u0131c\u0131. Olay\u0131 \u015fu ana kadar \u00fcstlenen yok. G\u00fcvenlik birimlerimiz, emniyetimiz, konuyla ilgili olay yerindeki b\u00fct\u00fcn bulgulara ve farkl\u0131 bilgilere ula\u015fmak \u00fczere yo\u011fun bir \u00e7al\u0131\u015fma s\u00fcrd\u00fcr\u00fcyor. Ter\u00f6r\u00fcn \u00e7irkin y\u00fcz\u00fcn\u00fcn bir kez daha ortaya \u00e7\u0131kt\u0131\u011f\u0131 ve \u00f6zellikle sivil vatanda\u015flar\u0131n etkilendi\u011fini g\u00f6r\u00fcyoruz.<\/p>\n<p style=\"text-align: justify;\">Bu nedenle \u015fiddet ve nefretle k\u0131n\u0131yoruz. Bu t\u00fcr sald\u0131r\u0131lar\u0131n, eylemlerin hi\u00e7bir zaman toplumumuzun morali \u00fczerinde olumsuz tesir yaratmas\u0131 m\u00fcmk\u00fcn de\u011fildir. B\u00fct\u00fcn toplumumuz bunu \u015fiddetle k\u0131nar. Ter\u00f6r kar\u015f\u0131s\u0131nda topyekun birlik, beraberlik duru\u015fumuzu g\u00fc\u00e7lendirir. Yapanlar\u0131n da yan\u0131na kalmaz.&#8221;<\/p>\n<p style=\"text-align: justify;\"><strong>BA\u015eBAKAN ERDO\u011eAN: KES\u0130N OLMASA DA \u015eEKLEN TER\u00d6R \u00d6RG\u00dcT\u00dcYLE ALAKALI<\/strong><\/p>\n<p style=\"text-align: justify;\">Ba\u015fbakan Erdo\u011fan, partisince Ni\u011fde&#8217;de d\u00fczenlenen mitingin ard\u0131ndan gazetecilerin \u0130stanbul&#8217;da meydana gelen patlamaya ili\u015fkin sorular\u0131n\u0131 yan\u0131tlad\u0131.<\/p>\n<p style=\"text-align: justify;\">Bir soru \u00fczerine, \u015fu anda de\u011ferlendirme ve incelemelerin devam etti\u011fini ifade eden Erdo\u011fan, &#8221;Kesin bir \u015fey yok. Netle\u015ftikten sonra zaten ba\u015fta \u0130stanbul Valim olmak \u00fczere Emniyet M\u00fcd\u00fcr\u00fc gerekli a\u00e7\u0131klamay\u0131 yapacakt\u0131r&#8221; diye konu\u015ftu.<\/p>\n<p style=\"text-align: justify;\">&#8221;Ter\u00f6r \u00f6rg\u00fct\u00fc ba\u011flant\u0131s\u0131n\u0131 olup olmad\u0131\u011f\u0131 ili\u015fkin soru \u00fczerine de Ba\u015fbakan Erdo\u011fan, &#8221;\u015eu anda kesin bir netice al\u0131nmadan s\u00f6ylersek yanl\u0131\u015f olur ama \u015fekline bakt\u0131\u011f\u0131m\u0131z zaman ter\u00f6r \u00f6rg\u00fct\u00fcyle alakal\u0131 oldu\u011fu \u00e7\u0131k\u0131yor ortaya&#8221; yan\u0131t\u0131n\u0131 verdi.<\/p>\n<p style=\"text-align: justify;\"><strong>7 YARALININ \u0130S\u0130MLER\u0130 BEL\u0130RLEND\u0130<\/strong><\/p>\n<p style=\"text-align: justify;\">Patlamada yaralanarak, Okmeydan\u0131 ve \u015ei\u015fli Etfal Hastanelerinde tedavi alt\u0131na al\u0131nan biri polis 7 ki\u015finin isimleri belirlendi.<\/p>\n<p style=\"text-align: justify;\">\u015ei\u015fli Etfal hastanesine kald\u0131r\u0131lanlar\u0131n polis memuru \u00dczeyfe Erdem, \u0130ETT \u015fof\u00f6r\u00fc Seyfi Erdem, Yazg\u00fcl\u00fc \u015eubatl\u0131, Sami I\u015f\u0131k ve soyad\u0131 \u00f6\u011frenilemeyen Agof adl\u0131 ki\u015filer oldu\u011fu \u00f6\u011frenildi. Buradaki yaral\u0131lardan Yazg\u00fcl\u00fc \u015eubat&#8217;\u0131n hayati tehlikesi olmamas\u0131na kar\u015f\u0131n durumunun a\u011f\u0131r oldu\u011fu belirtildi.<\/p>\n<p style=\"text-align: justify;\">Okmeydan\u0131 Hastanesinde tedavi alt\u0131na al\u0131nan yaral\u0131lar\u0131n ise Ayten Bal ile Ceyhan Mercan oldu\u011fu belirtildi. Aya\u011f\u0131ndan yaralanan Ayten Bal&#8217;\u0131n ameliyata al\u0131naca\u011f\u0131 bildirildi.<\/p>\n<p style=\"text-align: justify;\"><strong>AYA\u011eI KOPTU<\/strong><\/p>\n<p style=\"text-align: justify;\">\u0130stanbul \u0130l Sa\u011fl\u0131k M\u00fcd\u00fcr\u00fc Ali \u0130hsan Dokucu, aya\u011f\u0131 kopan bir kad\u0131n\u0131n ameliyata al\u0131nd\u0131\u011f\u0131n\u0131 bildirdi. Patlaman\u0131n ard\u0131ndan \u015ei\u015fli Etfal E\u011fitim ve Ara\u015ft\u0131rma Hastanesine gelerek, yaral\u0131lar\u0131n durumlar\u0131 hakk\u0131nda bilgi alan \u0130l Sa\u011fl\u0131k M\u00fcd\u00fcr\u00fc Dokucu, gazetecilere a\u00e7\u0131klama yapt\u0131.<\/p>\n<p style=\"text-align: justify;\">Dokucu, &#8221;Bu hastalar\u0131m\u0131z\u0131n ikisinde a\u011f\u0131r olarak nitelendirebilece\u011fimiz bir tablo s\u00f6z konusudur&#8221; dedi. Ali \u0130hsan Dokucu, birinin de polis oldu\u011funu belirtti\u011fi yaral\u0131lar\u0131n durumlar\u0131 hakk\u0131nda \u015fu bilgileri verdi:<\/p>\n<p style=\"text-align: justify;\">&#8221;Hayati risk i\u00e7ermesi a\u00e7\u0131s\u0131ndan en \u00f6nemli hasta Okmeydan\u0131 E\u011fitim ve Ara\u015ft\u0131rma Hastanesinde olan 45 ya\u015f\u0131ndaki bir bayan hastad\u0131r. Her iki aya\u011f\u0131nda da \u00e7ok ciddi yaralanma vard\u0131r. Aya\u011f\u0131n\u0131n birinde tam kopma, di\u011ferinde de ciddi bir yaralanma vard\u0131r. \u015eu dakikalarda ameliyathanede kendisine m\u00fcdahale edilmektedir.<\/p>\n<p style=\"text-align: justify;\">Ayn\u0131 hastanedeki ikinci hastam\u0131z da bir bayand\u0131r. Onda y\u00fczeysel \u015farapnel yaralanmas\u0131 var ancak hayati tehlikesi yok.<\/p>\n<p style=\"text-align: justify;\">\u015ei\u015fli Etfal Hastanesinde ise ilgili arkada\u015flar\u0131m\u0131zla beraber hastalar\u0131m\u0131z\u0131 ziyaret ettik. 5 hasta var bu hastanede. Bunlardan bir tanesinin durumu di\u011ferlerine g\u00f6re biraz daha a\u011f\u0131rd\u0131r. Kendisinde y\u00fcz yan\u0131\u011f\u0131 ve y\u00fczeysel yaralanmalar mevcuttur. Ayn\u0131 zamanda bir solunum sistemi yan\u0131\u011f\u0131 s\u00f6z konusudur. Bu hastam\u0131z\u0131 yo\u011fun bak\u0131mda biraz evvel ziyaret ettim. Bilinci yerinde olmakla beraber yo\u011fun bak\u0131m \u015fartlar\u0131na ihtiyac\u0131 olan bir hastam\u0131zd\u0131r.<\/p>\n<p style=\"text-align: justify;\">Bir di\u011fer hastam\u0131z 55 ya\u015f\u0131nda bir polis memuru. Ayn\u0131 hastanemizde g\u00f6revli bir polis memurumuzdur. Onda da y\u00fczeysel y\u00fcz yan\u0131\u011f\u0131 mevcuttur. Onun da serviste takibi yap\u0131lmaktad\u0131r. Di\u011feri hastalar\u0131m\u0131zda tamamen \u015farapnel yaralanmalar\u0131 var. Herhangi bir hayati tehlike i\u00e7ermemektedir.&#8221;<\/p>\n<p style=\"text-align: justify;\"><strong>RIZA \u00c7ALIMBAY&#8217;IN AKRABASI<\/strong><\/p>\n<p style=\"text-align: justify;\">Patlama sonras\u0131 yaralanan ve hastanede tedavi alt\u0131na al\u0131nan Ayten Bal babas\u0131 Mustafa Bal k\u0131z\u0131n\u0131n durumuyla a\u00e7\u0131klamalarda bulundu. Baba Bal, k\u0131z\u0131n\u0131n her g\u00fcn ayn\u0131 saatte i\u015fe gitmek i\u00e7in yola \u00e7\u0131kt\u0131\u011f\u0131n\u0131, bug\u00fcn yol kapal\u0131 oldu\u011fu i\u00e7in ge\u00e7 kald\u0131\u011f\u0131n\u0131 belirtti. Vatan&#8217;\u0131n haberine g\u00f6re; Sivasspor Teknik Direkt\u00f6r\u00fc R\u0131za \u00c7al\u0131mbay, hastaneye gelerek ge\u00e7mi\u015f olsun dile\u011finde bulundu. \u00c7al\u0131mbay, Bal ailesiyle akraba olduklar\u0131n\u0131 s\u00f6yledi.<\/p>\n<p style=\"text-align: justify;\"><strong>BBC KORKUTTU<\/strong><\/p>\n<p style=\"text-align: justify;\">Patlama yabanc\u0131 ajanslarda fla\u015f haber olacak ge\u00e7erken, \u0130ngiliz televizyonu BBC&#8217;nin T\u00fcrk\u00e7e servisinin haberi &#8220;7 \u00f6l\u00fc&#8221; olarak ge\u00e7mesi dikkat \u00e7ekti. BBC hatay\u0131, bir s\u00fcre sonra d\u00fczeltti.<\/p>\n<p style=\"text-align: justify;\"><a href=\"http:\/\/www.gazeteport.com.tr\/GUNCEL\/NEWS\/GP_910838\" target=\"_blank\">Kaynak : GAZETEPORT<\/a><\/p>\n","protected":false},"excerpt":{"rendered":"<p style=\"text-align: justify;\">\n<p style=\"text-align: justify;\">\u0130stanbul Etiler Ko\u00e7 K\u00f6pr\u00fcs\u00fc alt\u0131ndaki \u0130ETT dura\u011f\u0131nda patlama meydana geldi. \u0130stanbul Sa\u011fl\u0131k M\u00fcd\u00fcrl\u00fc\u011f\u00fc, patlamada 8 ki\u015finin yaraland\u0131\u011f\u0131n\u0131 bildirdi.<\/p>\n<p style=\"text-align: justify;\">Patlamada, arkada\u015f\u0131 Ceyhan Mercan ile otomobille olay yerinden ge\u00e7en Ayten Bal baca\u011f\u0131n\u0131 kaybetti. Ayten Bal&#8217;\u0131n Sivasspor teknik direkt\u00f6r\u00fc R\u0131za \u00c7al\u0131mbay&#8217;\u0131n yak\u0131n\u0131 oldu\u011fu \u00f6\u011frenildi.<\/p>\n","protected":false},"author":1,"featured_media":0,"comment_status":"open","ping_status":"closed","sticky":false,"template":"","format":"standard","meta":{"footnotes":""},"categories":[105],"tags":[],"class_list":["post-33592","post","type-post","status-publish","format-standard","hentry","category-gundem","odd"],"_links":{"self":[{"href":"http:\/\/www.korhanyilmaz.com\/index.php?rest_route=\/wp\/v2\/posts\/33592","targetHints":{"allow":["GET"]}}],"collection":[{"href":"http:\/\/www.korhanyilmaz.com\/index.php?rest_route=\/wp\/v2\/posts"}],"about":[{"href":"http:\/\/www.korhanyilmaz.com\/index.php?rest_route=\/wp\/v2\/types\/post"}],"author":[{"embeddable":true,"href":"http:\/\/www.korhanyilmaz.com\/index.php?rest_route=\/wp\/v2\/users\/1"}],"replies":[{"embeddable":true,"href":"http:\/\/www.korhanyilmaz.com\/index.php?rest_route=%2Fwp%2Fv2%2Fcomments&post=33592"}],"version-history":[{"count":0,"href":"http:\/\/www.korhanyilmaz.com\/index.php?rest_route=\/wp\/v2\/posts\/33592\/revisions"}],"wp:attachment":[{"href":"http:\/\/www.korhanyilmaz.com\/index.php?rest_route=%2Fwp%2Fv2%2Fmedia&parent=33592"}],"wp:term":[{"taxonomy":"category","embeddable":true,"href":"http:\/\/www.korhanyilmaz.com\/index.php?rest_route=%2Fwp%2Fv2%2Fcategories&post=33592"},{"taxonomy":"post_tag","embeddable":true,"href":"http:\/\/www.korhanyilmaz.com\/index.php?rest_route=%2Fwp%2Fv2%2Ftags&post=33592"}],"curies":[{"name":"wp","href":"https:\/\/api.w.org\/{rel}","templated":true}]}}