{"id":33584,"date":"2011-05-26T07:30:32","date_gmt":"2011-05-26T04:30:32","guid":{"rendered":"http:\/\/www.korhanyilmaz.com\/?p=33584"},"modified":"2011-05-26T07:30:32","modified_gmt":"2011-05-26T04:30:32","slug":"gandi-trt%e2%80%99de-secim-ozel%e2%80%99%e2%80%99-programina-katilacak","status":"publish","type":"post","link":"http:\/\/www.korhanyilmaz.com\/?p=33584","title":{"rendered":"CHP lideri K\u0131l\u0131\u00e7daro\u011flu TRT\u2019de, &#8220;Se\u00e7im \u00d6zel\u2019\u2019 program\u0131na kat\u0131lacak"},"content":{"rendered":"<p style=\"text-align: justify;\"><a href=\"http:\/\/www.korhanyilmaz.com\/wp-content\/uploads\/2011\/05\/3101.jpg\"  class=\"lightview\"><img loading=\"lazy\" decoding=\"async\" class=\"aligncenter size-full wp-image-33586\" src=\"http:\/\/www.korhanyilmaz.com\/wp-content\/uploads\/2011\/05\/3101.jpg\" alt=\"\" width=\"366\" height=\"248\" \/><\/a><\/p>\n<p style=\"text-align: justify;\">CHP lideri K\u0131l\u0131\u00e7daro\u011flu, \u201cTayyip Radyo Televizyonu\u201d ad\u0131n\u0131 verdi\u011fi TRT\u2019de, \u2018\u2019Se\u00e7im \u00d6zel\u2019\u2019 program\u0131na kat\u0131lacak ve \u201cyanda\u015f\u201d olarak niteledi\u011fi gazetecilerin sorular\u0131n\u0131 yan\u0131tlayacak.<\/p>\n<p style=\"text-align: justify;\">ANKARA- \u201cTRT\u2019yi izlemeyin, TRT diye bir kurum yok, onun ad\u0131 Tayyip Radyo Televizyonu\u201d diyen CHP lideri Kemal K\u0131l\u0131\u00e7daro\u011flu, TRT\u2019de 5 gazetecinin sorular\u0131n\u0131 cevapland\u0131racak. <!--more--><\/p>\n<p style=\"text-align: justify;\">CHP lideri, 4 Haziran\u2019da TRT Haber\u2019de yay\u0131nlanacak olan \u201cSe\u00e7im \u00d6zel\u201d program\u0131na kat\u0131lacak. K\u0131l\u0131\u00e7daro\u011flu, bir de\u011fi\u015fiklik olmazsa Zaman Gazetesi Genel Yay\u0131n Y\u00f6netmeni Ekrem Dumanl\u0131, Star Gazetesi Yazar\u0131 Ergun Babahan, Radikal Gazetesi Yazar\u0131 Oral \u00c7al\u0131\u015flar, Milliyet Gazetesi Yazar\u0131 Derya Sazak ile TRT T\u00fcrk\u2019ten \u00dcmit Sezgin\u2019in sorular\u0131n\u0131 yan\u0131tlayacak.<\/p>\n<p style=\"text-align: justify;\">Program\u0131n moderat\u00f6rl\u00fc\u011f\u00fcn\u00fc ise Samanyolu TV\u2019den TRT&#8217;ye ge\u00e7en Ahmet B\u00f6ken yapacak. CHP, referandum \u00f6ncesi yanl\u0131 yay\u0131n yaparak g\u00f6revini k\u00f6t\u00fcye kulland\u0131\u011f\u0131 gerek\u00e7esiyle B\u00f6ken hakk\u0131nda su\u00e7 duyurusunda bulunmu\u015ftu. K\u0131l\u0131\u00e7daro\u011flu, \u2018\u2019Programa kat\u0131lacak gazetecileri TRT belirledi, bize muhalif olmalar\u0131 daha iyi\u2019\u2019 dedi.<\/p>\n<p style=\"text-align: justify;\"><strong>BOYKOTU BOZDU<\/strong><\/p>\n<p style=\"text-align: justify;\">CHP ile TRT aras\u0131nda, Ergenekon ile ba\u011flant\u0131l\u0131 olan ve Kanada\u2019da ya\u015fayan haham Tuncay G\u00fcney\u2019in canl\u0131 yay\u0131na \u00e7\u0131kar\u0131larak Deniz Baykal\u2019\u0131 su\u00e7lamas\u0131 nedeniyle gerginlik ya\u015fanm\u0131\u015ft\u0131. CHP bu yay\u0131ndan dolay\u0131 dava a\u00e7m\u0131\u015f ve TRT\u2019yi 82 bin lira tazminata mahkum ettirmi\u015fti.<\/p>\n<p style=\"text-align: justify;\">CHP, TRT\u2019de \u2018\u2019yanda\u015f\u2019\u2019 olarak niteledi\u011fi Ergun Babahan ba\u015fta olmak \u00fczere baz\u0131 yazarlar\u0131n yapt\u0131\u011f\u0131 programlar nedeniyle de s\u0131k s\u0131k TRT\u2019yi \u015fikayet etti. Ekrem Dumanl\u0131 ile Ergun Babahan\u2019a verilen y\u00fcksek miktardaki \u00fccretleri de TBMM g\u00fcndemine getirdi. K\u0131l\u0131\u00e7daro\u011flu, CHP lideri se\u00e7ildikten sonra partinin TRT ile ilgili boykotunu 13 \u015eubat\u2019ta yay\u0131nlanan \u2018\u2019Politik A\u00e7\u0131l\u0131m\u2019\u2019 program\u0131na \u00e7\u0131karak sona erdirdi. Ancak TRT\u2019nin yay\u0131nlar\u0131na y\u00f6nelik ele\u015ftirilerini se\u00e7im meydanlar\u0131nda s\u00fcrd\u00fcrd\u00fc.<\/p>\n<p style=\"text-align: justify;\"><a href=\"http:\/\/www.gazeteport.com.tr\/SIYASET\/NEWS\/GP_910528\" target=\"_blank\">Kaynak : Yusuf SAH\u0130C\u0130 &#8211; GAZETEPORT<\/a><\/p>\n","protected":false},"excerpt":{"rendered":"<p style=\"text-align: justify;\">\n<p style=\"text-align: justify;\">CHP lideri K\u0131l\u0131\u00e7daro\u011flu, \u201cTayyip Radyo Televizyonu\u201d ad\u0131n\u0131 verdi\u011fi TRT\u2019de, \u2018\u2019Se\u00e7im \u00d6zel\u2019\u2019 program\u0131na kat\u0131lacak ve \u201cyanda\u015f\u201d olarak niteledi\u011fi gazetecilerin sorular\u0131n\u0131 yan\u0131tlayacak.<\/p>\n<p style=\"text-align: justify;\">ANKARA- \u201cTRT\u2019yi izlemeyin, TRT diye bir kurum yok, onun ad\u0131 Tayyip Radyo Televizyonu\u201d diyen CHP lideri Kemal K\u0131l\u0131\u00e7daro\u011flu, TRT\u2019de 5 gazetecinin sorular\u0131n\u0131 cevapland\u0131racak. <\/p>\n","protected":false},"author":1,"featured_media":0,"comment_status":"open","ping_status":"closed","sticky":false,"template":"","format":"standard","meta":{"footnotes":""},"categories":[105],"tags":[],"class_list":["post-33584","post","type-post","status-publish","format-standard","hentry","category-gundem","odd"],"_links":{"self":[{"href":"http:\/\/www.korhanyilmaz.com\/index.php?rest_route=\/wp\/v2\/posts\/33584","targetHints":{"allow":["GET"]}}],"collection":[{"href":"http:\/\/www.korhanyilmaz.com\/index.php?rest_route=\/wp\/v2\/posts"}],"about":[{"href":"http:\/\/www.korhanyilmaz.com\/index.php?rest_route=\/wp\/v2\/types\/post"}],"author":[{"embeddable":true,"href":"http:\/\/www.korhanyilmaz.com\/index.php?rest_route=\/wp\/v2\/users\/1"}],"replies":[{"embeddable":true,"href":"http:\/\/www.korhanyilmaz.com\/index.php?rest_route=%2Fwp%2Fv2%2Fcomments&post=33584"}],"version-history":[{"count":0,"href":"http:\/\/www.korhanyilmaz.com\/index.php?rest_route=\/wp\/v2\/posts\/33584\/revisions"}],"wp:attachment":[{"href":"http:\/\/www.korhanyilmaz.com\/index.php?rest_route=%2Fwp%2Fv2%2Fmedia&parent=33584"}],"wp:term":[{"taxonomy":"category","embeddable":true,"href":"http:\/\/www.korhanyilmaz.com\/index.php?rest_route=%2Fwp%2Fv2%2Fcategories&post=33584"},{"taxonomy":"post_tag","embeddable":true,"href":"http:\/\/www.korhanyilmaz.com\/index.php?rest_route=%2Fwp%2Fv2%2Ftags&post=33584"}],"curies":[{"name":"wp","href":"https:\/\/api.w.org\/{rel}","templated":true}]}}