{"id":33568,"date":"2011-05-26T09:16:37","date_gmt":"2011-05-26T06:16:37","guid":{"rendered":"http:\/\/www.korhanyilmaz.com\/?p=33568"},"modified":"2011-05-26T09:16:37","modified_gmt":"2011-05-26T06:16:37","slug":"chp-doguda-surpriz-yapar","status":"publish","type":"post","link":"http:\/\/www.korhanyilmaz.com\/?p=33568","title":{"rendered":"CHP Do\u011fu&#8217;da s\u00fcrpriz yapar"},"content":{"rendered":"<p style=\"text-align: justify;\"><a href=\"http:\/\/www.korhanyilmaz.com\/wp-content\/uploads\/2011\/05\/3071.jpg\"  class=\"lightview\"><img loading=\"lazy\" decoding=\"async\" class=\"aligncenter size-full wp-image-33571\" src=\"http:\/\/www.korhanyilmaz.com\/wp-content\/uploads\/2011\/05\/3071.jpg\" alt=\"\" width=\"414\" height=\"221\" \/><\/a><\/p>\n<p style=\"text-align: justify;\">A&amp;G&#8217;den Adil G\u00fcr, KONDA&#8217;dan Tarhan Erdem ve Metropoll&#8217;den Prof. Dr. \u00d6zer Sencar partilerin performanslar\u0131n\u0131 Cumhuriyet Gazetesi i\u00e7in de\u011ferlendirdi&#8230;<\/p>\n<p style=\"text-align: justify;\">A&amp;G Ara\u015ft\u0131rma&#8217;n\u0131n sahibi Adil G\u00fcr se\u00e7iin s\u00fcrprizinin Do\u011fu ve G\u00fcneydo\u011fu&#8217;dan \u00e7\u0131kaca\u011f\u0131n\u0131 vurgulad\u0131. <!--more--><\/p>\n<p style=\"text-align: justify;\">CHP&#8217;nin Batman, Diyarbak\u0131r, Mu\u015f, Van, \u015e\u0131rnak, Hakkari gibi illerde oylar\u0131n\u0131 rekor d\u00fczeyde artt\u0131raca\u011f\u0131n\u0131 , AKP&#8217;nin Do\u011fu&#8217;da gerileyece\u011fini \u00f6ng\u00f6ren G\u00fcr., &#8220;MHP&#8217;nin oyunu kasetler belirlemeyecek&#8221; dedi.<\/p>\n<p style=\"text-align: justify;\">Adil G\u00fcr&#8217;e g\u00f6re b\u00f6lgede bu semi\u00e7lerde hem BDP&#8217;nin hem de CHP&#8217;nin oylar\u0131nda art\u0131\u015f g\u00f6r\u00fclecek.<\/p>\n<p style=\"text-align: justify;\"><strong><a href=\"http:\/\/www.korhanyilmaz.com\/wp-content\/uploads\/2011\/05\/3081.jpg\"  class=\"lightview\"><img loading=\"lazy\" decoding=\"async\" class=\"alignleft size-full wp-image-33569\" style=\"margin-left: 10px; margin-right: 10px;\" src=\"http:\/\/www.korhanyilmaz.com\/wp-content\/uploads\/2011\/05\/3081.jpg\" alt=\"\" width=\"270\" height=\"179\" \/><\/a>HEDEF Y\u00dcZDE 15&#8217;L\u0130K KES\u0130M<\/strong><\/p>\n<p style=\"text-align: justify;\">Referandum sonu\u00e7lar\u0131n\u0131 en yak\u0131n tahmin eden KONDA&#8217;n\u0131n sahibi Tarhan Erdem de liderlerin sert \u00fcsluplar\u0131n\u0131n halktan prim almad\u0131\u011f\u0131n\u0131 vurgulad\u0131.<\/p>\n<p style=\"text-align: justify;\">Kaset konusunun MHP oylar\u0131n\u0131 etkilemeyece\u011fini s\u00f6yleyen Erdem, se\u00e7menin y\u00fczde 85&#8217;in kanaatinin belli oldu\u011funu, liderlerin karars\u0131z kitle i\u00e7in \u00e7abalad\u0131\u011f\u0131n\u0131 s\u00f6yledi. Tarhan Erdem, K\u0131l\u0131\u00e7daro\u011flu&#8217;nun s\u00f6ylemlerinin CHP&#8217;yi bir noktaya ta\u015f\u0131d\u0131\u011f\u0131n\u0131 ancak bunun iktidara gelmek i\u00e7in yeterli olmad\u0131\u011f\u0131n\u0131 da ekledi.<\/p>\n<p style=\"text-align: justify;\"><strong>MHP&#8217;N\u0130N BARAJ R\u0130SK\u0130 KALKTI!<\/strong><\/p>\n<p style=\"text-align: justify;\">Metropoll Ara\u015ft\u0131rma \u015eeirketi&#8217;nin sahibi Prof. Dr. \u00d6zer Sencar kaset tart\u0131\u015fmalar\u0131n\u0131n MHP&#8217;yi &#8220;ma\u011fdur&#8221; durumuna d\u00fc\u015f\u00fcrd\u00fc\u011f\u00fcn\u00fc vurgulad\u0131. Sencar &#8220;Partinin oylar\u0131 may\u0131s ay\u0131na oranla 1 puan y\u00fckseldi. Bu ara\u015ft\u0131rma 6 ki\u015finin istifas\u0131ndan sonra yap\u0131ld\u0131. MHP&#8217;nin baraj riski yok&#8221; dedi.<\/p>\n<p style=\"text-align: justify;\">Sencar CHP&#8217;nin Do\u011fu ve G\u00fcneydo\u011fu&#8217;da oy artt\u0131raca\u011f\u0131n\u0131 kendisinin de \u00f6ng\u00f6rd\u00fc\u011f\u00fcn\u00fc vurgulayarak ekledi:<\/p>\n<p style=\"text-align: justify;\">K\u0131l\u0131\u00e7daro\u011flu&#8217;nun kulland\u0131\u011f\u0131 dil vata\u015f\u0131 etkiliyor ancak AKP s\u00f6ylemleri daha etkili,<\/p>\n<p style=\"text-align: justify;\"><a href=\"http:\/\/www.gazeteport.com.tr\/SIYASET\/NEWS\/GP_910830\" target=\"_blank\">Kaynak : GAZETEPORT<\/a><\/p>\n","protected":false},"excerpt":{"rendered":"<p style=\"text-align: justify;\">\n<p style=\"text-align: justify;\">A&amp;G&#8217;den Adil G\u00fcr, KONDA&#8217;dan Tarhan Erdem ve Metropoll&#8217;den Prof. Dr. \u00d6zer Sencar partilerin performanslar\u0131n\u0131 Cumhuriyet Gazetesi i\u00e7in de\u011ferlendirdi&#8230;<\/p>\n<p style=\"text-align: justify;\">A&amp;G Ara\u015ft\u0131rma&#8217;n\u0131n sahibi Adil G\u00fcr se\u00e7iin s\u00fcrprizinin Do\u011fu ve G\u00fcneydo\u011fu&#8217;dan \u00e7\u0131kaca\u011f\u0131n\u0131 vurgulad\u0131. <\/p>\n","protected":false},"author":1,"featured_media":0,"comment_status":"open","ping_status":"closed","sticky":false,"template":"","format":"standard","meta":{"footnotes":""},"categories":[105],"tags":[],"class_list":["post-33568","post","type-post","status-publish","format-standard","hentry","category-gundem","odd"],"_links":{"self":[{"href":"http:\/\/www.korhanyilmaz.com\/index.php?rest_route=\/wp\/v2\/posts\/33568","targetHints":{"allow":["GET"]}}],"collection":[{"href":"http:\/\/www.korhanyilmaz.com\/index.php?rest_route=\/wp\/v2\/posts"}],"about":[{"href":"http:\/\/www.korhanyilmaz.com\/index.php?rest_route=\/wp\/v2\/types\/post"}],"author":[{"embeddable":true,"href":"http:\/\/www.korhanyilmaz.com\/index.php?rest_route=\/wp\/v2\/users\/1"}],"replies":[{"embeddable":true,"href":"http:\/\/www.korhanyilmaz.com\/index.php?rest_route=%2Fwp%2Fv2%2Fcomments&post=33568"}],"version-history":[{"count":0,"href":"http:\/\/www.korhanyilmaz.com\/index.php?rest_route=\/wp\/v2\/posts\/33568\/revisions"}],"wp:attachment":[{"href":"http:\/\/www.korhanyilmaz.com\/index.php?rest_route=%2Fwp%2Fv2%2Fmedia&parent=33568"}],"wp:term":[{"taxonomy":"category","embeddable":true,"href":"http:\/\/www.korhanyilmaz.com\/index.php?rest_route=%2Fwp%2Fv2%2Fcategories&post=33568"},{"taxonomy":"post_tag","embeddable":true,"href":"http:\/\/www.korhanyilmaz.com\/index.php?rest_route=%2Fwp%2Fv2%2Ftags&post=33568"}],"curies":[{"name":"wp","href":"https:\/\/api.w.org\/{rel}","templated":true}]}}