{"id":33562,"date":"2011-05-26T07:58:31","date_gmt":"2011-05-26T04:58:31","guid":{"rendered":"http:\/\/www.korhanyilmaz.com\/?p=33562"},"modified":"2011-05-26T07:58:31","modified_gmt":"2011-05-26T04:58:31","slug":"20-vekilin-evinde-kamera-buldum","status":"publish","type":"post","link":"http:\/\/www.korhanyilmaz.com\/?p=33562","title":{"rendered":"&#8220;20 vekilin evinde kamera buldum&#8221;"},"content":{"rendered":"<div id=\"attachment_33563\" style=\"width: 320px\" class=\"wp-caption aligncenter\"><a href=\"http:\/\/www.korhanyilmaz.com\/wp-content\/uploads\/2011\/05\/3051.jpg\"  class=\"lightview\"><img loading=\"lazy\" decoding=\"async\" aria-describedby=\"caption-attachment-33563\" class=\"size-full wp-image-33563\" src=\"http:\/\/www.korhanyilmaz.com\/wp-content\/uploads\/2011\/05\/3051.jpg\" alt=\"\" width=\"310\" height=\"220\" \/><\/a><p id=\"caption-attachment-33563\" class=\"wp-caption-text\">CHP Adana Milletvekili Tacidar Seyhan ( Ar\u015fiv )<\/p><\/div>\n<p style=\"text-align: justify;\">Bili\u015fim uzman\u0131 CHP\u2019li Seyhan, bir\u00e7ok milletvekilinin iste\u011fi \u00fczerine evlerinde ve ofisilerinde kamera aramas\u0131 yapt\u0131\u011f\u0131n\u0131 a\u00e7\u0131klad\u0131. Seyhan 20 milletvekilinin evine gizlice yerle\u015ftirilmi\u015f kameralar buldu\u011funu s\u00f6yledi. Seyhan bu vekillerin ad\u0131n\u0131 vermedi.<!--more--><\/p>\n<p style=\"text-align: justify;\">CHP\u2019nin bili\u015fim teknolojisi uzman\u0131 Adana Milletvekili Tacidar Seyhan gizli kamera g\u00f6r\u00fcnt\u00fcleriyle ilgili bir skandal\u0131 Vatan\u2019a a\u00e7\u0131klad\u0131. Seyhan, \u015fimdiye kadar 20\u2019nin \u00fczerinde milletvekilinin ricas\u0131 \u00fczerine ev ve ofis aramas\u0131 yapt\u0131\u011f\u0131n\u0131 belirterek, \u201cBu kesinlikle organize bir i\u015f. Bu i\u015flem en az 15, 20 ki\u015filik bir ekip taraf\u0131ndan yap\u0131l\u0131yor belli ki\u201d dedi. Seyhan, \u201cSadece CHP\u2019liler mi?\u201d sorusunu, \u201cDetay vermek istemiyorum. \u00c7\u00fcnk\u00fc arkada\u015flar\u0131m\u0131z (Sana g\u00fcveniyoruz) dediler. Kimseyi k\u0131rmak istemem. Ama sadece CHP\u2019liler yok\u201d ifadesini kulland\u0131.<\/p>\n<p style=\"text-align: justify;\">Kendisinde bulunan gizli kamera bulma cihaz\u0131yla \u00e7al\u0131\u015ft\u0131\u011f\u0131n\u0131 belirten Seyhan, \u201cEvlerinde veya ofislerinde kamera buldu\u011funuz milletvekillerinin tepkisi ne oldu?\u201d sorusunu ise, \u201c\u00c7ok \u00fcz\u00fcl\u00fcyorlar. \u00c7o\u011funun ofisine hatta evlerine yerle\u015ftirmi\u015fler. Neredeyse bakt\u0131\u011f\u0131m her ofisin ve evin prizinde ya da buat\u0131nda gizli kamera buldum\u201d diye konu\u015ftu.<\/p>\n<p style=\"text-align: justify;\">\u201cBenzer cihazlar m\u0131?\u201d sorusunu ise Seyhan, \u201c\u00c7\u00f6z\u00fcn\u00fcrl\u00fc\u011f\u00fc y\u00fcksek olan da var, d\u00fc\u015f\u00fck olan da var. \u015eu ana kadar \u00e7ekim yapan kameralar\u0131 inceledi\u011fimde ayn\u0131 \u00f6zelliklere sahip oldu\u011funu g\u00f6rd\u00fcm. Hatta bir y\u0131l \u00f6nce yap\u0131lanlar dahil hepsi ayn\u0131 tip kamerayla g\u00f6r\u00fcnt\u00fclenmi\u015f. Bu arkada\u015flar\u0131mdan savc\u0131l\u0131\u011fa ba\u015fvuranlar oldu\u011fu gibi olmayanlar da var. Ancak benim isim vermem do\u011fru olmaz\u201d dedi.<\/p>\n<p style=\"text-align: justify;\"><strong>\u0130STEK \u00c7OK YO\u011eUN<\/strong><\/p>\n<p style=\"text-align: justify;\">\u00c7\u0131kan haberler \u00fczerine bir \u00e7ok milletvekilinin de kendisine ula\u015ft\u0131\u011f\u0131n\u0131 belirten Seyhan, \u201cBenim evimi, ofisimi arar m\u0131s\u0131n diyen \u00e7ok oldu mu?\u201d sorusunu, \u201c\u00c7ok yo\u011fun bir istek var. Ama olay\u0131n vehametine bakar m\u0131s\u0131n\u0131z? \u0130nsanlar\u0131n aileleriyle oturduklar\u0131 evlere gizli kamera yerle\u015ftirmi\u015fler. Deh\u015fet bir\u015fey\u201d ifadesini kulland\u0131.<\/p>\n<p style=\"text-align: justify;\">Seyhan, daha \u00f6nce de kendi arac\u0131na yerle\u015ftirilen b\u00f6cekler buldu\u011funu belirterek, \u201cBak\u0131ma gittiklerinde veya uzun s\u00fcreli park halinde ara\u00e7lara bu cihazlar\u0131 yerle\u015ftiriyorlar. Arac\u0131mdaki b\u00f6ce\u011fi 9 ay \u00f6nce buldum, ama nerede yerle\u015ftirildi\u011fini \u00f6\u011frenemedim\u201d demi\u015fti.<\/p>\n<p style=\"text-align: justify;\"><a href=\"http:\/\/www.gazeteport.com.tr\/GUNCEL\/NEWS\/GP_910783\" target=\"_blank\">Kaynak : GAZETEPORT<\/a><\/p>\n","protected":false},"excerpt":{"rendered":"<p id=\"caption-attachment-33563\" class=\"wp-caption-text\">CHP Adana Milletvekili Tacidar Seyhan ( Ar\u015fiv )<\/p>\n<p style=\"text-align: justify;\">Bili\u015fim uzman\u0131 CHP\u2019li Seyhan, bir\u00e7ok milletvekilinin iste\u011fi \u00fczerine evlerinde ve ofisilerinde kamera aramas\u0131 yapt\u0131\u011f\u0131n\u0131 a\u00e7\u0131klad\u0131. Seyhan 20 milletvekilinin evine gizlice yerle\u015ftirilmi\u015f kameralar buldu\u011funu s\u00f6yledi. Seyhan bu vekillerin ad\u0131n\u0131 vermedi.<\/p>\n","protected":false},"author":1,"featured_media":0,"comment_status":"open","ping_status":"closed","sticky":false,"template":"","format":"standard","meta":{"footnotes":""},"categories":[105],"tags":[],"class_list":["post-33562","post","type-post","status-publish","format-standard","hentry","category-gundem","odd"],"_links":{"self":[{"href":"http:\/\/www.korhanyilmaz.com\/index.php?rest_route=\/wp\/v2\/posts\/33562","targetHints":{"allow":["GET"]}}],"collection":[{"href":"http:\/\/www.korhanyilmaz.com\/index.php?rest_route=\/wp\/v2\/posts"}],"about":[{"href":"http:\/\/www.korhanyilmaz.com\/index.php?rest_route=\/wp\/v2\/types\/post"}],"author":[{"embeddable":true,"href":"http:\/\/www.korhanyilmaz.com\/index.php?rest_route=\/wp\/v2\/users\/1"}],"replies":[{"embeddable":true,"href":"http:\/\/www.korhanyilmaz.com\/index.php?rest_route=%2Fwp%2Fv2%2Fcomments&post=33562"}],"version-history":[{"count":0,"href":"http:\/\/www.korhanyilmaz.com\/index.php?rest_route=\/wp\/v2\/posts\/33562\/revisions"}],"wp:attachment":[{"href":"http:\/\/www.korhanyilmaz.com\/index.php?rest_route=%2Fwp%2Fv2%2Fmedia&parent=33562"}],"wp:term":[{"taxonomy":"category","embeddable":true,"href":"http:\/\/www.korhanyilmaz.com\/index.php?rest_route=%2Fwp%2Fv2%2Fcategories&post=33562"},{"taxonomy":"post_tag","embeddable":true,"href":"http:\/\/www.korhanyilmaz.com\/index.php?rest_route=%2Fwp%2Fv2%2Ftags&post=33562"}],"curies":[{"name":"wp","href":"https:\/\/api.w.org\/{rel}","templated":true}]}}