{"id":33559,"date":"2011-05-26T10:20:23","date_gmt":"2011-05-26T07:20:23","guid":{"rendered":"http:\/\/www.korhanyilmaz.com\/?p=33559"},"modified":"2011-05-26T10:20:23","modified_gmt":"2011-05-26T07:20:23","slug":"israilli-siteden-erdogan-ile-ilgili-sok-iddia","status":"publish","type":"post","link":"http:\/\/www.korhanyilmaz.com\/?p=33559","title":{"rendered":"\u0130srailli siteden Erdo\u011fan ile ilgili \u015fok iddia"},"content":{"rendered":"<p style=\"text-align: justify;\"><a href=\"http:\/\/www.korhanyilmaz.com\/wp-content\/uploads\/2011\/05\/3041.jpg\"  class=\"lightview\"><img loading=\"lazy\" decoding=\"async\" class=\"aligncenter size-full wp-image-33560\" src=\"http:\/\/www.korhanyilmaz.com\/wp-content\/uploads\/2011\/05\/3041.jpg\" alt=\"\" width=\"404\" height=\"208\" \/><\/a><\/p>\n<p style=\"text-align: justify;\">Debka sitesi, istihbarat kaynaklar\u0131na dayanarak Ba\u015fbakan Erdo\u011fan\u2019\u0131n \u201cgizlice\u201d h\u00fck\u00fcmet yetkililerine \u015eam ile ba\u011flar\u0131n\u0131 kesme talimat\u0131n\u0131 verdi\u011fini \u00f6ne s\u00fcrd\u00fc. Suriyeli muhalefet liderlerinin 31 May\u0131s\u2019ta Antalya\u2019da toplanaca\u011f\u0131n\u0131 belirten site, Ba\u015fbakan Erdo\u011fan\u2019\u0131n, Gazze filosuna T\u00fcrk kat\u0131l\u0131m\u0131n\u0131 geri \u00e7ekmeye karar verdi\u011fi iddias\u0131nda da bulundu.<!--more--><\/p>\n<p style=\"text-align: justify;\">KUD\u00dcS &#8211; \u0130srail\u2019in istihbarat \u00f6rg\u00fctlerine yak\u0131nl\u0131\u011f\u0131yla bilinen Debka sitesi, Ba\u015fbakan Recep Tayyip Erdo\u011fan\u2019\u0131n \u201cgizlice\u201d h\u00fck\u00fcmet yetkililerine \u015eam ile ba\u011flar\u0131n\u0131 kesme talimat\u0131n\u0131 verdi\u011fini \u00f6ne s\u00fcrd\u00fc.<\/p>\n<p style=\"text-align: justify;\">Suriyeli muhalefet liderlerinin 31 May\u0131s\u2019ta Antalya\u2019da toplanaca\u011f\u0131na dikkat \u00e7eken site, Ba\u015fbakan Erdo\u011fan\u2019\u0131n, Gazze filosuna T\u00fcrk kat\u0131l\u0131m\u0131n\u0131 geri \u00e7ekmeye karar verdi\u011fini de iddia etti.<\/p>\n<p style=\"text-align: justify;\">Debka, istihbarat kaynaklar\u0131na dayand\u0131rd\u0131\u011f\u0131 haberinde Suriye Devlet Ba\u015fkan\u0131 Be\u015far Esad\u2019\u0131n, \u0130ran\u2019dan sonra \u201cen b\u00fcy\u00fck ikinci destek\u00e7isi\u201d olarak niteledi\u011fi Ba\u015fbakan Erdo\u011fan ile ili\u015fkisinin h\u0131zla bozuldu\u011funu savundu.<\/p>\n<p style=\"text-align: justify;\">\u201cErdo\u011fan, h\u00fck\u00fcmet yetkililerine, \u015eam ile ba\u011flar\u0131n\u0131 h\u0131zla kesmeleri i\u00e7in talimat verdi\u201d iddias\u0131na yer verilen haberde \u201cBu de\u011fi\u015fikli\u011fin, T\u00fcrkiye\u2019nin \u0130srail ile ili\u015fkilerini de dolayl\u0131 olarak etkileyebilecek \u00e7e\u015fitli sonu\u00e7lar\u0131 olacak\u201d denildi.<\/p>\n<p style=\"text-align: justify;\"><strong>ANTALYA\u2019DA MUHALEFET TOPLANTISINA \u201c\u0130Z\u0130N\u201d<\/strong><\/p>\n<p style=\"text-align: justify;\">Haberde Ba\u015fbakan Erdo\u011fan\u2019\u0131n da Suriye muhalefet liderlerinin, 31 May\u0131s ile 2 Haziran tarihleri aras\u0131nda Antalya\u2019da toplanmalar\u0131na izin verdi\u011fi de, toplant\u0131da Esad rejimine y\u00f6nelik ayaklaman\u0131n yo\u011funla\u015ft\u0131r\u0131lmas\u0131 yollar\u0131n\u0131n ele al\u0131naca\u011f\u0131 da \u00f6ne s\u00fcr\u00fcld\u00fc.<\/p>\n<p style=\"text-align: justify;\">Debka, iddia etti\u011fi politika de\u011fi\u015fikli\u011fi \u00e7er\u00e7evesinde T\u00fcrkiye\u2019nin \u00fc\u00e7 ad\u0131m att\u0131\u011f\u0131n\u0131 savundu\u011fu haberinde bu ad\u0131mlar\u0131 \u00f6zetle \u015f\u00f6yle s\u0131ralad\u0131:<\/p>\n<p style=\"text-align: justify;\">\u201c-24 May\u0131s\u2019ta \u015eam\u2019a g\u00f6nderilen mesajta T\u00fcrkiye, AB \u00fcyesi olmad\u0131\u011f\u0131 i\u00e7in yapt\u0131r\u0131mlar uygulamasa da Be\u015far Esad\u2019\u0131n T\u00fcrkiye\u2019yi ziyaret etmeye \u00e7al\u0131\u015farak T\u00fcrkiye\u2019nin niyetlerini test etmemesi tavsiyede bulunuldu.<\/p>\n<p style=\"text-align: justify;\">-Esad rejiminin Suriye\u2019nin K\u00fcrt b\u00f6lgelerinde isyan\u0131n\u0131n bast\u0131rmas\u0131, T\u00fcrkiye\u2019deki K\u00fcrtleri k\u0131\u015fk\u0131rt\u0131yor. Hemen bu operasyonlar durdurulmazsa Ankara, Suriye y\u00f6netimine kar\u015f\u0131 harekete ge\u00e7ecek.<\/p>\n<p style=\"text-align: justify;\">-Erdo\u011fan, Esad ile adeta her g\u00fcn yap\u0131lan telefon g\u00f6r\u00fc\u015fmelerine ara verdi. Zaten isyan\u0131n nas\u0131l \u00fcstesinden gelinebilece\u011fi y\u00f6n\u00fcndeki tavsiyeleri Suriye liderince dikkate al\u0131nm\u0131yordu.\u201c<\/p>\n<p style=\"text-align: justify;\"><strong>&#8220;F\u0130LOYA KATILIM G\u00d6ZDEN GE\u00c7\u0130R\u0130LD\u0130&#8221;<\/strong><\/p>\n<p style=\"text-align: justify;\">Debk, Erdo\u011fan\u2019\u0131n, M\u0130T M\u00fcste\u015far\u0131 Hakan Fidan\u2019\u0131n Suriye\u2019ye seyahatlerine son vermesi taliman\u0131n\u0131 verdi\u011fini de \u00f6ne s\u00fcrd\u00fc\u011f\u00fc haberinde ayr\u0131ca \u201cKaynaklar\u0131m\u0131za g\u00f6re, Ankara\u2019n\u0131n radikal politika de\u011fi\u015fikli\u011finin bir yan \u00fcr\u00fcn\u00fc olarak da, T\u00fcrk Ba\u015fbakan\u0131n\u0131n, \u201cT\u00fcrk limanlar\u0131ndan Gazze ablukas\u0131n\u0131 delmeye y\u00f6nelik b\u00fcy\u00fck bir \u0130srail kar\u015f\u0131t\u0131 filoyunun g\u00f6nderilmesi (plan\u0131n\u0131), denizdeki olas\u0131 yeni bir \u0130srailli-T\u00fcrk \u00e7at\u0131\u015fmas\u0131n\u0131n, Suriye taraf\u0131ndan \u0130srail\u2019in Kuzey s\u0131n\u0131r\u0131na sald\u0131r\u0131 d\u00fczenlemek i\u00e7in istismar edilmemesi i\u00e7in g\u00f6zden ge\u00e7irdi\u011fi\u201d iddias\u0131nda da bulundu.<\/p>\n<p style=\"text-align: justify;\"><a href=\"http:\/\/www.gazeteport.com.tr\/DUNYA\/NEWS\/GP_910851\" target=\"_blank\">Kaynak : GAZETEPORT<\/a><\/p>\n","protected":false},"excerpt":{"rendered":"<p style=\"text-align: justify;\">\n<p style=\"text-align: justify;\">Debka sitesi, istihbarat kaynaklar\u0131na dayanarak Ba\u015fbakan Erdo\u011fan\u2019\u0131n \u201cgizlice\u201d h\u00fck\u00fcmet yetkililerine \u015eam ile ba\u011flar\u0131n\u0131 kesme talimat\u0131n\u0131 verdi\u011fini \u00f6ne s\u00fcrd\u00fc. Suriyeli muhalefet liderlerinin 31 May\u0131s\u2019ta Antalya\u2019da toplanaca\u011f\u0131n\u0131 belirten site, Ba\u015fbakan Erdo\u011fan\u2019\u0131n, Gazze filosuna T\u00fcrk kat\u0131l\u0131m\u0131n\u0131 geri \u00e7ekmeye karar verdi\u011fi iddias\u0131nda da bulundu.<\/p>\n","protected":false},"author":1,"featured_media":0,"comment_status":"open","ping_status":"closed","sticky":false,"template":"","format":"standard","meta":{"footnotes":""},"categories":[105],"tags":[],"class_list":["post-33559","post","type-post","status-publish","format-standard","hentry","category-gundem","odd"],"_links":{"self":[{"href":"http:\/\/www.korhanyilmaz.com\/index.php?rest_route=\/wp\/v2\/posts\/33559","targetHints":{"allow":["GET"]}}],"collection":[{"href":"http:\/\/www.korhanyilmaz.com\/index.php?rest_route=\/wp\/v2\/posts"}],"about":[{"href":"http:\/\/www.korhanyilmaz.com\/index.php?rest_route=\/wp\/v2\/types\/post"}],"author":[{"embeddable":true,"href":"http:\/\/www.korhanyilmaz.com\/index.php?rest_route=\/wp\/v2\/users\/1"}],"replies":[{"embeddable":true,"href":"http:\/\/www.korhanyilmaz.com\/index.php?rest_route=%2Fwp%2Fv2%2Fcomments&post=33559"}],"version-history":[{"count":0,"href":"http:\/\/www.korhanyilmaz.com\/index.php?rest_route=\/wp\/v2\/posts\/33559\/revisions"}],"wp:attachment":[{"href":"http:\/\/www.korhanyilmaz.com\/index.php?rest_route=%2Fwp%2Fv2%2Fmedia&parent=33559"}],"wp:term":[{"taxonomy":"category","embeddable":true,"href":"http:\/\/www.korhanyilmaz.com\/index.php?rest_route=%2Fwp%2Fv2%2Fcategories&post=33559"},{"taxonomy":"post_tag","embeddable":true,"href":"http:\/\/www.korhanyilmaz.com\/index.php?rest_route=%2Fwp%2Fv2%2Ftags&post=33559"}],"curies":[{"name":"wp","href":"https:\/\/api.w.org\/{rel}","templated":true}]}}