{"id":33555,"date":"2011-05-26T08:50:45","date_gmt":"2011-05-26T05:50:45","guid":{"rendered":"http:\/\/www.korhanyilmaz.com\/?p=33555"},"modified":"2011-05-26T08:50:45","modified_gmt":"2011-05-26T05:50:45","slug":"%e2%80%98kursundan-agir%e2%80%99","status":"publish","type":"post","link":"http:\/\/www.korhanyilmaz.com\/?p=33555","title":{"rendered":"\u2018Kur\u015fundan a\u011f\u0131r\u2019"},"content":{"rendered":"<p style=\"text-align: center;\"><a href=\"http:\/\/www.korhanyilmaz.com\/wp-content\/uploads\/2011\/05\/3031.jpg\"  class=\"lightview\"><img loading=\"lazy\" decoding=\"async\" class=\"aligncenter size-full wp-image-33556\" src=\"http:\/\/www.korhanyilmaz.com\/wp-content\/uploads\/2011\/05\/3031.jpg\" alt=\"\" width=\"346\" height=\"218\" \/><\/a><\/p>\n<p style=\"text-align: justify;\">MHP Lideri bah\u00e7eli Kaset skandallar\u0131yla ilgili sert konu\u015ftu; Ge\u00e7mi\u015fte kar\u015f\u0131 g\u00f6r\u00fc\u015ftekiler aras\u0131nda kavgalar ya\u015fand\u0131. Ama hi\u00e7bir zaman bu d\u00f6nemdeki kadar ahlaks\u0131zca i\u015fler yap\u0131lmad\u0131. Bu yap\u0131lanlar kur\u015fundan daha a\u011f\u0131r.<!--more--><\/p>\n<p style=\"text-align: justify;\">ANKARA &#8211; MHP Genel Ba\u015fkan\u0131 Devlet Bah\u00e7eli kaset skandallar\u0131yla ilgili olarak H\u00fcrriyet gazetesine konu\u015ftu. Cumhurba\u015fkan\u0131 Abdullah G\u00fcl\u2019\u00fcn kasetler i\u00e7in, \u201c\u00c7ok \u00e7irkin ve tehlikeli\u201d s\u00f6zlerini \u201cGe\u00e7 kald\u0131, at\u0131 alan \u00dcsk\u00fcdar\u2019\u0131 ge\u00e7ti\u201d diye niteleyen Bah\u00e7eli sorulara \u00f6zetle \u015fu yan\u0131tlar\u0131 verdi:<\/p>\n<p style=\"text-align: justify;\"><strong>TAT\u0130LE G\u0130RERKEN YAPIYORLAR<\/strong><\/p>\n<p style=\"text-align: justify;\">\u201cGenelde cuma g\u00fcn\u00fcnden sonra tatile girildi\u011fi zaman internette bir tak\u0131m su\u00e7lamalar yap\u0131yorlar. \u0130lk iki arkada\u015f\u0131m\u0131zla ilgili kaset Bolu ve D\u00fczce seyahatimizdeyken yay\u0131nland\u0131. Sonra \u0130stanbul\u2019da pazar g\u00fcn\u00fc yapaca\u011f\u0131m\u0131z bulu\u015fman\u0131n arifesinde iki kaset yay\u0131nland\u0131. Bu iki arkada\u015f\u0131m\u0131z da ayn\u0131 zamanda \u0130stanbul\u2019un milletvekili adaylar\u0131. Biz eldeki bilgiler \u0131\u015f\u0131\u011f\u0131nda bir hareket, ba\u015flang\u0131\u00e7 noktas\u0131 olarak bu yay\u0131nlar\u0131 yapan internet sitelerinin ABD\u2019de yap\u0131ld\u0131\u011f\u0131n\u0131 tespit ettik ve oradaki yay\u0131nlarla ilgili kullan\u0131lan banka kart\u0131nda Faruk Bay\u0131nd\u0131r\u2019\u0131n ad\u0131 ge\u00e7ti\u011fini belirledik. Sonras\u0131nda 18 May\u0131s\u2019a kadar \u2018Say\u0131n Bah\u00e7eli istifa etmelidir, aksi takdirde alt\u0131 kaset daha yay\u0131nlayaca\u011f\u0131z\u2019 denilen bir yay\u0131n yap\u0131ld\u0131. Burada olay biraz farkl\u0131. Bu MHP\u2019yi tehdit ve \u015fantaj eden bir boyuttur. MHP\u2019nin bunu kabullenmesi m\u00fcmk\u00fcn de\u011fildi.\u201d<\/p>\n<p style=\"text-align: justify;\"><strong>TEHD\u0130DE BOYUN E\u011eMED\u0130K<\/strong><\/p>\n<p style=\"text-align: justify;\">\u201cBiz de \u2018b\u00f6yle tehdit ve \u015fantaja boyun e\u011fmeyiz\u2019 dedik ve boyun e\u011fmedik. Ama ahlaki duru\u015fta ayn\u0131 tutarl\u0131l\u0131\u011f\u0131m\u0131z\u0131 s\u00fcrd\u00fcrd\u00fck ve gere\u011fini yapt\u0131k. 18\u2019inde arkada\u015flar\u0131n istifas\u0131n\u0131 istemedik. \u2018\u0130sminiz burada ge\u00e7iyor, istifa edin\u2019 dememiz do\u011fru de\u011fildi. \u00c7\u00fcnk\u00fc ortada bir \u015fey yoktu. Sonunda Mehmet Ekici ile ilgili bir yay\u0131n \u00e7\u0131kt\u0131. O arkada\u015f\u0131m\u0131z zaten kendisi istifa etti. Osman \u00c7ak\u0131r Bey, \u2018Ben aile sahibiyim, \u00e7ocuklar\u0131m var. Kendimi bir tart\u0131\u015fma ortam\u0131nda g\u00f6rmek istemiyorum\u2019 dedi. Di\u011fer arkada\u015flar\u0131m\u0131z da ona paralel hareket etti.\u201d<\/p>\n<p style=\"text-align: justify;\"><strong>EVLERE K\u0130M, NASIL G\u0130RD\u0130?<\/strong><\/p>\n<p style=\"text-align: justify;\">Kasetlerle ilgili biz gere\u011fini yapt\u0131k. Bundan sonraki g\u00f6rev, bu evlere kimin, nas\u0131l ve hangi ama\u00e7la girdi\u011finin bulunmas\u0131d\u0131r. BunlarMHP\u2019nin kararl\u0131 duru\u015funu etkisiz halde b\u0131rakmak, itibars\u0131zla\u015ft\u0131rmak amac\u0131yla yap\u0131l\u0131yor.\u201d<\/p>\n<p style=\"text-align: justify;\"><strong>BELED\u0130YE PARKINDA \u00c7EK\u0130LMED\u0130<\/strong><\/p>\n<p style=\"text-align: justify;\">\u201cBa\u015fbakana bir \u015fey hat\u0131rlatmak laz\u0131m. Zinan\u0131n su\u00e7 olmaktan kald\u0131r\u0131lmas\u0131 s\u00fcrecindeki deme\u00e7lerini bir okusun. Dan\u0131\u015fmanlar\u0131 masas\u0131n\u0131n \u00fczerine koysun. O d\u00f6nemki demecinde, \u2018Zina Yasas\u0131 e\u015fitsizli\u011fi giderecek. Kutsal aile kurumumuzu y\u0131pratmamak i\u00e7in bir ad\u0131m atmak gerekiyor. E\u011fer, aldatma varsa, \u015fikayete ba\u011fl\u0131 olarak burada bir ceza var. Alan raz\u0131, veren raz\u0131 ise o zaman zaten hi\u00e7bir \u015fey yok\u2019 diyor. \u015eimdi bunu s\u00f6yleyen Ba\u015fbakan, bu kasetlerle ilgili ne diyecek? Bunun neresi genel hayat, neresi ev? Bu kasetler herhalde belediyenin son d\u00fczenledi\u011fi bir parkta \u00e7ekilen manzaralar de\u011fil. Ba\u015fbakan ya sessiz kal\u0131p sonucu beklemeli veya sonu\u00e7 almak i\u00e7in g\u00fc\u00e7l\u00fc bir siyasi irade koymal\u0131.\u201d<\/p>\n<p style=\"text-align: justify;\"><strong>23 G\u00dcNDE B\u00dcY\u00dcK TAHR\u0130BAT<\/strong><\/p>\n<p style=\"text-align: justify;\">\u201cSay\u0131n Cumhurba\u015fkan\u0131n\u0131n de\u011ferlendirmesi \u00e7ok ge\u00e7 kalm\u0131\u015f bir de\u011ferlendirme. B\u00fcy\u00fck bir tahribat yap\u0131ld\u0131ktan sonra s\u00f6z\u00fcn hi\u00e7bir anlam\u0131 yoktur. Aradan 23 g\u00fcn ge\u00e7ti, at\u0131 alan \u00dcsk\u00fcdar\u2019\u0131 ge\u00e7ti. 23 g\u00fcn i\u00e7erisindeki bu b\u00fcy\u00fck tahribat\u0131n, Cumhurba\u015fkan\u0131\u2019n\u0131n bu a\u00e7\u0131klamas\u0131 ile telafisi m\u00fcmk\u00fcn de\u011fil. Kendisi ile Recep Tayyip Erdo\u011fan ile aras\u0131na bir ince \u00e7izgi koymak istiyorsa; bu ge\u00e7ti. B\u00fct\u00fcn bunlara ra\u011fmen savc\u0131lar\u0131n harekete ge\u00e7mesi iste\u011fi var. Savc\u0131lar bu iste\u011fi yerine getirse iyi olur.\u201d<\/p>\n<p style=\"text-align: justify;\"><strong>HEDEF MHP; KENETLEND\u0130K<\/strong><\/p>\n<p style=\"text-align: justify;\">\u201c Bu s\u00fcre\u00e7te hedef MHP\u2019dir. \u015eu an i\u00e7in MHP Genel Ba\u015fkan\u0131 ve lideri benim. Dolay\u0131s\u0131yla hedef benim olmamdan tabii bir \u015fey olamaz. Anadolu\u2019da kasetlerin olumsuz etkisiyle kar\u015f\u0131la\u015fmad\u0131k. Aksine kenetlendik. Herhangi bir sebeple 12 Eyl\u00fcl sonras\u0131 siyasal yap\u0131lanma s\u00fcrecinde, bizden biraz kopmu\u015f, k\u00fcsk\u00fcn, k\u0131rg\u0131n arkada\u015flar\u0131m\u0131z\u0131 \u015fimdi yan\u0131m\u0131zda g\u00f6r\u00fcyorum.\u201d<\/p>\n<p style=\"text-align: justify;\"><strong>T\u0130B BA\u015eKANI \u0130ST\u0130FA ETMEL\u0130<\/strong><\/p>\n<p style=\"text-align: justify;\">\u201c\u2018Elimizde \u015falter yok\u2019 diyen Telekom\u00fcnikasyon \u0130leti\u015fim Ba\u015fkan\u0131\u2019n\u0131n (T\u0130B) bu a\u015famada s\u00f6yleyecek hi\u00e7bir s\u00f6z\u00fcn\u00fcn olmamas\u0131 laz\u0131m. E\u011fer bir \u015fey s\u00f6ylemek istiyorsa iki kelime kafidir; \u2018\u0130stifa ediyorum.\u2019 \u201c<\/p>\n<p style=\"text-align: justify;\"><strong>RUHLARINI NASIL TESL\u0130M EDECEKLER<\/strong><\/p>\n<p style=\"text-align: justify;\">\u201c Burada, \u0130slami \u00e7izgiden gelen bir siyasi hareketin, bu gibi konular\u0131 s\u00fcrekli se\u00e7im meydanlar\u0131nda tekrarlamas\u0131 hali, \u00e7ok b\u00fcy\u00fck bir yanl\u0131\u015f. Bununla ilgili ayet, hadisler var. Hepimiz i\u00e7in \u00f6l\u00fcm mukadder. E\u011fer bir g\u00fcn, Allah gecinden versin, hak vaki olur ise ruhlar\u0131n\u0131 teslim ederken, hangi huzur i\u00e7erisinde bu teslimat\u0131 yapacaklar.\u201d<\/p>\n<p style=\"text-align: justify;\"><strong>KUR\u015eUNDAN DAHA A\u011eIR \u00c7OK AD\u0130CE<\/strong><\/p>\n<p style=\"text-align: justify;\">\u201c1967-1968 \u00f6\u011fretim d\u00f6neminden beri yakla\u015f\u0131k 40 y\u0131ld\u0131r bu hareketin i\u00e7indeyim. Hi\u00e7bir kopu\u015fum olmad\u0131. Hayat tarz\u0131m oldu bu benim. Ge\u00e7mi\u015f d\u00f6nemde \u00e7ok zor zamanlar oldu. Kar\u015f\u0131 g\u00f6r\u00fc\u015ftekiler aras\u0131nda kavgalar ya\u015fand\u0131. Bizim hareketimizi engellemek i\u00e7in birbirlerine kur\u015fun s\u0131kt\u0131lar. Ama hi\u00e7bir zaman bu d\u00f6nemdeki kadar ahlaks\u0131zca i\u015fler yap\u0131lmad\u0131. Bu yap\u0131lanlar kur\u015fundan daha a\u011f\u0131r. \u00c7ok adice bir \u015fey.\u201d<\/p>\n<p style=\"text-align: justify;\">\u201c\u00c7\u00fcnk\u00fc buna muhatap olan insan\u0131n, ailesi, yeti\u015fmi\u015f, belli ya\u015flara gelmi\u015f evlatlar\u0131, sosyal \u00e7evresi var. Bunlarla ilgili e\u011fer gayr\u0131 ahlaki ve siyasi etikle ba\u011fda\u015fmayan bir tav\u0131r tespit etmi\u015fseniz o zaman elinizdeki bilgileri internet sayfas\u0131nda yay\u0131nlayarak kamuoyunu farkl\u0131 bir alana \u00e7ekmek yerine partinin y\u00f6neticilerini uyarman\u0131z laz\u0131m. Yeni yeti\u015fmi\u015f bir evlad\u0131n kafas\u0131nda babas\u0131yla ili\u015fkili bir soru i\u015fareti yaratarak hayat\u0131 zindan etmeye hakk\u0131n\u0131z yok.\u201d<\/p>\n<p style=\"text-align: justify;\"><a href=\"http:\/\/www.ntvmsnbc.com\/id\/25216938\/\" target=\"_blank\">Kaynak : NTVMSNBC<\/a><\/p>\n","protected":false},"excerpt":{"rendered":"<p style=\"text-align: center;\">\n<p style=\"text-align: justify;\">MHP Lideri bah\u00e7eli Kaset skandallar\u0131yla ilgili sert konu\u015ftu; Ge\u00e7mi\u015fte kar\u015f\u0131 g\u00f6r\u00fc\u015ftekiler aras\u0131nda kavgalar ya\u015fand\u0131. Ama hi\u00e7bir zaman bu d\u00f6nemdeki kadar ahlaks\u0131zca i\u015fler yap\u0131lmad\u0131. Bu yap\u0131lanlar kur\u015fundan daha a\u011f\u0131r.<\/p>\n","protected":false},"author":1,"featured_media":0,"comment_status":"open","ping_status":"closed","sticky":false,"template":"","format":"standard","meta":{"footnotes":""},"categories":[105],"tags":[],"class_list":["post-33555","post","type-post","status-publish","format-standard","hentry","category-gundem","odd"],"_links":{"self":[{"href":"http:\/\/www.korhanyilmaz.com\/index.php?rest_route=\/wp\/v2\/posts\/33555","targetHints":{"allow":["GET"]}}],"collection":[{"href":"http:\/\/www.korhanyilmaz.com\/index.php?rest_route=\/wp\/v2\/posts"}],"about":[{"href":"http:\/\/www.korhanyilmaz.com\/index.php?rest_route=\/wp\/v2\/types\/post"}],"author":[{"embeddable":true,"href":"http:\/\/www.korhanyilmaz.com\/index.php?rest_route=\/wp\/v2\/users\/1"}],"replies":[{"embeddable":true,"href":"http:\/\/www.korhanyilmaz.com\/index.php?rest_route=%2Fwp%2Fv2%2Fcomments&post=33555"}],"version-history":[{"count":0,"href":"http:\/\/www.korhanyilmaz.com\/index.php?rest_route=\/wp\/v2\/posts\/33555\/revisions"}],"wp:attachment":[{"href":"http:\/\/www.korhanyilmaz.com\/index.php?rest_route=%2Fwp%2Fv2%2Fmedia&parent=33555"}],"wp:term":[{"taxonomy":"category","embeddable":true,"href":"http:\/\/www.korhanyilmaz.com\/index.php?rest_route=%2Fwp%2Fv2%2Fcategories&post=33555"},{"taxonomy":"post_tag","embeddable":true,"href":"http:\/\/www.korhanyilmaz.com\/index.php?rest_route=%2Fwp%2Fv2%2Ftags&post=33555"}],"curies":[{"name":"wp","href":"https:\/\/api.w.org\/{rel}","templated":true}]}}