{"id":33547,"date":"2011-05-26T07:46:38","date_gmt":"2011-05-26T04:46:38","guid":{"rendered":"http:\/\/www.korhanyilmaz.com\/?p=33547"},"modified":"2011-05-26T07:46:38","modified_gmt":"2011-05-26T04:46:38","slug":"tutuklamada-akil-sagligi-sinirlari-da-asildi","status":"publish","type":"post","link":"http:\/\/www.korhanyilmaz.com\/?p=33547","title":{"rendered":"Tutuklamada ak\u0131l sa\u011fl\u0131\u011f\u0131 s\u0131n\u0131rlar\u0131 da a\u015f\u0131ld\u0131"},"content":{"rendered":"<p style=\"text-align: center;\"><a href=\"http:\/\/www.korhanyilmaz.com\/wp-content\/uploads\/2011\/05\/3001.jpg\"  class=\"lightview\"><img loading=\"lazy\" decoding=\"async\" class=\"aligncenter size-full wp-image-33548\" src=\"http:\/\/www.korhanyilmaz.com\/wp-content\/uploads\/2011\/05\/3001.jpg\" alt=\"\" width=\"320\" height=\"212\" \/><\/a><\/p>\n<p style=\"text-align: justify;\">12 Eyl\u00fcl&#8217;de g\u00f6rd\u00fc\u011f\u00fc i\u015fkenceyle akli dengesini yitiren ve cezai ehliyeti bulunmayan eski t\u00fcfek, &#8216;eyleme destek verdi&#8217; diye tutukland\u0131!<\/p>\n<p style=\"text-align: justify;\">12 Eyl\u00fcl\u2019de tutuklan\u0131p i\u015fkence sonucu ak\u0131l sa\u011fl\u0131\u011f\u0131n\u0131 yitiren Ankaral\u0131 solcu, eyleme destek verdi\u011fi i\u00e7in tutukland\u0131. \u201cCezai ehliyeti yok, neden tutukladn\u0131z\u201d diyen avukat\u0131 hakimden \u201c\u0130\u00e7erde tedavi olsun diye&#8230;\u201d yan\u0131t\u0131n\u0131 ald\u0131. <!--more--><\/p>\n<p style=\"text-align: justify;\">Ya\u015far \u00d6ztemel eski bir avukat\u2026 12 Eyl\u00fcl askeri darbesinin ard\u0131ndan Dev-Yol davas\u0131 kapsam\u0131nda tutukland\u0131, uzun y\u0131llar cezaevinde kald\u0131 ve i\u015fkence g\u00f6rd\u00fc. G\u00f6rd\u00fc\u011f\u00fc a\u011f\u0131r i\u015fkenceler nedeniyle ak\u0131l sa\u011fl\u0131\u011f\u0131n\u0131 kaybetti. Bu raporlarla tasdik edilirken \u00d6ztemel severek s\u00fcrd\u00fcrd\u00fc\u011f\u00fc mesle\u011fini b\u0131rakmak zorunda kald\u0131.<\/p>\n<p style=\"text-align: justify;\">Ancak \u2018eski t\u00fcfek\u2019 sosyalizm m\u00fccadelesinden vazge\u00e7medi. Ankara\u2019n\u0131n en kalabal\u0131k caddelerinde, Y\u00fcksel ve Konur sokaklar\u0131nda nutuklar atmay\u0131 s\u00fcrd\u00fcrd\u00fc. \u00d6ztemel\u2019in kendince yapt\u0131\u011f\u0131 propaganda Ankaral\u0131lar taraf\u0131ndan \u00e7o\u011fu zaman tebess\u00fcmle izlendi. Kimseye zarar\u0131 olmayan ve cadde \u00fczerindeki her eyleme kat\u0131lmay\u0131 ihmal etmeyen \u00d6ztemel 23 May\u0131s Pazartesi g\u00fcn\u00fc yine benzer bir eyleme destek verdi. \u00d6ztemel, CHP\u2019li \u0130zmir Buca Belediyesi\u2019ne i\u015f yapan ta\u015feron bir firmada \u00e7al\u0131\u015f\u0131rken sendikal faaliyetlerinden dolay\u0131 i\u015ften at\u0131lan Bat\u0131g\u00fcl Tun\u00e7\u2019un yapt\u0131\u011f\u0131 oturmaya eylemine destek oldu.<\/p>\n<p style=\"text-align: justify;\">Tun\u00e7\u2019un Y\u00fcksel Caddesi\u2019ndeki eylemine polis \u2018izinsiz oldu\u011fu\u2019 gerek\u00e7esiyle m\u00fcdahale etti. Aralar\u0131nda \u00d6ztemel\u2019in de bulundu\u011fu 15 ki\u015fi g\u00f6zalt\u0131na al\u0131nd\u0131. 7 ki\u015fi \u2018g\u00f6steri ve y\u00fcr\u00fcy\u00fc\u015fleri kanununa muhalefet\u2019ten mahkeme sevk edildi. Avukat Evrim Deniz Karatana, savc\u0131 ve mahkeme h\u00e2kimine \u00d6ztemel\u2019in cezai ehliyeti olmad\u0131\u011f\u0131n\u0131 bildirdi. Buna ra\u011fmen N\u00f6bet\u00e7i Ankara 4. Sulh Ceza Mahkemesi, d\u00fcn 7 \u015f\u00fcpheliden sadece \u00d6ztemel\u2019in tutuklanmas\u0131na karar verdi. \u00d6ztemel ise mahkemede kendini \u201cY\u00fcz\u00fcm\u00fcn ve \u00fcst\u00fcm\u00fcn g\u00f6r\u00fcnt\u00fcs\u00fcnden anla\u015f\u0131ld\u0131\u011f\u0131 \u00fczere direnme hakk\u0131m\u0131z\u0131 kulland\u0131k. \u00c7\u00fcnk\u00fc \u015fiddete u\u011frad\u0131k, direnme hakk\u0131n\u0131 da hukuk fak\u00fcltesinde Mucip Kapani hocam\u0131zdan \u00f6\u011frenmi\u015ftik\u201d diye savundu.<\/p>\n<p style=\"text-align: justify;\"><strong>\u2018Feci \u015fekilde d\u00f6v\u00fcld\u00fc\u2019<\/strong><\/p>\n<p style=\"text-align: justify;\">\u00d6ztemel\u2019in avukat\u0131 Duygu Demirel ise m\u00fcvekkilinin g\u00f6zalt\u0131na al\u0131n\u0131rken polis taraf\u0131ndan feci bir \u015fekilde d\u00f6v\u00fcld\u00fc\u011f\u00fcn\u00fc belirterek \u201cAyn\u0131 \u015fiddet nezarethanede de devam etmi\u015ftir. B\u00fct\u00fcn bir ak\u015fam elleri arkadan kelep\u00e7eli olarak bekletilmi\u015ftir\u201d dedi. Tutuklama karar\u0131n\u0131n ard\u0131ndan Avukat Demirel\u2019in \u00d6ztemel\u2019in cezai ehliyetinin bulunmamas\u0131na ra\u011fmen neden tutukland\u0131\u011f\u0131 sorusuna Mahkeme h\u00e2kimi, \u201c\u0130\u00e7erde tedavi olsun diye tutuklad\u0131m\u201d yan\u0131t\u0131n\u0131 verdi.<\/p>\n<p style=\"text-align: justify;\">Tutuklamaya itiraz eden Duygu Demirel Ankara Barosu \u0130nsan Haklar\u0131 Merkezi\u2019ne de ba\u015fvurdu. Avukat Demirel ba\u015fvurusunda \u201cM\u00fcvekkil 12 Eyl\u00fcl d\u00f6neminde uzun y\u0131llar cezaevinde kalm\u0131\u015f, g\u00f6rd\u00fc\u011f\u00fc i\u015fkence nedeniyle akli dengesini kaybetmi\u015ftir. \u00dcniformal\u0131 birini g\u00f6rd\u00fc\u011f\u00fcnde cezaevi ko\u015fullar\u0131 m\u00fcvekkilimin rahats\u0131zl\u0131\u011f\u0131n\u0131 tetikleyecektir\u201d diye konu\u015ftu.<\/p>\n<p style=\"text-align: justify;\">Ceza Hukuk\u00e7usu Prof. Dr. Durmu\u015f Tezcan, cezai ehliyeti bulunmayan ki\u015filerin su\u00e7 i\u015flenmesi halinde hapishane yerine tedavi ama\u00e7l\u0131 olarak hastaneye g\u00f6nderilmesi gerekti\u011fini s\u00f6yledi ve ekledi: \u201cSomut olayda hakimin \u015f\u00fcphelinin cezai ehliyeti olup olmad\u0131\u011f\u0131 konusunda bir inceleme yapt\u0131rmas\u0131 gerekiyordu.\u201d<\/p>\n<p style=\"text-align: justify;\"><a href=\"http:\/\/www.radikal.com.tr\/Radikal.aspx?aType=RadikalDetayV3&amp;ArticleID=1050615&amp;Date=26.05.2011&amp;CategoryID=77\" target=\"_blank\">Kaynak : Radikal<\/a><\/p>\n","protected":false},"excerpt":{"rendered":"<p style=\"text-align: center;\">\n<p style=\"text-align: justify;\">12 Eyl\u00fcl&#8217;de g\u00f6rd\u00fc\u011f\u00fc i\u015fkenceyle akli dengesini yitiren ve cezai ehliyeti bulunmayan eski t\u00fcfek, &#8216;eyleme destek verdi&#8217; diye tutukland\u0131!<\/p>\n<p style=\"text-align: justify;\">12 Eyl\u00fcl\u2019de tutuklan\u0131p i\u015fkence sonucu ak\u0131l sa\u011fl\u0131\u011f\u0131n\u0131 yitiren Ankaral\u0131 solcu, eyleme destek verdi\u011fi i\u00e7in tutukland\u0131. \u201cCezai ehliyeti yok, neden tutukladn\u0131z\u201d diyen avukat\u0131 hakimden \u201c\u0130\u00e7erde tedavi olsun diye&#8230;\u201d yan\u0131t\u0131n\u0131 ald\u0131. <\/p>\n","protected":false},"author":1,"featured_media":0,"comment_status":"open","ping_status":"closed","sticky":false,"template":"","format":"standard","meta":{"footnotes":""},"categories":[105],"tags":[],"class_list":["post-33547","post","type-post","status-publish","format-standard","hentry","category-gundem","odd"],"_links":{"self":[{"href":"http:\/\/www.korhanyilmaz.com\/index.php?rest_route=\/wp\/v2\/posts\/33547","targetHints":{"allow":["GET"]}}],"collection":[{"href":"http:\/\/www.korhanyilmaz.com\/index.php?rest_route=\/wp\/v2\/posts"}],"about":[{"href":"http:\/\/www.korhanyilmaz.com\/index.php?rest_route=\/wp\/v2\/types\/post"}],"author":[{"embeddable":true,"href":"http:\/\/www.korhanyilmaz.com\/index.php?rest_route=\/wp\/v2\/users\/1"}],"replies":[{"embeddable":true,"href":"http:\/\/www.korhanyilmaz.com\/index.php?rest_route=%2Fwp%2Fv2%2Fcomments&post=33547"}],"version-history":[{"count":0,"href":"http:\/\/www.korhanyilmaz.com\/index.php?rest_route=\/wp\/v2\/posts\/33547\/revisions"}],"wp:attachment":[{"href":"http:\/\/www.korhanyilmaz.com\/index.php?rest_route=%2Fwp%2Fv2%2Fmedia&parent=33547"}],"wp:term":[{"taxonomy":"category","embeddable":true,"href":"http:\/\/www.korhanyilmaz.com\/index.php?rest_route=%2Fwp%2Fv2%2Fcategories&post=33547"},{"taxonomy":"post_tag","embeddable":true,"href":"http:\/\/www.korhanyilmaz.com\/index.php?rest_route=%2Fwp%2Fv2%2Ftags&post=33547"}],"curies":[{"name":"wp","href":"https:\/\/api.w.org\/{rel}","templated":true}]}}