{"id":33529,"date":"2011-05-23T16:56:03","date_gmt":"2011-05-23T13:56:03","guid":{"rendered":"http:\/\/www.korhanyilmaz.com\/?p=33529"},"modified":"2011-05-23T16:56:03","modified_gmt":"2011-05-23T13:56:03","slug":"tarhan-turkiyede-adalet-yok-video","status":"publish","type":"post","link":"http:\/\/www.korhanyilmaz.com\/?p=33529","title":{"rendered":"Tarhan: T\u00fcrkiye&#8217;de adalet yok &#8211; Video"},"content":{"rendered":"<p style=\"text-align: justify;\"><a href=\"http:\/\/www.korhanyilmaz.com\/wp-content\/uploads\/2011\/05\/335.jpg\"  class=\"lightview\"><img loading=\"lazy\" decoding=\"async\" class=\"aligncenter size-full wp-image-33530\" src=\"http:\/\/www.korhanyilmaz.com\/wp-content\/uploads\/2011\/05\/335.jpg\" alt=\"\" width=\"351\" height=\"248\" \/><\/a><\/p>\n<p style=\"text-align: justify;\">CHP&#8217;li Emine \u00dclker Tarhan; Ergenekon, Balyoz gibi davalar\u0131n hakimi olsa nas\u0131l karar verirdi?<\/p>\n<p style=\"text-align: justify;\">Samanyolu Haber TV&#8217;de yay\u0131nlanan \u00d6\u011fle Aras\u0131 program\u0131na bug\u00fcn konuk olan CHPAnkaraMilletvekili Aday\u0131 Emine \u00dclker Tarhan; siyasete girme sebepleri, yarg\u0131 reformu veErgenekonsan\u0131klar\u0131n\u0131n CHP&#8217;den aday g\u00f6sterilmeleri konusunda \u00f6nemli a\u00e7\u0131klamalar yapt\u0131. <!--more--><\/p>\n<p style=\"text-align: justify;\">12 Haziran se\u00e7imlerinde partisinin iddial\u0131 oldu\u011funu belirten Emine \u00dclker Tarhan, \u2018CHP&#8217;nin ba\u015far\u0131s\u0131 i\u00e7in bir rakam s\u00f6yleyemem ama her 3 ki\u015fiden birinin CHP&#8217;ye oy verece\u011fine inan\u0131yorum&#8217; dedi.<\/p>\n<p style=\"text-align: justify;\">\u015eemsettin Efe&#8217;nin sorular\u0131n\u0131 cevaplayan YARSAV Eski Ba\u015fkan\u0131 Emine \u00dclker Tarhan, yarg\u0131n\u0131n her zaman y\u00fcr\u00fctme taraf\u0131ndan kullan\u0131lmak istendi\u011fini belirtti. Tarhan, eskiden de var olan kadrola\u015fman\u0131n son y\u0131llarda \u00e7ok daha a\u011f\u0131r hale geldi\u011fini iddia etti.Anayasa de\u011fi\u015fikli\u011fikonusunda, \u201cdarbe anayasas\u0131yla hesapla\u015fmak benim boynumun borcudur. Benim ku\u015fa\u011f\u0131m i\u015fkence tezgahlar\u0131ndan ge\u00e7irildi&#8217; dedi. Ayr\u0131ca Tarhan&#8217;a g\u00f6re kad\u0131n vekillerin \u00e7oklu\u011fu mecliste farkl\u0131 bir duyarl\u0131l\u0131k olu\u015fturacak.<\/p>\n<p style=\"text-align: justify;\"><strong>\u201cT\u00dcRK\u0130YE&#8217;DE ADALET YOK\u201d<\/strong><\/p>\n<p style=\"text-align: justify;\">Ergenekon ve Balyoz kapsam\u0131nda ger\u00e7ekle\u015fen tutuklamalara olduk\u00e7a sert tepki g\u00f6steren CHP&#8217;li Emine \u00dclker Tarhan, T\u00fcrkiye&#8217;de adaletin olmad\u0131\u011f\u0131n\u0131 belirtti. Tarhan, &#8220;davan\u0131n hakimi ben de\u011filim, dosyan\u0131n i\u00e7eri\u011fini bilmiyorum. Delillere bakmak laz\u0131m. Tatmin edici notlara bakmasan\u0131z, i\u00e7ini doldurmazs\u0131n\u0131z insanlar\u0131n i\u00e7inde ku\u015fku do\u011far. Bir insan\u0131n, bir masumun bir gece ceza evinde kalmas\u0131 inan\u0131lmaz \u015fekilde g\u00fcnaht\u0131r. Bir gece bile olsa uzak b\u0131rakmak affedilmez bir hatad\u0131r. Tutuklama bir tedbirdir. Siz insanlar\u0131 r\u00f6van\u015f al\u0131r gibi, kaleye bir bayrak daha dikmek kayg\u0131s\u0131yla, sadece cezaland\u0131rmak i\u00e7in, sadece sizin \u00f6n\u00fcn\u00fczde e\u011filmedi, majestelerine biat etmedi, size selam vermedi, aya\u011fa kalkmad\u0131 diye Silivri&#8217;ye g\u00f6nderemezsiniz. Bunu yapmaya hakk\u0131n\u0131z yok. Bunu ima etmeye hakk\u0131nz yok. T\u00fcrk halk\u0131n\u0131n en \u00e7ok adalete ihtiyac\u0131 var ve bug\u00fcn T\u00fcrkiye&#8217;de adalet yok.&#8221; dedi.<\/p>\n<p style=\"text-align: justify;\">[flv width=&#8221;433&#8243; height=&#8221;355&#8243;]http:\/\/media.samanyoluhaber.com\/media\/habervideo\/2011\/05\/23\/3.flv[\/flv]<\/p>\n<p style=\"text-align: justify;\"><a href=\"http:\/\/www.samanyoluhaber.com\/h_559760_tarhan-turkiyede-adalet-yok---video.html\" target=\"_blank\">Kaynak : SAMANYOLUHABER.COM<\/a><\/p>\n","protected":false},"excerpt":{"rendered":"<p style=\"text-align: justify;\">\n<p style=\"text-align: justify;\">CHP&#8217;li Emine \u00dclker Tarhan; Ergenekon, Balyoz gibi davalar\u0131n hakimi olsa nas\u0131l karar verirdi?<\/p>\n<p style=\"text-align: justify;\">Samanyolu Haber TV&#8217;de yay\u0131nlanan \u00d6\u011fle Aras\u0131 program\u0131na bug\u00fcn konuk olan CHPAnkaraMilletvekili Aday\u0131 Emine \u00dclker Tarhan; siyasete girme sebepleri, yarg\u0131 reformu veErgenekonsan\u0131klar\u0131n\u0131n CHP&#8217;den aday g\u00f6sterilmeleri konusunda \u00f6nemli a\u00e7\u0131klamalar yapt\u0131. <\/p>\n","protected":false},"author":1,"featured_media":0,"comment_status":"open","ping_status":"closed","sticky":false,"template":"","format":"standard","meta":{"footnotes":""},"categories":[105],"tags":[],"class_list":["post-33529","post","type-post","status-publish","format-standard","hentry","category-gundem","odd"],"_links":{"self":[{"href":"http:\/\/www.korhanyilmaz.com\/index.php?rest_route=\/wp\/v2\/posts\/33529","targetHints":{"allow":["GET"]}}],"collection":[{"href":"http:\/\/www.korhanyilmaz.com\/index.php?rest_route=\/wp\/v2\/posts"}],"about":[{"href":"http:\/\/www.korhanyilmaz.com\/index.php?rest_route=\/wp\/v2\/types\/post"}],"author":[{"embeddable":true,"href":"http:\/\/www.korhanyilmaz.com\/index.php?rest_route=\/wp\/v2\/users\/1"}],"replies":[{"embeddable":true,"href":"http:\/\/www.korhanyilmaz.com\/index.php?rest_route=%2Fwp%2Fv2%2Fcomments&post=33529"}],"version-history":[{"count":0,"href":"http:\/\/www.korhanyilmaz.com\/index.php?rest_route=\/wp\/v2\/posts\/33529\/revisions"}],"wp:attachment":[{"href":"http:\/\/www.korhanyilmaz.com\/index.php?rest_route=%2Fwp%2Fv2%2Fmedia&parent=33529"}],"wp:term":[{"taxonomy":"category","embeddable":true,"href":"http:\/\/www.korhanyilmaz.com\/index.php?rest_route=%2Fwp%2Fv2%2Fcategories&post=33529"},{"taxonomy":"post_tag","embeddable":true,"href":"http:\/\/www.korhanyilmaz.com\/index.php?rest_route=%2Fwp%2Fv2%2Ftags&post=33529"}],"curies":[{"name":"wp","href":"https:\/\/api.w.org\/{rel}","templated":true}]}}