{"id":33517,"date":"2011-05-25T16:52:10","date_gmt":"2011-05-25T13:52:10","guid":{"rendered":"http:\/\/www.korhanyilmaz.com\/?p=33517"},"modified":"2011-05-25T16:52:10","modified_gmt":"2011-05-25T13:52:10","slug":"simavda-yardim-skandali","status":"publish","type":"post","link":"http:\/\/www.korhanyilmaz.com\/?p=33517","title":{"rendered":"Simav&#8217;da yard\u0131m skandal\u0131"},"content":{"rendered":"<p style=\"text-align: center;\"><a href=\"http:\/\/www.korhanyilmaz.com\/wp-content\/uploads\/2011\/05\/334.jpg\"  class=\"lightview\"><img loading=\"lazy\" decoding=\"async\" class=\"aligncenter size-full wp-image-33518\" src=\"http:\/\/www.korhanyilmaz.com\/wp-content\/uploads\/2011\/05\/334.jpg\" alt=\"\" width=\"396\" height=\"198\" \/><\/a><\/p>\n<p style=\"text-align: justify;\">K\u00dcTAHYA\u2019n\u0131n 5.9 b\u00fcy\u00fckl\u00fc\u011f\u00fcndeki depremle sars\u0131lan il\u00e7esi Simav\u2019da T\u00fcrk K\u0131z\u0131lay\u0131\u2019n\u0131n yard\u0131m malzemelerinin AK Parti milletvekili aday\u0131na ait ara\u00e7la da\u011f\u0131t\u0131ld\u0131\u011f\u0131 ortaya \u00e7\u0131kt\u0131. \u00c7ok say\u0131da ki\u015fi bu duruma tepki g\u00f6sterirken, K\u0131z\u0131lay, Cumhuriyet Savc\u0131l\u0131\u011f\u0131\u2019na su\u00e7 duyurusunda bulundu. Olayla ilgili soru\u015fturma ba\u015flat\u0131ld\u0131 ve iki ki\u015finin ifadesine ba\u015fvuruldu. <!--more--><\/p>\n<p style=\"text-align: justify;\">Depremin yaralar\u0131n\u0131 sarmaya \u00e7al\u0131\u015fan Simav\u2019da sars\u0131nt\u0131lardan etkilenler \u00e7ad\u0131rlarda ya\u015farken bir yandan da T\u00fcrk K\u0131z\u0131lay\u2019\u0131 taraf\u0131ndan g\u00f6nderilen yard\u0131m malzemelerinin muhtarl\u0131klar arac\u0131l\u0131\u011f\u0131yla da\u011f\u0131t\u0131m\u0131 devam ediyor. AK Parti K\u00fctahya milletvekili aday\u0131 Bediha T\u00fcrky\u0131lmaz\u2019a ait se\u00e7im minib\u00fcs\u00fcn\u00fcn \u00fczerinde K\u0131z\u0131lay yataklar\u0131n\u0131 g\u00f6ren baz\u0131 ki\u015filer arac\u0131 takip etti. Minib\u00fcs, Tabakhane Mahallesi\u2019nde bulunan ve bah\u00e7esine yakla\u015f\u0131k 100 \u00e7ad\u0131r kurulan Yusuf Koyuncuo\u011flu \u0130lk\u00f6\u011fretim Okulu\u2019na geldi. Burada okul g\u00f6revlilerinin yataklar\u0131 indiri\u015fini g\u00f6r\u00fcnt\u00fcleyen baz\u0131 ki\u015filer duruma tepki g\u00f6sterdi. Arac\u0131 kullanan \u0130smail \u00c7aylak ve yataklar\u0131 indiren okul hizmetlisi Selim Yi\u011fit ile burada bulunanlar aras\u0131nda tart\u0131\u015fma \u00e7\u0131kt\u0131. Durumu, Simav Kriz Merkezi\u2019nde bulunan K\u00fctahya Valisi Kenan \u00c7ift\u00e7i\u2019ye iletildi. \u0130nceleme sonucu T\u00fcrk K\u0131z\u0131lay\u2019\u0131 Simav Cumhuriyet Savc\u0131l\u0131\u011f\u0131\u2019na su\u00e7 duyurusunda bulundu. Ba\u015fsavc\u0131l\u0131k da gelen ihbar \u00fczerine ba\u015flatt\u0131\u011f\u0131 soru\u015fturma \u00e7er\u00e7evesinde \u0130smail \u00c7aylak ile Selim Yi\u011fit\u2019in ifadelerini ald\u0131.<\/p>\n<p style=\"text-align: justify;\">Arac\u0131 farkederek takip eden ve durumu foto\u011fraf makinas\u0131yla g\u00f6r\u00fcnt\u00fcleyenlerden Muzaffer \u00d6zcan, K\u0131z\u0131lay\u2019a ait yard\u0131m malzemelerinin bir siyasi partiye ait ara\u00e7la ta\u015f\u0131nmas\u0131na tahamm\u00fcl edemedi\u011fini s\u00f6yledi. Arac\u0131n \u00fczerindeki yataklar\u0131n indirili\u015finin de foto\u011fraflar\u0131n\u0131 \u00e7ekti\u011fini kaydeden \u00d6zcan, &#8220;Yaz\u0131klar olsun. Depremzedelere yap\u0131lan yard\u0131ma bile siyaset bula\u015ft\u0131rd\u0131lar&#8221; dedi. Esnaf Mehmet G\u00fc\u00e7l\u00fc, arac\u0131 i\u015fyerinin \u00f6n\u00fcnden ge\u00e7erken g\u00f6rd\u00fc\u011f\u00fcn\u00fc belirterek, &#8220;Hemen kendi arac\u0131ma binerek takip ettim. Okula geldi\u011finde ise tepki g\u00f6sterdim. G\u00f6revliler benim \u00fczerine y\u00fcr\u00fcd\u00fc. Ben de o s\u0131rada Simav Kriz Merkezi\u2019nde bulunan K\u00fctahya Valisi Kenan \u00c7ift\u00e7i\u2019nin yan\u0131na giderek durumu anlatt\u0131m. Vali bey, konuyla ilgilenece\u011fini s\u00f6yledi&#8221; dedi.<\/p>\n<p style=\"text-align: justify;\">Tabakhane Mahallesi Muhtar\u0131 Yusuf Vural ise yataklar\u0131n halka da\u011f\u0131t\u0131m\u0131yla ilgisi bulunmad\u0131\u011f\u0131n\u0131 s\u00f6yledi. T\u00fcrk K\u0131z\u0131lay\u0131 Kurumsal \u0130leti\u015fim M\u00fcd\u00fcr\u00fc Selahattin K\u0131nal\u0131 da, olaya el koyduklar\u0131n\u0131, yard\u0131mlar\u0131n se\u00e7im malzemesi yap\u0131lmas\u0131na hangi parti olursa olsun asla izin verilmeyece\u011fini bildirdi.<\/p>\n<p style=\"text-align: justify;\"><strong>MALZEMELER STOKLANIYOR \u0130HBARI<\/strong><\/p>\n<p style=\"text-align: justify;\">Simav Cumhuriyet Ba\u015fsavc\u0131s\u0131 Recai Bilgin, ayr\u0131ca bir ki\u015finin evinde K\u0131z\u0131lay\u2019a ait yard\u0131m malzemelerinin stokland\u0131\u011f\u0131 y\u00f6n\u00fcnde ihbar ald\u0131klar\u0131n\u0131 ve bunu da de\u011ferlendirdiklerini s\u00f6yledi. Bilgin, olaya ad\u0131 kar\u0131\u015fan bir ki\u015finin g\u00f6zalt\u0131na al\u0131nd\u0131\u011f\u0131n\u0131, evine yap\u0131lan bask\u0131nda \u00e7ok say\u0131da yatak ve iki \u00e7ad\u0131r ele ge\u00e7irildi\u011fini ve bunlar\u0131n K\u0131z\u0131lay yetkilerine teslim edildi\u011fini bildirdi.<\/p>\n<p style=\"text-align: justify;\">Recai Bilgin, il\u00e7ede her t\u00fcrl\u00fc ya\u011fma ve h\u0131rs\u0131zl\u0131k olaylar\u0131na kar\u015f\u0131 ald\u0131klar\u0131 g\u00fcvenlik \u00f6nlemlerinin t\u00fcm h\u0131z\u0131yla s\u00fcrd\u00fc\u011f\u00fcn\u00fc kaydetti. Bilgin, g\u00fcvenlik g\u00fc\u00e7lerinin il\u00e7enin d\u00f6rt bir yan\u0131nda giri\u015f ve \u00e7\u0131k\u0131\u015flar\u0131 tuttu\u011funu kaydetti. Bilgin, depremin meydana geldi\u011fi 19 May\u0131s 2011 tarihinden bug\u00fcne kadar il\u00e7ede h\u0131rs\u0131zl\u0131k ve ya\u011fma olay\u0131na rastlanmad\u0131\u011f\u0131n\u0131 s\u00f6yledi.<\/p>\n<p style=\"text-align: justify;\"><strong>KAMALAK\u2019TAN H\u00dcK\u00dcMETE UYARI<\/strong><\/p>\n<p style=\"text-align: justify;\">Bu arada Saadet partisi Genel Ba\u015fkan\u0131 Genel Ba\u015fkan\u0131 Mustafa Kamalak, \u00e7ad\u0131rkente gelerek depremzedeleri ziyaret etti. Panay\u0131r alan\u0131ndaki \u00e7ad\u0131r kentte vatanda\u015flar\u0131n s\u0131k\u0131nt\u0131lar\u0131n\u0131 dinleyen Kamalak, &#8220;T\u00fcrkiye Cumhuriyeti Devleti b\u00fcy\u00fck bir devlettir. Vatanda\u015f\u0131m\u0131z\u0131n yard\u0131m\u0131na ko\u015fmu\u015ftur. \u015eu an i\u00e7in mevsimin yaz olmas\u0131 s\u0131k\u0131nt\u0131lar\u0131 b\u00fcy\u00fck \u00f6l\u00e7\u00fcde hafifletmi\u015ftir. K\u0131\u015f ile ilgili haz\u0131rl\u0131klar\u0131n bir an \u00f6nce yap\u0131lmas\u0131 gerekir. Buradan h\u00fck\u00fcmetimizi uyar\u0131yorum&#8221; dedi. <span style=\"color: #888888;\"><em>Mehmet YENEN\/S\u0130MAV (K\u00fctahya), (DHA)<\/em><\/span><\/p>\n<p style=\"text-align: justify;\"><a href=\"http:\/\/haber.gazetevatan.com\/simavda-yardim-skandali\/379637\/1\/Gundem\" target=\"_blank\">Kaynak : VATAN Gazetesi<\/a><\/p>\n","protected":false},"excerpt":{"rendered":"<p style=\"text-align: center;\">\n<p style=\"text-align: justify;\">K\u00dcTAHYA\u2019n\u0131n 5.9 b\u00fcy\u00fckl\u00fc\u011f\u00fcndeki depremle sars\u0131lan il\u00e7esi Simav\u2019da T\u00fcrk K\u0131z\u0131lay\u0131\u2019n\u0131n yard\u0131m malzemelerinin AK Parti milletvekili aday\u0131na ait ara\u00e7la da\u011f\u0131t\u0131ld\u0131\u011f\u0131 ortaya \u00e7\u0131kt\u0131. \u00c7ok say\u0131da ki\u015fi bu duruma tepki g\u00f6sterirken, K\u0131z\u0131lay, Cumhuriyet Savc\u0131l\u0131\u011f\u0131\u2019na su\u00e7 duyurusunda bulundu. Olayla ilgili soru\u015fturma ba\u015flat\u0131ld\u0131 ve iki ki\u015finin ifadesine ba\u015fvuruldu. <\/p>\n","protected":false},"author":1,"featured_media":0,"comment_status":"open","ping_status":"closed","sticky":false,"template":"","format":"standard","meta":{"footnotes":""},"categories":[105],"tags":[],"class_list":["post-33517","post","type-post","status-publish","format-standard","hentry","category-gundem","odd"],"_links":{"self":[{"href":"http:\/\/www.korhanyilmaz.com\/index.php?rest_route=\/wp\/v2\/posts\/33517","targetHints":{"allow":["GET"]}}],"collection":[{"href":"http:\/\/www.korhanyilmaz.com\/index.php?rest_route=\/wp\/v2\/posts"}],"about":[{"href":"http:\/\/www.korhanyilmaz.com\/index.php?rest_route=\/wp\/v2\/types\/post"}],"author":[{"embeddable":true,"href":"http:\/\/www.korhanyilmaz.com\/index.php?rest_route=\/wp\/v2\/users\/1"}],"replies":[{"embeddable":true,"href":"http:\/\/www.korhanyilmaz.com\/index.php?rest_route=%2Fwp%2Fv2%2Fcomments&post=33517"}],"version-history":[{"count":0,"href":"http:\/\/www.korhanyilmaz.com\/index.php?rest_route=\/wp\/v2\/posts\/33517\/revisions"}],"wp:attachment":[{"href":"http:\/\/www.korhanyilmaz.com\/index.php?rest_route=%2Fwp%2Fv2%2Fmedia&parent=33517"}],"wp:term":[{"taxonomy":"category","embeddable":true,"href":"http:\/\/www.korhanyilmaz.com\/index.php?rest_route=%2Fwp%2Fv2%2Fcategories&post=33517"},{"taxonomy":"post_tag","embeddable":true,"href":"http:\/\/www.korhanyilmaz.com\/index.php?rest_route=%2Fwp%2Fv2%2Ftags&post=33517"}],"curies":[{"name":"wp","href":"https:\/\/api.w.org\/{rel}","templated":true}]}}