{"id":33513,"date":"2011-05-25T16:23:04","date_gmt":"2011-05-25T13:23:04","guid":{"rendered":"http:\/\/www.korhanyilmaz.com\/?p=33513"},"modified":"2011-05-25T16:23:04","modified_gmt":"2011-05-25T13:23:04","slug":"danistaydan-alkol-vizesi","status":"publish","type":"post","link":"http:\/\/www.korhanyilmaz.com\/?p=33513","title":{"rendered":"Dan\u0131\u015ftay&#8217;dan alkol vizesi"},"content":{"rendered":"<p style=\"text-align: center;\"><a href=\"http:\/\/www.korhanyilmaz.com\/wp-content\/uploads\/2011\/05\/333.jpg\"  class=\"lightview\"><img loading=\"lazy\" decoding=\"async\" class=\"aligncenter size-full wp-image-33514\" src=\"http:\/\/www.korhanyilmaz.com\/wp-content\/uploads\/2011\/05\/333.jpg\" alt=\"\" width=\"269\" height=\"207\" \/><\/a><\/p>\n<p style=\"text-align: justify;\">\u00c7ok tart\u0131\u015f\u0131lan i\u00e7ki y\u00f6netmeli\u011fi Dan\u0131\u015ftay&#8217;dan d\u00f6nd\u00fc. Dan\u0131\u015ftay, y\u00f6netmeli\u011fin baz\u0131 maddelerinin y\u00fcr\u00fctmesini durdurdu. 20 santilitre ve alt\u0131ndaki alkoll\u00fc i\u00e7kilerin bakkal, market ve b\u00fcfelerde sat\u0131\u015f\u0131 ile gen\u00e7lere y\u00f6nelik etkinliklerdeki yasa\u011f\u0131 hukuka ayk\u0131r\u0131 buldu. <!--more--><\/p>\n<p style=\"text-align: justify;\">Ankara Barosu, Ocak ay\u0131nda yay\u0131mlanan y\u00f6netmeli\u011fin iptali ve y\u00fcr\u00fctmesinin durdurulmas\u0131 istemiyle Dan\u0131\u015ftayda dava a\u00e7m\u0131\u015ft\u0131.<\/p>\n<p style=\"text-align: justify;\">Dan\u0131\u015ftay 13. Dairesi, 20 santilitre ve alt\u0131ndaki alkoll\u00fc i\u00e7kilerin bakkal market ve b\u00fcfelerdeki sat\u0131\u015f yasa\u011f\u0131n\u0131 onaylamad\u0131.<\/p>\n<p style=\"text-align: justify;\">T\u00fct\u00fcn ve Alkol Piyasas\u0131 Kurumu&#8217;nun \u00e7ocuk ve gen\u00e7lerin fiyatlar\u0131 d\u00fc\u015f\u00fck ve ula\u015f\u0131lmas\u0131 kolay \u00fcr\u00fcnlere kar\u015f\u0131 korunmas\u0131 y\u00f6n\u00fcndeki gerek\u00e7esini &#8220;hukuken kabul edilebilir&#8221; bulmad\u0131.<\/p>\n<p style=\"text-align: justify;\">Dan\u0131\u015ftay ayr\u0131ca, \u00e7ocuklar\u0131 ve gen\u00e7leri hedef alan etkinliklerde alkoll\u00fc i\u00e7ki sat\u0131lamayaca\u011f\u0131na ili\u015fkin h\u00fckm\u00fcn de y\u00fcr\u00fctmesini durdurdu.<\/p>\n<p style=\"text-align: justify;\"><strong>24 ya\u015f s\u0131n\u0131r\u0131<\/strong><\/p>\n<p style=\"text-align: justify;\">Y\u00f6netmeli\u011fin, alkol yasa\u011f\u0131n\u0131 18 ya\u015f \u00fczeri i\u00e7in de ge\u00e7erli hale getirdi\u011fine dikkat \u00e7eken Dan\u0131\u015ftay, bu durumun 18 ya\u015f\u0131ndan b\u00fcy\u00fcklerin i\u00e7ki i\u00e7me ve sat\u0131n alma \u00f6zg\u00fcrl\u00fc\u011f\u00fcn\u00fcn s\u0131n\u0131rland\u0131r\u0131lmas\u0131 olarak de\u011ferlendirdi.<\/p>\n<p style=\"text-align: justify;\">Y\u00f6netmelikteki, &#8220;15 ile 24 ya\u015f aras\u0131 d\u00f6nem i\u00e7inde bulunan ki\u015finin &#8220;gen\u00e7&#8221; olarak tan\u0131mland\u0131\u011f\u0131 h\u00fckm\u00fcn y\u00fcr\u00fctmesinin durdurulmas\u0131 istemini de reddetti.<\/p>\n<p style=\"text-align: justify;\">Davac\u0131 Ankara Barosunun, &#8220;18 ya\u015f\u0131n\u0131 doldurmu\u015f ki\u015filerin hukuken re\u015fit say\u0131ld\u0131\u011f\u0131n\u0131 belirterek, 24 ya\u015f s\u0131n\u0131r\u0131n\u0131n yasal dayana\u011f\u0131 bulunmad\u0131\u011f\u0131n\u0131&#8221; ileri s\u00fcrd\u00fc\u011f\u00fc ifade edilen kararda, &#8220;Y\u00f6netmelikte yer alan bu &#8216;gen\u00e7&#8217; tan\u0131m\u0131, Birle\u015fmi\u015f Milletler, D\u00fcnya Sa\u011fl\u0131k \u00d6rg\u00fct\u00fc ve UNESCO taraf\u0131ndan da benimsenen uluslararas\u0131 bir standard\u0131 ifade etmektedir. Bu tan\u0131m, t\u00fct\u00fcn mamulleri ve\/veya alkoll\u00fc i\u00e7kilerin, 18 ya\u015f\u0131n\u0131 doldurmu\u015f ki\u015filerce kullan\u0131lmas\u0131, t\u00fcketilmesi veya belgesi varsa sat\u0131lmas\u0131 konusunda herhangi bir engel ve yasak i\u00e7ermemektedir. Dolay\u0131s\u0131yla, bu tan\u0131mda hukuka ayk\u0131r\u0131l\u0131k saptanmam\u0131\u015ft\u0131r&#8221; denildi.<\/p>\n<p style=\"text-align: justify;\"><strong>Kar\u015f\u0131 oylar<\/strong><\/p>\n<p style=\"text-align: justify;\">Y\u00f6netmeli\u011fin &#8220;Hacmi 20 cl ve alt\u0131nda bulunan ambalajlardaki alkoll\u00fc i\u00e7kilerin bakkal ve marketlerde sat\u0131lamayaca\u011f\u0131&#8221; h\u00fckm\u00fcn\u00fcn y\u00fcr\u00fctmesinin durdurulmas\u0131 karar\u0131na kat\u0131lmayan bir \u00fcye kar\u015f\u0131 oy gerek\u00e7esinde, \u015fu g\u00f6r\u00fc\u015flere yer verdi:<\/p>\n<p style=\"text-align: justify;\">&#8220;Hacmi 20 cl ve alt\u0131nda olan ambalajl\u0131 \u00fcr\u00fcnlerin ta\u015f\u0131nmas\u0131n\u0131n ve fiyat\u0131n\u0131n d\u00fc\u015f\u00fck olmas\u0131 a\u00e7\u0131s\u0131ndan ula\u015f\u0131labilirli\u011finin daha kolay olmas\u0131, ayak\u00fcst\u00fc i\u00e7ime m\u00fcsait olmas\u0131 gibi nedenlerle, faaliyet konusu bakkal, market, s\u00fcpermarket, hipermarket, kuruyemi\u015f\u00e7i ve b\u00fcfe olan i\u015fyerlerinde bulundurulmas\u0131n\u0131n ve sat\u0131\u015fa sunulmas\u0131n\u0131n yasaklanmas\u0131 ile \u00e7ocuklar\u0131n ve gen\u00e7lerin korunmas\u0131n\u0131n ama\u00e7land\u0131\u011f\u0131, nitekim, s\u00f6z konusu d\u00fczenleme ile bahsi ge\u00e7en \u00fcr\u00fcnlerin sat\u0131\u015f\u0131n\u0131n de\u011fil, belli yerlerde sat\u0131\u015f\u0131n\u0131n yasaklanm\u0131\u015f olmas\u0131n\u0131n da bu amac\u0131 do\u011frular nitelikte oldu\u011fu anla\u015f\u0131ld\u0131\u011f\u0131ndan, an\u0131lan d\u00fczenlemede hukuka ayk\u0131r\u0131l\u0131k bulunmamaktad\u0131r. A\u00e7\u0131klanan nedenlerle, Y\u00f6netmeli\u011fin 22. maddesinin 4. f\u0131kras\u0131n\u0131n y\u00fcr\u00fctmesinin durdurulmas\u0131 isteminin reddi gerekti\u011fi oyuyla, Dairemizce verilen karar\u0131n bu k\u0131sm\u0131na kat\u0131lm\u0131yorum.&#8221;<\/p>\n<p style=\"text-align: justify;\">Daval\u0131 Ankara Barosu Ba\u015fkanl\u0131\u011f\u0131n\u0131n y\u00f6netmeli\u011fin y\u00fcr\u00fctmesinin durdurulmas\u0131 istemlerinin reddi, daval\u0131 T\u00fct\u00fcn ve Alkol Piyasas\u0131 D\u00fczenleme Kurumunun ise y\u00f6netmeli\u011fin y\u00fcr\u00fctmesi durdurulan k\u0131s\u0131mlar\u0131na ili\u015fkin itiraz hakk\u0131 bulunuyor.<\/p>\n<p style=\"text-align: justify;\">\u0130tiraz\u0131, Dan\u0131\u015ftay \u0130dari Dava Daireleri Kurulu karara ba\u011flayacak.<\/p>\n<p style=\"text-align: justify;\"><a href=\"http:\/\/www.cnnturk.com\/2011\/turkiye\/05\/25\/danistaydan.alkol.vizesi\/617876.0\/index.html\" target=\"_blank\">Kaynak : CNN T\u00dcRK<\/a><\/p>\n","protected":false},"excerpt":{"rendered":"<p style=\"text-align: center;\">\n<p style=\"text-align: justify;\">\u00c7ok tart\u0131\u015f\u0131lan i\u00e7ki y\u00f6netmeli\u011fi Dan\u0131\u015ftay&#8217;dan d\u00f6nd\u00fc. Dan\u0131\u015ftay, y\u00f6netmeli\u011fin baz\u0131 maddelerinin y\u00fcr\u00fctmesini durdurdu. 20 santilitre ve alt\u0131ndaki alkoll\u00fc i\u00e7kilerin bakkal, market ve b\u00fcfelerde sat\u0131\u015f\u0131 ile gen\u00e7lere y\u00f6nelik etkinliklerdeki yasa\u011f\u0131 hukuka ayk\u0131r\u0131 buldu. <\/p>\n","protected":false},"author":1,"featured_media":0,"comment_status":"open","ping_status":"closed","sticky":false,"template":"","format":"standard","meta":{"footnotes":""},"categories":[105],"tags":[],"class_list":["post-33513","post","type-post","status-publish","format-standard","hentry","category-gundem","odd"],"_links":{"self":[{"href":"http:\/\/www.korhanyilmaz.com\/index.php?rest_route=\/wp\/v2\/posts\/33513","targetHints":{"allow":["GET"]}}],"collection":[{"href":"http:\/\/www.korhanyilmaz.com\/index.php?rest_route=\/wp\/v2\/posts"}],"about":[{"href":"http:\/\/www.korhanyilmaz.com\/index.php?rest_route=\/wp\/v2\/types\/post"}],"author":[{"embeddable":true,"href":"http:\/\/www.korhanyilmaz.com\/index.php?rest_route=\/wp\/v2\/users\/1"}],"replies":[{"embeddable":true,"href":"http:\/\/www.korhanyilmaz.com\/index.php?rest_route=%2Fwp%2Fv2%2Fcomments&post=33513"}],"version-history":[{"count":0,"href":"http:\/\/www.korhanyilmaz.com\/index.php?rest_route=\/wp\/v2\/posts\/33513\/revisions"}],"wp:attachment":[{"href":"http:\/\/www.korhanyilmaz.com\/index.php?rest_route=%2Fwp%2Fv2%2Fmedia&parent=33513"}],"wp:term":[{"taxonomy":"category","embeddable":true,"href":"http:\/\/www.korhanyilmaz.com\/index.php?rest_route=%2Fwp%2Fv2%2Fcategories&post=33513"},{"taxonomy":"post_tag","embeddable":true,"href":"http:\/\/www.korhanyilmaz.com\/index.php?rest_route=%2Fwp%2Fv2%2Ftags&post=33513"}],"curies":[{"name":"wp","href":"https:\/\/api.w.org\/{rel}","templated":true}]}}