{"id":33510,"date":"2011-05-25T17:08:00","date_gmt":"2011-05-25T14:08:00","guid":{"rendered":"http:\/\/www.korhanyilmaz.com\/?p=33510"},"modified":"2011-05-25T17:08:00","modified_gmt":"2011-05-25T14:08:00","slug":"hakkaride-niye-turk-bayragi-yoktu","status":"publish","type":"post","link":"http:\/\/www.korhanyilmaz.com\/?p=33510","title":{"rendered":"&#8220;Hakkari&#8217;de niye T\u00fcrk bayra\u011f\u0131 yoktu?&#8221;"},"content":{"rendered":"<p style=\"text-align: justify;\"><a href=\"http:\/\/www.korhanyilmaz.com\/wp-content\/uploads\/2011\/05\/332.jpg\"  class=\"lightview\"><img loading=\"lazy\" decoding=\"async\" class=\"aligncenter size-full wp-image-33511\" src=\"http:\/\/www.korhanyilmaz.com\/wp-content\/uploads\/2011\/05\/332.jpg\" alt=\"\" width=\"307\" height=\"236\" \/><\/a><\/p>\n<p style=\"text-align: justify;\">K\u0131r\u0131kkale&#8217;de se\u00e7menlerine seslenen Ba\u015fbakan Erdo\u011fan&#8217;\u0131n g\u00fcndeminde CHP lideri Kemal K\u0131l\u0131\u00e7daro\u011flu&#8217;nun Hakkari mitingi vard\u0131. K\u0131l\u0131\u00e7daro\u011flu&#8217;nun Hakkari mitinginde, BDP&#8217;lilere konu\u015ftu\u011funu s\u00f6yleyen Erdo\u011fan, &#8220;Ter\u00f6r \u00f6rg\u00fct\u00fcn\u00fcn mensuplar\u0131 da o mitingdeydi. Resimlerle hepsi tespit edilmi\u015f&#8221; dedi; &#8220;Mitingde T\u00fcrk Bayra\u011f\u0131 niye yoktu?&#8221; diye sordu. <!--more--><\/p>\n<p style=\"text-align: justify;\">Ba\u015fbakan Erdo\u011fan, partisinin Cumhuriyet Meydan\u0131&#8217;nda d\u00fczenlenen mitinginde vatanda\u015flara hitap etti.<\/p>\n<p style=\"text-align: justify;\">Erdo\u011fan, &#8220;BDP ve ter\u00f6r \u00f6rg\u00fct\u00fc, b\u00f6lgeyi k\u0131\u015fk\u0131rtarak, gen\u00e7leri k\u0131\u015fk\u0131rtarak, buradan bir \u00e7\u0131kar elde etmenin m\u00fccadelesi i\u00e7ine girmi\u015f durumda. Yedi ya\u015f\u0131ndaki \u00e7ocuklar\u0131n arkas\u0131na saklan\u0131yor, korkak\u00e7a oradan, o masum \u00e7ocuklar \u00fczerinden oy avc\u0131l\u0131\u011f\u0131 yapmaya \u00e7al\u0131\u015f\u0131yor, esnafa zorla kepenk kapatt\u0131r\u0131yor, esnafa kan a\u011flat\u0131yor, esnaf\u0131n ekme\u011fine g\u00f6z dikiyor&#8221; dedi.<\/p>\n<p style=\"text-align: justify;\">\u015eu anda \u00e7ok ilgin\u00e7 geli\u015fmeler oldu\u011funu kaydeden Ba\u015fbakan Erdo\u011fan, &#8220;Ne dolaplar\u0131n d\u00f6nd\u00fc\u011f\u00fcn\u00fc \u00e7ok iyi g\u00f6rmenizi istiyorum. Biz, mitingimizi yapmak, karde\u015flerimizle kucakla\u015fmak i\u00e7in Hakkari&#8217;ye gittik. BDP ve ter\u00f6r \u00f6rg\u00fct\u00fc, oradaki vatanda\u015flar\u0131m\u0131z\u0131 tehdit etti ve mitinge gelmelerini engelledi. Kepenkler yine zorla kapatt\u0131r\u0131ld\u0131 ama biz mitingimizi orada kat\u0131lan karde\u015flerimizle yapt\u0131k. \u0130ki g\u00fcn sonra, CHP Genel Ba\u015fkan\u0131 oraya miting yapmak i\u00e7in gitti, BDP&#8217;lilere konu\u015ftu. Bak\u0131n bug\u00fcn gazetelere, ter\u00f6r \u00f6rg\u00fct\u00fc mensuplar\u0131 da o mitingin i\u00e7indeydi. Resimlerle tespit edilmi\u015f&#8230; CHP&#8217;nin mitinginde bir tane T\u00fcrk bayra\u011f\u0131 yoktu. Bay Kemal, sen bu \u00fclkede neyin m\u00fccadelesini veriyorsun yahu? Niye korktun, niye orada bayraklar\u0131n\u0131n aras\u0131na T\u00fcrk bayra\u011f\u0131n\u0131 koyamad\u0131n? \u00c7\u00fcnk\u00fc BDP&#8217;lilerin eline T\u00fcrk bayra\u011f\u0131n\u0131 vermek y\u00fcrek ister, y\u00fcrek. Bunu yapamad\u0131n sen&#8221; dedi.<\/p>\n<p style=\"text-align: justify;\">Erdo\u011fan, &#8220;Niye bizim bayra\u011f\u0131m\u0131z birilerini rahats\u0131z ediyor, rengi mi rahats\u0131z ediyor? \u015eehidimizin kan\u0131d\u0131r&#8230; Hilal mi rahats\u0131z ediyor? Ba\u011f\u0131ms\u0131zl\u0131\u011f\u0131m\u0131z\u0131n simgesidir&#8230; Y\u0131ld\u0131z\u0131 m\u0131 rahats\u0131z ediyor? Ba\u011f\u0131ms\u0131zl\u0131\u011f\u0131m\u0131z\u0131n \u015fehidimizin sembol\u00fcd\u00fcr&#8230; Onun i\u00e7in &#8216;tek bayrak&#8217; dedik. &#8216;Bayraklar\u0131 bayrak yapan \u00fcst\u00fcndeki kand\u0131r, toprak e\u011fer u\u011frunda \u00f6len varsa vatand\u0131r&#8217; diyoruz. Bay Kemal, Hakkari&#8217;ye gidiyor ne diyor &#8216;biz sizlere burada tabii ki yerel y\u00f6netimler \u00f6zerkli\u011fi noktas\u0131nda \u00f6zerklik verece\u011fiz \u00e7\u00fcnk\u00fc bu Avrupa Birli\u011fi&#8217;nde de var&#8217; diyor. Ardahan&#8217;a gidiyor, &#8216;Ben eyalet sistemini kastetmedim&#8217; diyor. Bu adam, bir garip adam. Hakkari&#8217;de ba\u015fka, Ardahan&#8217;da ba\u015fka. Ardahan&#8217;da ba\u015fka, K\u0131r\u0131kkale&#8217;de ba\u015fka. Bu adam, bu. Ak\u015fam ba\u015fka, sabah ba\u015fka. Bunlar\u0131n genlerine i\u015flemi\u015f, genlerine&#8230;&#8221; dedi.<\/p>\n<p style=\"text-align: justify;\"><strong>Engin Alan&#8217;a: &#8220;Sevsinler&#8230;&#8221;<\/strong><\/p>\n<p style=\"text-align: justify;\">CHP&#8217;nin kaset yoluyla, medya yoluyla, ayak oyunlar\u0131yla yeniden tasarland\u0131\u011f\u0131n\u0131, \u015fimdi de ayn\u0131s\u0131n\u0131n MHP&#8217;ye yap\u0131ld\u0131\u011f\u0131n\u0131 belirten Erdo\u011fan, MHP&#8217;de yarg\u0131lanan bir korgeneralin aday g\u00f6sterildi\u011fini ifade etti.<\/p>\n<p style=\"text-align: justify;\">Erdo\u011fan, &#8220;Bir Ba\u015fbakan olarak 18 Mart kutlamalar\u0131nda \u00c7anakkele&#8217;de \u015eehitler An\u0131t\u0131&#8217;n\u0131n oldu\u011fu b\u00f6lgeye geliyorum, orada maalesef edebe mugayir, itaat, sayg\u0131 -ki askerin en iyi bildi\u011fi konu budur- herkes aya\u011fa kalkm\u0131\u015f \u00fclkenin Ba\u015fbakan\u0131n\u0131 kar\u015f\u0131larken, bu zat aya\u011fa kalkmayacak kadar edepten uzak birisidir. \u015eimdi bu MHP&#8217;nin aday\u0131. MHP&#8217;nin Genel Ba\u015fkan\u0131 &#8216;Onurlu bir generaldir&#8217; diyor. Sevsinler b\u00f6yle onurlu generali. O da pay\u0131n\u0131 ald\u0131. Beklentisi \u00e7ok b\u00fcy\u00fckt\u00fc orgeneral olmay\u0131 bekliyordu ama olamad\u0131. Niye? \u00c7\u00fcnk\u00fc, \u00f6demesi gereken bir ceza vard\u0131. AK Parti&#8217;de bunu g\u00f6remezsiniz. As\u0131l onur m\u00fccadelesi AK Parti&#8217;nin i\u00e7inde devam ediyor ve biz kalk\u0131p da bu t\u00fcr olaylara prim vermeyiz, vermeyece\u011fiz. 12 Eyl\u00fcl&#8217;de oldu\u011fu gibi CHP, MHP, BDP, Ergenekon, ter\u00f6r \u00f6rg\u00fct\u00fc ayn\u0131 hizaya ge\u00e7mediler mi? \u015eimdi gene ayn\u0131 hizadalar. Hedefte AK Parti var&#8221; dedi.<\/p>\n<p style=\"text-align: justify;\">Erdo\u011fan, &#8220;Say\u0131n Bah\u00e7eli konu\u015fuyor. Ne yapt\u0131n anlat karde\u015fim, ne yapt\u0131n? \u015eunu yapt\u0131m de. Sadece Tayyip Erdo\u011fan&#8217;a k\u00fcfrediyorsun, hakaret ediyorsun ba\u015fka bir \u015fey yok ama benden bir hakaret duydun mu&#8221; dedi.<\/p>\n<p style=\"text-align: justify;\">Ter\u00f6r \u00f6rg\u00fct\u00fcn\u00fcn ve BDP&#8217;nin sand\u0131\u011fa gidenleri engelledi\u011fini belirten Erdo\u011fan, &#8220;Bu nas\u0131l demokrasi? Hem demokrasi diyorsun hem de sand\u0131\u011f\u0131n \u00fczerine \u00e7arp\u0131 i\u015fareti koyuyorsun 12 Eyl\u00fcl&#8217;de. Bu nas\u0131l demokrasi? Demokrasi deyince akla sand\u0131k gelir. Bunlar sand\u0131\u011fa gidenlerin \u00f6n\u00fcn\u00fc kestiler, tehditle, korkutarak kestiler. Temel hak ve \u00f6zg\u00fcrl\u00fckler diyorsun, ekonomik \u00f6zg\u00fcrl\u00fc\u011f\u00fcn \u00f6n\u00fcn\u00fc kesiyorsun, esnaf\u0131 tehdit ediyorsun. Bu nas\u0131l \u00f6zg\u00fcrl\u00fck? Bunlar\u0131 e\u015f, dost, ahbap, herkese anlatmak laz\u0131m&#8221; diye konu\u015ftu.<\/p>\n<p style=\"text-align: justify;\"><a href=\"http:\/\/www.cnnturk.com\/2011\/turkiye\/05\/25\/hakkaride.niye.turk.bayragi.yoktu\/617900.0\/index.html\" target=\"_blank\">Kaynak : CNN T\u00dcRK<\/a><\/p>\n","protected":false},"excerpt":{"rendered":"<p style=\"text-align: justify;\">\n<p style=\"text-align: justify;\">K\u0131r\u0131kkale&#8217;de se\u00e7menlerine seslenen Ba\u015fbakan Erdo\u011fan&#8217;\u0131n g\u00fcndeminde CHP lideri Kemal K\u0131l\u0131\u00e7daro\u011flu&#8217;nun Hakkari mitingi vard\u0131. K\u0131l\u0131\u00e7daro\u011flu&#8217;nun Hakkari mitinginde, BDP&#8217;lilere konu\u015ftu\u011funu s\u00f6yleyen Erdo\u011fan, &#8220;Ter\u00f6r \u00f6rg\u00fct\u00fcn\u00fcn mensuplar\u0131 da o mitingdeydi. Resimlerle hepsi tespit edilmi\u015f&#8221; dedi; &#8220;Mitingde T\u00fcrk Bayra\u011f\u0131 niye yoktu?&#8221; diye sordu. <\/p>\n","protected":false},"author":1,"featured_media":0,"comment_status":"open","ping_status":"closed","sticky":false,"template":"","format":"standard","meta":{"footnotes":""},"categories":[105],"tags":[],"class_list":["post-33510","post","type-post","status-publish","format-standard","hentry","category-gundem","odd"],"_links":{"self":[{"href":"http:\/\/www.korhanyilmaz.com\/index.php?rest_route=\/wp\/v2\/posts\/33510","targetHints":{"allow":["GET"]}}],"collection":[{"href":"http:\/\/www.korhanyilmaz.com\/index.php?rest_route=\/wp\/v2\/posts"}],"about":[{"href":"http:\/\/www.korhanyilmaz.com\/index.php?rest_route=\/wp\/v2\/types\/post"}],"author":[{"embeddable":true,"href":"http:\/\/www.korhanyilmaz.com\/index.php?rest_route=\/wp\/v2\/users\/1"}],"replies":[{"embeddable":true,"href":"http:\/\/www.korhanyilmaz.com\/index.php?rest_route=%2Fwp%2Fv2%2Fcomments&post=33510"}],"version-history":[{"count":0,"href":"http:\/\/www.korhanyilmaz.com\/index.php?rest_route=\/wp\/v2\/posts\/33510\/revisions"}],"wp:attachment":[{"href":"http:\/\/www.korhanyilmaz.com\/index.php?rest_route=%2Fwp%2Fv2%2Fmedia&parent=33510"}],"wp:term":[{"taxonomy":"category","embeddable":true,"href":"http:\/\/www.korhanyilmaz.com\/index.php?rest_route=%2Fwp%2Fv2%2Fcategories&post=33510"},{"taxonomy":"post_tag","embeddable":true,"href":"http:\/\/www.korhanyilmaz.com\/index.php?rest_route=%2Fwp%2Fv2%2Ftags&post=33510"}],"curies":[{"name":"wp","href":"https:\/\/api.w.org\/{rel}","templated":true}]}}