{"id":3351,"date":"2009-02-19T17:43:14","date_gmt":"2009-02-19T15:43:14","guid":{"rendered":"http:\/\/www.korhanyilmaz.com\/?p=3351"},"modified":"2009-02-19T17:43:14","modified_gmt":"2009-02-19T15:43:14","slug":"ceza-yetmedi-yine-boykot-istedi","status":"publish","type":"post","link":"http:\/\/www.korhanyilmaz.com\/?p=3351","title":{"rendered":"Ceza yetmedi, yine boykot istedi!"},"content":{"rendered":"<p style=\"text-align: center;\"><img loading=\"lazy\" decoding=\"async\" class=\"size-full wp-image-3352 alignnone\" title=\"Ceza yetmedi, yine boykot istedi! \" src=\"http:\/\/www.korhanyilmaz.com\/wp-content\/uploads\/2009\/02\/190220091728151822369.jpg\" alt=\"Ceza yetmedi, yine boykot istedi! \" width=\"320\" height=\"100\" \/><\/p>\n<p style=\"text-align: justify;\"><strong>Maliye taraf\u0131ndan vergi rekortmeni Do\u011fan Grubu&#8217;na kesilen hukuk d\u0131\u015f\u0131 ceza yetmedi, Aksaray&#8217;da konu\u015fan Ba\u015fbakan yine Do\u011fan Grubu&#8217;na boykot iste\u011fini tekrarlad\u0131<\/strong><\/p>\n<p style=\"text-align: justify;\">Aksaray&#8217;da konu\u015fan Ba\u015fbakan Erdo\u011fan yine medyaya y\u00fcklendi. Do\u011fan Grubu&#8217;na boykot iste\u011fini tekrarlad\u0131. Erdo\u011fan&#8217;\u0131n konu\u015fmas\u0131n\u0131n sat\u0131rba\u015flar\u0131 \u015f\u00f6yle&#8230;<\/p>\n<p style=\"text-align: justify;\"><strong>DO\u011eAN GRUBUNA CEZA<\/strong><\/p>\n<p style=\"text-align: justify;\">Devletin bir kurumu yasal bir i\u015flem yap\u0131yor. Hemen h\u00fck\u00fcmete y\u00fcklenmeye ba\u015fl\u0131yorlar.Ba\u015f\u0131n\u0131za ne gelse h\u00fck\u00fcmetten AKP&#8217;den biliyorsunuz, iftira atmak yerine hukuka uygun davranmay\u0131 \u00f6\u011frenseniz daha do\u011fru olmaz m\u0131?Bunlar iftira konusunda ne yaz\u0131k ki uzmanla\u015fm\u0131\u015flar. Vatanda\u015flarla ilgili, TSK ve polisimiz hakk\u0131nda, h\u00fck\u00fcmet hakk\u0131nda yalan yanl\u0131\u015f haber yapmada, gayet ba\u015far\u0131l\u0131. \u015eu veya bu demiyorum, ay\u0131rt etmiyorum. B\u00f6yle bir bas\u0131n \u00f6zg\u00fcrl\u00fc\u011f\u00fc olmaz.<\/p>\n<p style=\"text-align: justify;\">(Do\u011fan Grubu&#8217;nu kastediyor) Patronunun sesi olan, bunu \u00f6zg\u00fcrl\u00fck m\u00fccadelesi sananlar\u0131n durumu da do\u011frusu ibret vericidir. Bas\u0131n \u00f6zg\u00fcrl\u00fc\u011f\u00fcnden dem vurarak, yalan yanl\u0131\u015f\u0131 normal g\u00f6steremezsiniz. Medya g\u00fcc\u00fcn\u00fc kullanarak haks\u0131zl\u0131\u011fa kalk\u0131\u015famazs\u0131n\u0131z. Bizim iktidar\u0131m\u0131zda bu olamaz.<!--more--><\/p>\n<p style=\"text-align: justify;\"><strong>BAYKAL&#8217;A YANIT<\/strong><\/p>\n<p style=\"text-align: justify;\">\u0130\u015fte bug\u00fcn ana muhalefetin lideri \u00e7\u0131km\u0131\u015f \u015funu s\u00f6yl\u00fcyor. Diyor ki bu olay bir rejim sorunudur diyor. Allah Allah.Bas\u0131n \u00f6zg\u00fcrl\u00fc\u011f\u00fcyle menfaat dev\u015firmeye kalk\u0131\u015famazs\u0131n\u0131z.Biliyorsunuz Deniz Baykal&#8217;\u0131n mesle\u011fi avukatl\u0131k. Bir ara Ergenekon&#8217;un avukat\u0131y\u0131m dedi. Ama millet hakl\u0131n\u0131n, mazlumun yan\u0131ndaki avukatlar\u0131n yan\u0131nda yer al\u0131r.<\/p>\n<p style=\"text-align: justify;\"><strong>SEV\u0130GEN&#8217;E G\u00d6NDERME<\/strong><\/p>\n<p style=\"text-align: justify;\">Bu medya benim partim ile ilgili yine ba\u015fl\u0131k att\u0131. AKP&#8217;li belediye ba\u015fkan\u0131 \u015funu, \u015funu yapm\u0131\u015f diye. Ortaya \u00e7\u0131kmadan 7 ay \u00f6nce biz duyum ald\u0131\u011f\u0131m\u0131zda hemen ihra\u00e7 ettik. Bug\u00fcne kadar 20&#8217;ye yak\u0131n belediye ba\u015fkan\u0131 ve meclis \u00fcyesini ihra\u00e7 ettik. Peki, beyefendi ka\u00e7 tane ihra\u00e7 etti.Ara\u015ft\u0131r\u0131r\u0131z, bakar\u0131z, gere\u011fini yapar\u0131z. Bir\u00e7ok kez de gere\u011fini yapt\u0131k.<\/p>\n<p style=\"text-align: justify;\"><strong>KR\u0130Z DUASI<\/strong><\/p>\n<p style=\"text-align: justify;\">Yavru muhalefet de ana muhalefet de ne yapacaklar\u0131n\u0131 s\u00f6ylemiyorlar. S\u00f6yleyin bakal\u0131m \u015fu Aksaray i\u00e7in ne yapacaks\u0131n\u0131z. \u0130\u015fleri g\u00fc\u00e7leri AKP&#8217;ye sald\u0131rmak. Ah bir kriz \u00e7\u0131ksa da y\u0131pratsak diye bekliyorlar. AKP kaybetsin diye kriz duas\u0131na \u00e7\u0131kt\u0131lar.<\/p>\n<p style=\"text-align: justify;\"><span style=\"color: #888888;\">Kaynak : Vatan Gazetesi<\/span><\/p>\n<p style=\"text-align: justify;\">\n","protected":false},"excerpt":{"rendered":"<p style=\"text-align: center;\">\n<p style=\"text-align: justify;\">Maliye taraf\u0131ndan vergi rekortmeni Do\u011fan Grubu&#8217;na kesilen hukuk d\u0131\u015f\u0131 ceza yetmedi, Aksaray&#8217;da konu\u015fan Ba\u015fbakan yine Do\u011fan Grubu&#8217;na boykot iste\u011fini tekrarlad\u0131<\/p>\n<p style=\"text-align: justify;\">Aksaray&#8217;da konu\u015fan Ba\u015fbakan Erdo\u011fan yine medyaya y\u00fcklendi. Do\u011fan Grubu&#8217;na boykot iste\u011fini tekrarlad\u0131. Erdo\u011fan&#8217;\u0131n konu\u015fmas\u0131n\u0131n sat\u0131rba\u015flar\u0131 \u015f\u00f6yle&#8230;<\/p>\n<p style=\"text-align: justify;\">DO\u011eAN GRUBUNA CEZA<\/p>\n<p style=\"text-align: justify;\">Devletin bir kurumu yasal bir <\/p>\n","protected":false},"author":1,"featured_media":0,"comment_status":"open","ping_status":"closed","sticky":false,"template":"","format":"standard","meta":{"footnotes":""},"categories":[105],"tags":[],"class_list":["post-3351","post","type-post","status-publish","format-standard","hentry","category-gundem","odd"],"_links":{"self":[{"href":"http:\/\/www.korhanyilmaz.com\/index.php?rest_route=\/wp\/v2\/posts\/3351","targetHints":{"allow":["GET"]}}],"collection":[{"href":"http:\/\/www.korhanyilmaz.com\/index.php?rest_route=\/wp\/v2\/posts"}],"about":[{"href":"http:\/\/www.korhanyilmaz.com\/index.php?rest_route=\/wp\/v2\/types\/post"}],"author":[{"embeddable":true,"href":"http:\/\/www.korhanyilmaz.com\/index.php?rest_route=\/wp\/v2\/users\/1"}],"replies":[{"embeddable":true,"href":"http:\/\/www.korhanyilmaz.com\/index.php?rest_route=%2Fwp%2Fv2%2Fcomments&post=3351"}],"version-history":[{"count":0,"href":"http:\/\/www.korhanyilmaz.com\/index.php?rest_route=\/wp\/v2\/posts\/3351\/revisions"}],"wp:attachment":[{"href":"http:\/\/www.korhanyilmaz.com\/index.php?rest_route=%2Fwp%2Fv2%2Fmedia&parent=3351"}],"wp:term":[{"taxonomy":"category","embeddable":true,"href":"http:\/\/www.korhanyilmaz.com\/index.php?rest_route=%2Fwp%2Fv2%2Fcategories&post=3351"},{"taxonomy":"post_tag","embeddable":true,"href":"http:\/\/www.korhanyilmaz.com\/index.php?rest_route=%2Fwp%2Fv2%2Ftags&post=3351"}],"curies":[{"name":"wp","href":"https:\/\/api.w.org\/{rel}","templated":true}]}}