{"id":33506,"date":"2011-05-25T08:07:40","date_gmt":"2011-05-25T05:07:40","guid":{"rendered":"http:\/\/www.korhanyilmaz.com\/?p=33506"},"modified":"2011-05-25T08:07:40","modified_gmt":"2011-05-25T05:07:40","slug":"muneccim-gibi-dizi","status":"publish","type":"post","link":"http:\/\/www.korhanyilmaz.com\/?p=33506","title":{"rendered":"M\u00fcneccim gibi dizi!"},"content":{"rendered":"<p style=\"text-align: justify;\"><a href=\"http:\/\/www.korhanyilmaz.com\/wp-content\/uploads\/2011\/05\/331.jpg\"  class=\"lightview\"><img loading=\"lazy\" decoding=\"async\" class=\"aligncenter size-full wp-image-33507\" src=\"http:\/\/www.korhanyilmaz.com\/wp-content\/uploads\/2011\/05\/331.jpg\" alt=\"\" width=\"333\" height=\"223\" \/><\/a><\/p>\n<p style=\"text-align: justify;\">Ergenekon savc\u0131s\u0131 Zekeriya \u00d6z\u2019\u00fcn g\u00f6revden al\u0131naca\u011f\u0131n\u0131 \u00f6nceden bilen Samanyolu TV\u2019deki &#8220;Kollama&#8221; adl\u0131 dizi, bir ay \u00f6nce de kaset skandal\u0131na de\u011finmi\u015f\u2026<\/p>\n<p style=\"text-align: justify;\">ANKARA- MHP\u2019yi sarsan kaset depremi konusunun bir ay \u00f6nce Samanyolu TV\u2019de yay\u0131nlanan bir dizide g\u00fcndeme geldi\u011fi belirlendi. \u2018\u2019Kollama\u2019\u2019 adl\u0131 dizinin 18 Mart\u2019ta yay\u0131nlanan 120. b\u00f6l\u00fcm\u00fcnde \u2018\u2019Kaset olaylar\u0131\u2019\u2019 konu ediliyor. Dizide Ergenekon san\u0131\u011f\u0131 Yal\u00e7\u0131n K\u00fc\u00e7\u00fck ile benzerlik kurulan Kaya Minik adl\u0131 karakter ile \u2018\u2019Baron\u2019\u2019 lakapl\u0131 Selim Mirzahi aras\u0131nda \u015fu konu\u015fma ge\u00e7iyor: <!--more--><\/p>\n<p style=\"text-align: justify;\">Baron: &#8220;\u015eu Alevi-S\u00fcnni \u00e7at\u0131\u015ft\u0131rmas\u0131 i\u015fimiz ne oldu? Medya istedi\u011fimiz deste\u011fi sa\u011flayacak m\u0131 bize?&#8221;<\/p>\n<p style=\"text-align: justify;\">Kaya Minik: &#8220;Eski havam\u0131z yok say\u0131n baronum. Hepsi t\u0131r\u0131m t\u0131r\u0131m t\u0131rs\u0131yor. \u2018Bizi kar\u0131\u015ft\u0131rmay\u0131n\u2019 diyenler mi arars\u0131n\u0131z, telefonlar\u0131m\u0131za \u00e7\u0131kmayanlar m\u0131? Bir de hani hepsini kasetliyorduk ya. O konu da ortaya \u00e7\u0131kt\u0131\u011f\u0131ndan, bir k\u0131sm\u0131 da g\u00fcven bunal\u0131m\u0131 ya\u015f\u0131yor bize kar\u015f\u0131. \u00c7o\u011funu siz adam ettiniz. O yerlere getirdiniz. Ama ger\u00e7ek \u015fu ki, bunlar\u0131n da \u00e7o\u011fu iki y\u00fczl\u00fc. Gelin de o g\u00fczel \u015eubat g\u00fcnlerini an\u0131msamay\u0131n. Bir telefon a\u00e7ard\u0131k, ertesi g\u00fcn bize kocaman bir man\u015fet olarak d\u00f6nerdi.&#8221;<\/p>\n<p style=\"text-align: justify;\">Baron: &#8220;Olabilir. Madem elimizde kendilerine dair kasetlerin varl\u0131\u011f\u0131n\u0131 biliyorlar, a\u00e7\u0131ktan oynayal\u0131m biz de. Ya yay\u0131nlara kasetleyip, denizlerini kuruturuz diyelim. Ya da ar\u015fivde kaset kar\u015f\u0131l\u0131\u011f\u0131 deste\u011fe devam deyip, deniz kenarlar\u0131ndaki villalarda devam se\u00e7ene\u011fi sunal\u0131m. Bizimkilere s\u00f6yle, milliyet\u00e7i gen\u00e7lerin aras\u0131na girip k\u0131\u015fk\u0131rtmalar\u0131 art\u0131rs\u0131nlar&#8230; K\u00fcrt ailelerin ya\u015fad\u0131\u011f\u0131 evlerden \u00f6nceden tespit ettiklerimize \u00e7arp\u0131 i\u015fareti koysunlar\u2026 Nazi Almanyas\u0131 gibi.&#8221;<\/p>\n<p style=\"text-align: justify;\"><strong>\u00d6NCEDEN DE B\u0130LD\u0130<\/strong><\/p>\n<p style=\"text-align: justify;\">STV\u2019deki dizi daha \u00f6nce de Ergenekon eski Savc\u0131s\u0131 Zekeriya \u00d6z\u2019\u00fcn g\u00f6revden al\u0131naca\u011f\u0131n\u0131 bilmi\u015fti. Dizinin o b\u00f6l\u00fcm\u00fcnde \u00d6zel Yetkili \u2018\u2019Erkenkondu\u2019\u2019 savc\u0131s\u0131 Zeki Yahya, g\u00f6revden al\u0131nm\u0131\u015ft\u0131. Deniz Baykal\u2019\u0131n taciz etti\u011fi iddias\u0131 ile g\u00fcndeme gelen \u0130klim Bayraktar olay\u0131 da dizide \u00f6zel yetkili savc\u0131ya uyarlanm\u0131\u015ft\u0131.<\/p>\n<p style=\"text-align: justify;\">\u2018\u2019Kollama\u2019\u2019 dizisinde Ergenekon davas\u0131 ile ilgili s\u00fcre\u00e7 aktar\u0131l\u0131yor. \u2018\u2019Ger\u00e7ekle ilgisi olmad\u0131\u011f\u0131\u201d belirtilmesine ra\u011fmen, dizideki karakterler de Ergenekon davas\u0131ndan al\u0131n\u0131yor. Savc\u0131 Zekeriya \u00d6z, dizide \u2018\u2019Erkenkondu\u2019\u2019 savc\u0131s\u0131 Zeki Yahya karakteri olarak veriliyor. San\u0131klardan Yal\u00e7\u0131n K\u00fc\u00e7\u00fck ise sakal\u0131 ve k\u0131rm\u0131z\u0131 ka\u015fkolu ve kalpa\u011f\u0131na kadar birebir uyarlanan \u201cKaya Minik\u201d adl\u0131 karakter olarak \u00f6ne \u00e7\u0131k\u0131yor. Dizide KCK \u00fcyelerinin ad\u0131 CCK, Silivri ise Sivritepe olarak yans\u0131t\u0131l\u0131yor.<\/p>\n<p style=\"text-align: justify;\"><a href=\"http:\/\/www.gazeteport.com.tr\/GUNCEL\/NEWS\/GP_909770\" target=\"_blank\">Kaynak : GAZETEPORT<\/a><\/p>\n","protected":false},"excerpt":{"rendered":"<p style=\"text-align: justify;\">\n<p style=\"text-align: justify;\">Ergenekon savc\u0131s\u0131 Zekeriya \u00d6z\u2019\u00fcn g\u00f6revden al\u0131naca\u011f\u0131n\u0131 \u00f6nceden bilen Samanyolu TV\u2019deki &#8220;Kollama&#8221; adl\u0131 dizi, bir ay \u00f6nce de kaset skandal\u0131na de\u011finmi\u015f\u2026<\/p>\n<p style=\"text-align: justify;\">ANKARA- MHP\u2019yi sarsan kaset depremi konusunun bir ay \u00f6nce Samanyolu TV\u2019de yay\u0131nlanan bir dizide g\u00fcndeme geldi\u011fi belirlendi. \u2018\u2019Kollama\u2019\u2019 adl\u0131 dizinin 18 Mart\u2019ta yay\u0131nlanan 120. b\u00f6l\u00fcm\u00fcnde \u2018\u2019Kaset olaylar\u0131\u2019\u2019 konu <\/p>\n","protected":false},"author":1,"featured_media":0,"comment_status":"open","ping_status":"closed","sticky":false,"template":"","format":"standard","meta":{"footnotes":""},"categories":[105],"tags":[],"class_list":["post-33506","post","type-post","status-publish","format-standard","hentry","category-gundem","odd"],"_links":{"self":[{"href":"http:\/\/www.korhanyilmaz.com\/index.php?rest_route=\/wp\/v2\/posts\/33506","targetHints":{"allow":["GET"]}}],"collection":[{"href":"http:\/\/www.korhanyilmaz.com\/index.php?rest_route=\/wp\/v2\/posts"}],"about":[{"href":"http:\/\/www.korhanyilmaz.com\/index.php?rest_route=\/wp\/v2\/types\/post"}],"author":[{"embeddable":true,"href":"http:\/\/www.korhanyilmaz.com\/index.php?rest_route=\/wp\/v2\/users\/1"}],"replies":[{"embeddable":true,"href":"http:\/\/www.korhanyilmaz.com\/index.php?rest_route=%2Fwp%2Fv2%2Fcomments&post=33506"}],"version-history":[{"count":0,"href":"http:\/\/www.korhanyilmaz.com\/index.php?rest_route=\/wp\/v2\/posts\/33506\/revisions"}],"wp:attachment":[{"href":"http:\/\/www.korhanyilmaz.com\/index.php?rest_route=%2Fwp%2Fv2%2Fmedia&parent=33506"}],"wp:term":[{"taxonomy":"category","embeddable":true,"href":"http:\/\/www.korhanyilmaz.com\/index.php?rest_route=%2Fwp%2Fv2%2Fcategories&post=33506"},{"taxonomy":"post_tag","embeddable":true,"href":"http:\/\/www.korhanyilmaz.com\/index.php?rest_route=%2Fwp%2Fv2%2Ftags&post=33506"}],"curies":[{"name":"wp","href":"https:\/\/api.w.org\/{rel}","templated":true}]}}