{"id":33502,"date":"2011-05-25T08:04:24","date_gmt":"2011-05-25T05:04:24","guid":{"rendered":"http:\/\/www.korhanyilmaz.com\/?p=33502"},"modified":"2011-05-25T08:04:24","modified_gmt":"2011-05-25T05:04:24","slug":"cihanerden-efeye-yanit","status":"publish","type":"post","link":"http:\/\/www.korhanyilmaz.com\/?p=33502","title":{"rendered":"Cihaner&#8217;den &#8220;Efe&#8221;ye yan\u0131t"},"content":{"rendered":"<p style=\"text-align: justify;\"><a href=\"http:\/\/www.korhanyilmaz.com\/wp-content\/uploads\/2011\/05\/330.jpg\"  class=\"lightview\"><img loading=\"lazy\" decoding=\"async\" class=\"aligncenter size-full wp-image-33503\" src=\"http:\/\/www.korhanyilmaz.com\/wp-content\/uploads\/2011\/05\/330.jpg\" alt=\"\" width=\"414\" height=\"220\" \/><\/a><\/p>\n<p style=\"text-align: justify;\">&#8221;\u0130rtica ile M\u00fccadele Eylem Plan\u0131&#8221; davas\u0131nda verdi\u011fi ifadeyle eski Erzincan Cumhuriyet Ba\u015fsavc\u0131s\u0131 \u0130lhan Cihaner&#8217;i su\u00e7layan gizli tan\u0131k Efe&#8217;nin iddialar\u0131na Cihaner&#8217;den yan\u0131t geldi.<\/p>\n<p style=\"text-align: justify;\">Habert\u00fcrk gazetesi yazar\u0131 Bal\u00e7i\u00e7ek \u0130lter gizli tan\u0131\u011f\u0131n su\u00e7lamalar\u0131n\u0131 \u0130lhan Cihaner&#8217;e sordu. <!--more--><\/p>\n<p style=\"text-align: justify;\">\u0130\u015fte \u0130lter&#8217;in o yaz\u0131s\u0131:<\/p>\n<p style=\"text-align: justify;\">Eski Erzincan Cumhuriyet Ba\u015fsavc\u0131s\u0131 \u0130lhan Cihaner\u2019i arad\u0131m\u2026<\/p>\n<p style=\"text-align: justify;\">\u201cBa\u015fbakan\u2019\u0131 dinletmi\u015fsiniz!\u201d dedim. \u201cHatta O dinlemelerden ald\u0131\u011f\u0131n\u0131z bilgileri Kemal K\u0131l\u0131\u00e7daro\u011flu\u2019na vermi\u015fsiniz, o da meydanlarda bunlar\u0131 se\u00e7im malzemesi yap\u0131yormu\u015f. Do\u011fru mu?\u201d<\/p>\n<p style=\"text-align: justify;\">\u0130lhan Cihaner g\u00fcld\u00fc\u2026<\/p>\n<p style=\"text-align: justify;\">-\u00d6ncelikle \u015funu s\u00f6yleyeyim, Ba\u015fbakan\u2019\u0131 dinlemek, dinletmek su\u00e7tur. CMK\u2019n\u0131n 250\/3\u2019\u00fcne g\u00f6re yasama dokunulmazl\u0131\u011f\u0131 olan ki\u015fileri dinleyemezsiniz zaten. Hi\u00e7bir ba\u015fsavc\u0131 Ba\u015fbakan\u2019\u0131 dinleyemez, dinletemez. M\u00fcmk\u00fcn de\u011fil. \u00dcstelik Erzincan\u2019da g\u00f6rev yapt\u0131\u011f\u0131m s\u0131rada o kadar \u00e7ok soru\u015fturma, o kadar \u00e7ok m\u00fcfetti\u015f ara\u015ft\u0131rmas\u0131 ge\u00e7irdim ki\u2026 Her \u015fey ortada\u2026 Yap\u0131lan dinlemeler de ortada\u2026 Ben de\u011fil T\u0130B dinliyor zaten. \u00dcstelik bug\u00fcn \u201cEfe\u201d diye birini gizli tan\u0131k diye g\u00f6steriyorlar. Oysa yapt\u0131\u011f\u0131 b\u00fct\u00fcn su\u00e7lamalar\u0131n as\u0131ls\u0131z oldu\u011fu raporlara dahi girdi. Madem su\u00e7luyum niye hakk\u0131mda bu konuda soru\u015fturma bile yok? Komik olmas\u0131nlar! Ben Ba\u015fbakan\u2019\u0131 dinleyece\u011fim ve ellerinde b\u00f6yle bir veri olacak ve ben bu konumda olaca\u011f\u0131m!\u201d<\/p>\n<p style=\"text-align: justify;\">-Peki nereden \u00e7\u0131kar\u0131yorlar bunlar\u0131? Siz \u015f\u00fcphelileri dinlemediniz mi?<\/p>\n<p style=\"text-align: justify;\">-Evet. Kimin dinlenildi\u011fi apa\u00e7\u0131k ortadad\u0131r.<\/p>\n<p style=\"text-align: justify;\">-Dinledi\u011finiz ki\u015filerin bakanlarla konu\u015fmas\u0131 var m\u0131?<\/p>\n<p style=\"text-align: justify;\">-Evet.<\/p>\n<p style=\"text-align: justify;\">-Bu \u015f\u00fcphelilerin Ba\u015fbakan ile konu\u015fmalar\u0131 var m\u0131?<\/p>\n<p style=\"text-align: justify;\">-Evet.<\/p>\n<p style=\"text-align: justify;\">-O zaman Ba\u015fbakan\u2019\u0131 da Bakanlar\u0131 da dinletmi\u015f olmuyor musunuz? \u0130\u015fte buradan s\u00f6yl\u00fcyorlar herhalde bu su\u00e7lamalar\u0131.<\/p>\n<p style=\"text-align: justify;\">-Evet ama ben e\u011fer bir su\u00e7luyu dinletirken sizinle telefonda konu\u015fmu\u015fsa ve bu dinlemeye tak\u0131lm\u0131\u015fsa, ben sizi mi dinletmi\u015f oluyorum?<\/p>\n<p style=\"text-align: justify;\">-Yani sizin yasal dinlemelerinize baz\u0131 bakanlar ve Ba\u015fbakan da tak\u0131ld\u0131\u2026<\/p>\n<p style=\"text-align: justify;\">-Evet ama konu\u015fman\u0131n i\u00e7eri\u011finde su\u00e7 olup olmad\u0131\u011f\u0131n\u0131 bilmiyorum. Su\u00e7 olu\u015fturmayan konu\u015fmalar m\u0131, tersi mi bilemem.<\/p>\n<p style=\"text-align: justify;\">-\u201cGizli tan\u0131k Efe\u2019nin ifadesi zaten rapora bile girmedi diyorsunuz, soru\u015fturmalar ge\u00e7irdim hakk\u0131mda dinlemelerle ilgili dava bile a\u00e7mad\u0131lar\u201d diyorsunuz. Peki niye bug\u00fcn bu konu tekrar g\u00fcndeme geldi?<\/p>\n<p style=\"text-align: justify;\">-Denizli\u2019de i\u015fler yolunda da ondan. Burada baz\u0131 ki\u015filer CHP gelecek namaz k\u0131lman\u0131z\u0131 engelleyecek, \u0130lhan Cihaner \u201cKafes Plan\u0131\u201dn\u0131n bir par\u00e7as\u0131 diye anlat\u0131yor. Ben \u201cKafes Plan\u0131\u201dn\u0131n iddianamesinde bile de\u011filim. Ortada apa\u00e7\u0131k bir kaset komplosu, dinlemeler, g\u00f6zlemeler varken benim Ba\u015fbakan\u2019\u0131 dinletti\u011fim iddias\u0131 sadece g\u00fcl\u00fcn\u00e7. Cevap vermeye bile de\u011fmez asl\u0131nda.<\/p>\n<p style=\"text-align: justify;\">\u0130lhan Cihaner\u2019in s\u00f6ylediklerinin bir \u00f6zetini sizlere aktard\u0131m.<\/p>\n<p style=\"text-align: justify;\"><a href=\"http:\/\/www.gazeteport.com.tr\/GUNCEL\/NEWS\/GP_910099\" target=\"_blank\">Kaynak : GAZETEPORT<\/a><\/p>\n","protected":false},"excerpt":{"rendered":"<p style=\"text-align: justify;\">\n<p style=\"text-align: justify;\">&#8221;\u0130rtica ile M\u00fccadele Eylem Plan\u0131&#8221; davas\u0131nda verdi\u011fi ifadeyle eski Erzincan Cumhuriyet Ba\u015fsavc\u0131s\u0131 \u0130lhan Cihaner&#8217;i su\u00e7layan gizli tan\u0131k Efe&#8217;nin iddialar\u0131na Cihaner&#8217;den yan\u0131t geldi.<\/p>\n<p style=\"text-align: justify;\">Habert\u00fcrk gazetesi yazar\u0131 Bal\u00e7i\u00e7ek \u0130lter gizli tan\u0131\u011f\u0131n su\u00e7lamalar\u0131n\u0131 \u0130lhan Cihaner&#8217;e sordu. <\/p>\n","protected":false},"author":1,"featured_media":0,"comment_status":"open","ping_status":"closed","sticky":false,"template":"","format":"standard","meta":{"footnotes":""},"categories":[105],"tags":[],"class_list":["post-33502","post","type-post","status-publish","format-standard","hentry","category-gundem","odd"],"_links":{"self":[{"href":"http:\/\/www.korhanyilmaz.com\/index.php?rest_route=\/wp\/v2\/posts\/33502","targetHints":{"allow":["GET"]}}],"collection":[{"href":"http:\/\/www.korhanyilmaz.com\/index.php?rest_route=\/wp\/v2\/posts"}],"about":[{"href":"http:\/\/www.korhanyilmaz.com\/index.php?rest_route=\/wp\/v2\/types\/post"}],"author":[{"embeddable":true,"href":"http:\/\/www.korhanyilmaz.com\/index.php?rest_route=\/wp\/v2\/users\/1"}],"replies":[{"embeddable":true,"href":"http:\/\/www.korhanyilmaz.com\/index.php?rest_route=%2Fwp%2Fv2%2Fcomments&post=33502"}],"version-history":[{"count":0,"href":"http:\/\/www.korhanyilmaz.com\/index.php?rest_route=\/wp\/v2\/posts\/33502\/revisions"}],"wp:attachment":[{"href":"http:\/\/www.korhanyilmaz.com\/index.php?rest_route=%2Fwp%2Fv2%2Fmedia&parent=33502"}],"wp:term":[{"taxonomy":"category","embeddable":true,"href":"http:\/\/www.korhanyilmaz.com\/index.php?rest_route=%2Fwp%2Fv2%2Fcategories&post=33502"},{"taxonomy":"post_tag","embeddable":true,"href":"http:\/\/www.korhanyilmaz.com\/index.php?rest_route=%2Fwp%2Fv2%2Ftags&post=33502"}],"curies":[{"name":"wp","href":"https:\/\/api.w.org\/{rel}","templated":true}]}}