{"id":33490,"date":"2011-05-24T21:39:53","date_gmt":"2011-05-24T18:39:53","guid":{"rendered":"http:\/\/www.korhanyilmaz.com\/?p=33490"},"modified":"2011-05-24T21:39:53","modified_gmt":"2011-05-24T18:39:53","slug":"rauf-denktas-hastaneye-kaldirildi","status":"publish","type":"post","link":"http:\/\/www.korhanyilmaz.com\/?p=33490","title":{"rendered":"Rauf Denkta\u015f hastaneye kald\u0131r\u0131ld\u0131"},"content":{"rendered":"<p style=\"text-align: center;\"><a href=\"http:\/\/www.korhanyilmaz.com\/wp-content\/uploads\/2011\/05\/328.jpg\"  class=\"lightview\"><img loading=\"lazy\" decoding=\"async\" class=\"aligncenter size-full wp-image-33491\" src=\"http:\/\/www.korhanyilmaz.com\/wp-content\/uploads\/2011\/05\/328.jpg\" alt=\"\" width=\"237\" height=\"225\" \/><\/a><\/p>\n<p style=\"text-align: justify;\">Kuzey K\u0131br\u0131s T\u00fcrk Cumhuriyeti&#8217;nin (KKTC) Birinci Cumhurba\u015fkan\u0131 Rauf Denkta\u015f, y\u00fcksek tansiyon rahats\u0131zl\u0131\u011f\u0131 nedeniyle hastaneye kald\u0131r\u0131ld\u0131.<\/p>\n<p style=\"text-align: justify;\">Lefko\u015fa&#8217;da Doktor Burhan Nalbanto\u011flu devlet hastanesine kald\u0131r\u0131lan Denkta\u015f, daha sonra Yak\u0131n Do\u011fu \u00dcniversitesi Hastanesi&#8217;ne nakledildi. <!--more--><\/p>\n<p style=\"text-align: justify;\">Yak\u0131n Do\u011fu \u00dcniversitesi (YD\u00dc) Hastanesi Ba\u015fhekim Yard\u0131mc\u0131s\u0131 Prof. Dr. Erkan Kaptano\u011flu, YD\u00dc Hastanesi Ba\u015fhekimi Sevim Erkmen ve o\u011flu Serdar Denkta\u015f&#8217;la birlikte bas\u0131n toplant\u0131s\u0131 d\u00fczenledi.<\/p>\n<p style=\"text-align: justify;\">Kaptano\u011flu, 1. Cumhurba\u015fkan\u0131 Denkta\u015f&#8217;\u0131n, saat 17.30 s\u0131ralar\u0131nda beyine p\u0131ht\u0131 atmas\u0131 sonucu bir rahats\u0131zl\u0131k ge\u00e7irdi\u011fini, tedavisi \u00f6ncesinde tomografi, MR ve di\u011fer tetkiklerin yap\u0131ld\u0131\u011f\u0131n\u0131, bunlar neticesinde beyinde bir miktar t\u0131kan\u0131kl\u0131k tespit edilerek tedavisine ba\u015fland\u0131\u011f\u0131n\u0131 ve \u015fu anda tedavisinin devam etti\u011fini s\u00f6yledi.<\/p>\n<p style=\"text-align: justify;\">Hayati tehlike riski olup olmad\u0131\u011f\u0131n\u0131n sorulmas\u0131 \u00fczerine Kaptano\u011flu, &#8220;Beyin kanamalar\u0131n\u0131n hepsinde risk var. Genel durumu olduk\u00e7a stabil&#8221; dedi.<\/p>\n<p style=\"text-align: justify;\">Tetkikler yap\u0131ld\u0131ktan sonra bir a\u00e7\u0131klama daha yapan Kaptano\u011flu, Denkta\u015f&#8217;\u0131n YD\u00dc Hastanesi&#8217;ne gelmesinin ard\u0131ndan yap\u0131lan tetkiklerde beyinde kanama olmad\u0131\u011f\u0131n\u0131n tespit edildi\u011fini, bunun \u00fczerine kan suland\u0131r\u0131c\u0131 kulland\u0131klar\u0131n\u0131 s\u00f6yledi.<\/p>\n<p style=\"text-align: justify;\">Erkan Kaptano\u011flu, &#8220;N\u00f6rolojik durumu daha iyiye gitti. Kollar\u0131 oynamakta. Hareket etmekte. \u015euuru a\u00e7\u0131k. Ama dalg\u0131nl\u0131k var. Durumu iyiye gitmektedir&#8221; diye konu\u015ftu.<\/p>\n<p style=\"text-align: justify;\">Denkta\u015f&#8217;a yap\u0131lan anjiyoda ana damar\u0131n\u0131n a\u00e7\u0131ld\u0131\u011f\u0131n\u0131 ve cerrahi m\u00fcdahaleye gerek kalmad\u0131\u011f\u0131n\u0131 a\u00e7\u0131klayan Kaptano\u011flu, \u015funlar\u0131 kaydetti: &#8220;Durumu iyiye do\u011fru seyretmeye ba\u015flad\u0131. Bug\u00fcn\u00fc ge\u00e7irmemiz gerekiyor.&#8221;<\/p>\n<p style=\"text-align: justify;\">Ba\u015fhekim Yard\u0131mc\u0131s\u0131 Kaptano\u011flu bir soruya kar\u015f\u0131l\u0131k, Denkta\u015f&#8217;\u0131n T\u00fcrkiye&#8217;ye kald\u0131r\u0131lmas\u0131na gerek olmad\u0131\u011f\u0131n\u0131, gerekli tedavinin burada s\u00fcrd\u00fcr\u00fclmekte oldu\u011funu s\u00f6zlerine ekledi.<\/p>\n<p style=\"text-align: justify;\"><strong>&#8220;Hayati tehlikesi yok&#8221;<\/strong><\/p>\n<p style=\"text-align: justify;\">Rauf Denkta\u015f&#8217;\u0131n o\u011flu, Demokrat Parti (DP) Genel Ba\u015fkan\u0131 Serdar Denkta\u015f, Rauf Denkta\u015f&#8217;\u0131n &#8220;durumunun ciddi oldu\u011funu, ama hayati tehlikesinin bulunmad\u0131\u011f\u0131n\u0131&#8221; a\u00e7\u0131klad\u0131.<\/p>\n<p style=\"text-align: justify;\">Rauf Denkta\u015f&#8217;\u0131n Yak\u0131n Do\u011fu \u00dcniversitesi (YD\u00dc) Hastanesi&#8217;ndeki tetkiklerinin tamamlanmas\u0131n\u0131n ard\u0131ndan bas\u0131na a\u00e7\u0131klama yapan Serdar Denkta\u015f, doktorlar ile ailesinin bir bas\u0131n toplant\u0131s\u0131 d\u00fczenleyerek bilgi vereceklerini s\u00f6yledi ve bas\u0131ndan sab\u0131rl\u0131 olmalar\u0131n\u0131 istedi.<\/p>\n<p style=\"text-align: justify;\">Denkta\u015f&#8217;\u0131 hastanede ziyaret eden KKTC Cumhurba\u015fkan\u0131 Dervi\u015f Ero\u011flu da &#8220;\u015eu anda yo\u011fun bak\u0131mda olup, ilk hastaneye geldi\u011fine g\u00f6re m\u00fcspet y\u00f6nde, olumlu y\u00f6nde bir geli\u015fme olmu\u015ftur. Konu\u015fabilmektedir ve sol elini, sol aya\u011f\u0131n\u0131 oynatabilmektedir. Dolay\u0131s\u0131yla iyiye do\u011fru bir gidi\u015f vard\u0131r. Temennimiz, yar\u0131n sabaha kadar ald\u0131\u011f\u0131 ve alaca\u011f\u0131 ila\u00e7larla p\u0131ht\u0131n\u0131n daha da k\u00fc\u00e7\u00fclece\u011fi ve fonksiyonlar\u0131n daha da m\u00fckemmel \u015fekle d\u00f6n\u00fc\u015febilece\u011fi \u015feklindedir. Tabi ki doktorlar\u0131m\u0131z temkinli konu\u015fuyorlar, ama ilk andaki risk bize g\u00f6re azalm\u0131\u015f bir vaziyettedir. Yar\u0131na, daha iyi bir noktada Say\u0131n Cumhurba\u015fkan\u0131m\u0131z\u0131 g\u00f6rebilece\u011fimize inan\u0131yoruz&#8221; dedi.<\/p>\n<p style=\"text-align: justify;\"><strong>Ziyaret\u00e7iler<\/strong><\/p>\n<p style=\"text-align: justify;\">Bu arada Cumhurba\u015fkan\u0131 Dervi\u015f Ero\u011flu ve e\u015fi Meral Ero\u011flu, KKTC&#8217;nin 2. Cumhurba\u015fkan\u0131 Mehmet Ali Talat, K\u0131br\u0131s T\u00fcrk Bar\u0131\u015f Kuvvetleri Komutan\u0131 Korgeneral Adem Huduti, KKTC G\u00fcvenlik Kuvvetleri Komutan\u0131 T\u00fcmgeneral Mehmet Daysal, baz\u0131 bakan ve milletvekilleri ve haberi duyan di\u011fer yetkililer de Yak\u0131n Do\u011fu Hastanesi&#8217;ne geldi.<\/p>\n<p style=\"text-align: justify;\"><a href=\"http:\/\/www.cnnturk.com\/2011\/dunya\/05\/24\/rauf.denktas.hastaneye.kaldirildi\/617806.0\/index.html\" target=\"_blank\">Kaynak : CNN T\u00dcRK<\/a><\/p>\n","protected":false},"excerpt":{"rendered":"<p style=\"text-align: center;\">\n<p style=\"text-align: justify;\">Kuzey K\u0131br\u0131s T\u00fcrk Cumhuriyeti&#8217;nin (KKTC) Birinci Cumhurba\u015fkan\u0131 Rauf Denkta\u015f, y\u00fcksek tansiyon rahats\u0131zl\u0131\u011f\u0131 nedeniyle hastaneye kald\u0131r\u0131ld\u0131.<\/p>\n<p style=\"text-align: justify;\">Lefko\u015fa&#8217;da Doktor Burhan Nalbanto\u011flu devlet hastanesine kald\u0131r\u0131lan Denkta\u015f, daha sonra Yak\u0131n Do\u011fu \u00dcniversitesi Hastanesi&#8217;ne nakledildi. <\/p>\n","protected":false},"author":1,"featured_media":0,"comment_status":"open","ping_status":"closed","sticky":false,"template":"","format":"standard","meta":{"footnotes":""},"categories":[105],"tags":[],"class_list":["post-33490","post","type-post","status-publish","format-standard","hentry","category-gundem","odd"],"_links":{"self":[{"href":"http:\/\/www.korhanyilmaz.com\/index.php?rest_route=\/wp\/v2\/posts\/33490","targetHints":{"allow":["GET"]}}],"collection":[{"href":"http:\/\/www.korhanyilmaz.com\/index.php?rest_route=\/wp\/v2\/posts"}],"about":[{"href":"http:\/\/www.korhanyilmaz.com\/index.php?rest_route=\/wp\/v2\/types\/post"}],"author":[{"embeddable":true,"href":"http:\/\/www.korhanyilmaz.com\/index.php?rest_route=\/wp\/v2\/users\/1"}],"replies":[{"embeddable":true,"href":"http:\/\/www.korhanyilmaz.com\/index.php?rest_route=%2Fwp%2Fv2%2Fcomments&post=33490"}],"version-history":[{"count":0,"href":"http:\/\/www.korhanyilmaz.com\/index.php?rest_route=\/wp\/v2\/posts\/33490\/revisions"}],"wp:attachment":[{"href":"http:\/\/www.korhanyilmaz.com\/index.php?rest_route=%2Fwp%2Fv2%2Fmedia&parent=33490"}],"wp:term":[{"taxonomy":"category","embeddable":true,"href":"http:\/\/www.korhanyilmaz.com\/index.php?rest_route=%2Fwp%2Fv2%2Fcategories&post=33490"},{"taxonomy":"post_tag","embeddable":true,"href":"http:\/\/www.korhanyilmaz.com\/index.php?rest_route=%2Fwp%2Fv2%2Ftags&post=33490"}],"curies":[{"name":"wp","href":"https:\/\/api.w.org\/{rel}","templated":true}]}}