{"id":33486,"date":"2011-05-24T19:34:45","date_gmt":"2011-05-24T16:34:45","guid":{"rendered":"http:\/\/www.korhanyilmaz.com\/?p=33486"},"modified":"2011-05-24T19:34:45","modified_gmt":"2011-05-24T16:34:45","slug":"bahceli-niye-cekip-gitmiyorsun","status":"publish","type":"post","link":"http:\/\/www.korhanyilmaz.com\/?p=33486","title":{"rendered":"Bah\u00e7eli: &#8220;Niye \u00e7ekip gitmiyorsun?&#8221;"},"content":{"rendered":"<p style=\"text-align: justify;\"><a href=\"http:\/\/www.korhanyilmaz.com\/wp-content\/uploads\/2011\/05\/326.jpg\"  class=\"lightview\"><img loading=\"lazy\" decoding=\"async\" class=\"aligncenter size-full wp-image-33487\" src=\"http:\/\/www.korhanyilmaz.com\/wp-content\/uploads\/2011\/05\/326.jpg\" alt=\"\" width=\"307\" height=\"236\" \/><\/a><\/p>\n<p style=\"text-align: justify;\">MHP Genel Ba\u015fkan\u0131 Devlet Bah\u00e7eli, &#8220;Say\u0131n Ba\u015fbakan niye \u0131srar ediyorsun? Niye \u00e7ekip gitmiyorsun? Suriye&#8217;ye, Libya&#8217;ya &#8216;\u00c7ekilin&#8217; demeyi biliyorsun da onun e\u015fi\u011fine getirdi\u011fin T\u00fcrkiye&#8217;de o felaketler ya\u015fanmadan niye sen \u00e7ekip gitmiyorsun?&#8221; dedi. <!--more--><\/p>\n<p style=\"text-align: justify;\">Bah\u00e7eli, partisinin \u00d6zay G\u00f6nl\u00fcm Meydan\u0131&#8217;ndaki mitinginde yapt\u0131\u011f\u0131 konu\u015fmada, T\u00fcrkiye&#8217;nin \u00f6nemli sorunlar\u0131 oldu\u011funu, bin y\u0131ll\u0131k karde\u015fli\u011fin, vatan\u0131n b\u00fct\u00fcnl\u00fc\u011f\u00fcn\u00fcn, milli devlet, \u00fcniter yap\u0131n\u0131n tehlikede oldu\u011funu, \u00fclkenin kamplara ayr\u0131ld\u0131\u011f\u0131n\u0131 savunarak, &#8220;Bunlar\u0131n bir tanesini kendileri temsil etmi\u015f oluyor, geri kalanlar\u0131n hepsini de ba\u015fka kamp\u0131n i\u00e7erisine sokarak televizyonlarda sa\u011flad\u0131\u011f\u0131 g\u00fc\u00e7le bir ma\u011fduriyet ve masumiyet rol\u00fc oynayarak, milletimizi aldatmaya, kand\u0131rmaya \u00e7al\u0131\u015f\u0131yorlar. Adalet ve Kalk\u0131nma Partisi ismini de\u011fi\u015ftirmi\u015f, \u015fimdi ki ad\u0131 Aldatma ve Kand\u0131rma Partisi&#8217;dir&#8221; dedi.<\/p>\n<p style=\"text-align: justify;\">Mitingin tamam\u0131nda Ba\u015fbakan Recep Tayyip Erdo\u011fan&#8217;a y\u00fcklenen Bah\u00e7eli, &#8220;Diyor ki kendisine rol bi\u00e7mi\u015f. &#8216;Ben \u00e7\u0131rakl\u0131k d\u00f6nemini, kalfal\u0131k d\u00f6nemini tamamlad\u0131m. 3. d\u00f6nemim ustal\u0131k d\u00f6nemi oluyor&#8217; diyor. Say\u0131n ba\u015fbakan milleti aldatmay\u0131n\u0131z. Her zaman yalan s\u00f6ylemeyiniz&#8221; dedi.<\/p>\n<p style=\"text-align: justify;\">Milletin saf ve temiz oldu\u011funu, T\u00fcrkiye Cumhuriyeti&#8217;ni y\u00f6netenlere inand\u0131\u011f\u0131n\u0131 belirten Devlet Bah\u00e7eli, konu\u015fmas\u0131n\u0131 \u015f\u00f6yle s\u00fcrd\u00fcrd\u00fc: &#8220;Saniyen ona destek verir. Ama salisen yalan\u0131 yakalarsa yere \u00e7almay\u0131 da bilir. 2002-2007 aras\u0131n\u0131 \u00e7\u0131rakl\u0131k kabul ediyorsan, \u00e7\u0131rakl\u0131\u011f\u0131n bir felaket. Nedir \u00e7\u0131rakl\u0131k d\u00f6neminde yapt\u0131\u011f\u0131n? Teslimiyet\u00e7i politika takip ediyorsun. Ekonomide &#8216;Sat-Kurtul&#8217;, milli meselelerde &#8216;Ver-Kurtul&#8217;cusun ve yak\u0131nlar\u0131nla, hanedanlar\u0131nla, i\u015fbirlik\u00e7ilerinle kazan-kazan oyuncususun. Bu d\u00f6nemin \u00e7\u0131rakl\u0131k de\u011fil gaflet d\u00f6nemidir say\u0131n Ba\u015fbakan. 2007-2011 aras\u0131ysa sizin kalfal\u0131k d\u00f6nemi say\u0131lamaz.<\/p>\n<p style=\"text-align: justify;\">E\u011fer kalfal\u0131k d\u00f6nemini bu tarihi hatalar olarak ifade etmeye \u00e7al\u0131\u015f\u0131yorsan, sen \u015fimdi kalfa de\u011fil, dalalet d\u00f6nemini ya\u015f\u0131yorsun. Bu d\u00f6nemde ne oluyor? 1 A\u011fustos 2009&#8217;da demokratik a\u00e7\u0131l\u0131m z\u0131rvas\u0131yla T\u00fcrkiye&#8217;yi y\u0131k\u0131ma g\u00f6t\u00fcr\u00fcyorsun ve T\u00fcrkiye&#8217;de etnik tart\u0131\u015fmay\u0131 k\u00f6r\u00fckl\u00fcyorsun. T\u00fcrkiye&#8217;de inan\u00e7 temelinde bir ayr\u0131\u015fmay\u0131 k\u0131\u015fk\u0131rt\u0131yorsun ve gelece\u011fi b\u00f6l\u00fcnmeye haz\u0131r bir hale gelen bir T\u00fcrkiye&#8217;yi ortaya koyuyorsun. Demek ki birinci d\u00f6nemin gaflet, ikinci d\u00f6nemin dalalet olmu\u015ftur. \u015eimdi 3. d\u00f6nemi ustal\u0131k d\u00f6nemi olarak d\u00fc\u015f\u00fcn\u00fcyorsun.<\/p>\n<p style=\"text-align: justify;\">Ama ustal\u0131k d\u00f6nemindeki en b\u00fcy\u00fck hatan, vatanda\u015f\u0131n bilmedi\u011fi nas\u0131l bir anayasayla kar\u015f\u0131la\u015faca\u011f\u0131 \u015f\u00fcphesi olan, &#8217;12 Haziranda 3. d\u00f6nem iktidar olursam o zaman Anayasa&#8217;y\u0131 yeniden yazaca\u011f\u0131m, bu anayasa ileri demokrasi olacak, \u00f6zg\u00fcrl\u00fck olacak&#8217; diyerek ABD&#8217;nin y\u00f6nlendirmesi, AB&#8217;nin ilerleme raporlar\u0131ndaki dayatmalar\u0131, PKK&#8217;n\u0131n demokratik kongrede ald\u0131\u011f\u0131 kararlar, \u0130mral\u0131 canisinin 154 maddelik yol haritas\u0131, PKK&#8217;n\u0131n b\u00fct\u00fcn bas\u0131n arac\u0131l\u0131\u011f\u0131yla ortaya koymu\u015f oldu\u011fu taleplerle \u00f6rt\u00fc\u015fen bir anayasayla millet huzuruna geleceksen bu d\u00f6nem ustal\u0131k d\u00f6nemi de\u011fil, Allah muhafaza ihanet d\u00f6nemi olacakt\u0131r.&#8221;<\/p>\n<p style=\"text-align: justify;\"><strong>&#8220;Niye \u00e7ekip gitmiyorsun?&#8221;<\/strong><\/p>\n<p style=\"text-align: justify;\">12 Haziran&#8217;da iktidara &#8220;dur&#8221; deme zaman\u0131n\u0131n geldi\u011fini dile getiren Bah\u00e7eli, &#8220;Bu felakete &#8216;dur&#8217; diyelim. Yoksa bin y\u0131ll\u0131k karde\u015fli\u011fin tart\u0131\u015f\u0131ld\u0131\u011f\u0131, b\u00f6l\u00fcnmenin e\u015fi\u011fine gelmi\u015f yeni T\u00fcrkiye uydurmas\u0131yla b\u00f6l\u00fcnen bir T\u00fcrkiye&#8217;yi arzulayanlara bu \u00fclkeyi pe\u015fke\u015f \u00e7ekemeyiz. Bunun vebali y\u00fcksektir&#8221; dedi.<\/p>\n<p style=\"text-align: justify;\">\u0130ktidar\u0131n \u00e7\u0131ld\u0131rm\u0131\u015f oldu\u011funu, \u00e7\u0131lg\u0131n projelerle milleti aldatt\u0131\u011f\u0131n\u0131 \u00f6ne s\u00fcren Bah\u00e7eli, konu\u015fmas\u0131n\u0131 \u015f\u00f6yle s\u00fcrd\u00fcrd\u00fc: &#8220;Anayasa de\u011fi\u015fikli\u011fiyle kand\u0131rmaya \u00e7al\u0131\u015f\u0131yor. 3. d\u00f6nem iktidar\u0131n\u0131 \u0131srarla istiyor. Yapaca\u011f\u0131 bir \u015fey kalmam\u0131\u015f, t\u00fckenmi\u015f, y\u0131pranm\u0131\u015f bir iktidar\u0131n 3. d\u00f6nemde hi\u00e7 s\u00f6yleyecek s\u00f6z\u00fc yok. Ama say\u0131n Ba\u015fbakan niye bunda \u0131srar ediyorsun? Niye \u00e7ekip gitmiyorsun? Suriye&#8217;ye, Libya&#8217;ya &#8216;\u00c7ekilin&#8217; demeyi biliyorsun da onun e\u015fi\u011fine getirdi\u011fin T\u00fcrkiye&#8217;de o felaketler ya\u015fanmadan niye sen \u00e7ekip gitmiyorsun?<\/p>\n<p style=\"text-align: justify;\">\u00c7\u00fcnk\u00fc korkuyorsun say\u0131n Ba\u015fbakan. Geceleri uykular\u0131nda kabus g\u00f6r\u00fcyorsun. &#8216;\u0130ktidar olamazsam bozkurtlar beni y\u00fcce divana mutlaka g\u00f6nderir&#8217; diyorsun. Onun i\u00e7in de bozkurtlara her t\u00fcrl\u00fc ahlaks\u0131zca sald\u0131r\u0131larda bulunuyorsun. \u00c7\u00fcnk\u00fc Milliyet\u00e7i Hareket var oldu\u011fu s\u00fcrece, sen ebed m\u00fcddet bu milleti devleti yok edemezsin, b\u00f6lemezsin. Onun i\u00e7in bu sevdadan, bu karanl\u0131k d\u00fcnyadan kendini kurtar, milletin ger\u00e7e\u011fine d\u00f6n.&#8221;<\/p>\n<p style=\"text-align: justify;\"><a href=\"http:\/\/www.cnnturk.com\/2011\/turkiye\/05\/24\/bahceli.niye.cekip.gitmiyorsun\/617808.0\/index.html\" target=\"_blank\">Kaynak : CNN T\u00dcRK<\/a><\/p>\n","protected":false},"excerpt":{"rendered":"<p style=\"text-align: justify;\">\n<p style=\"text-align: justify;\">MHP Genel Ba\u015fkan\u0131 Devlet Bah\u00e7eli, &#8220;Say\u0131n Ba\u015fbakan niye \u0131srar ediyorsun? Niye \u00e7ekip gitmiyorsun? Suriye&#8217;ye, Libya&#8217;ya &#8216;\u00c7ekilin&#8217; demeyi biliyorsun da onun e\u015fi\u011fine getirdi\u011fin T\u00fcrkiye&#8217;de o felaketler ya\u015fanmadan niye sen \u00e7ekip gitmiyorsun?&#8221; dedi. <\/p>\n","protected":false},"author":1,"featured_media":0,"comment_status":"open","ping_status":"closed","sticky":false,"template":"","format":"standard","meta":{"footnotes":""},"categories":[105],"tags":[],"class_list":["post-33486","post","type-post","status-publish","format-standard","hentry","category-gundem","odd"],"_links":{"self":[{"href":"http:\/\/www.korhanyilmaz.com\/index.php?rest_route=\/wp\/v2\/posts\/33486","targetHints":{"allow":["GET"]}}],"collection":[{"href":"http:\/\/www.korhanyilmaz.com\/index.php?rest_route=\/wp\/v2\/posts"}],"about":[{"href":"http:\/\/www.korhanyilmaz.com\/index.php?rest_route=\/wp\/v2\/types\/post"}],"author":[{"embeddable":true,"href":"http:\/\/www.korhanyilmaz.com\/index.php?rest_route=\/wp\/v2\/users\/1"}],"replies":[{"embeddable":true,"href":"http:\/\/www.korhanyilmaz.com\/index.php?rest_route=%2Fwp%2Fv2%2Fcomments&post=33486"}],"version-history":[{"count":0,"href":"http:\/\/www.korhanyilmaz.com\/index.php?rest_route=\/wp\/v2\/posts\/33486\/revisions"}],"wp:attachment":[{"href":"http:\/\/www.korhanyilmaz.com\/index.php?rest_route=%2Fwp%2Fv2%2Fmedia&parent=33486"}],"wp:term":[{"taxonomy":"category","embeddable":true,"href":"http:\/\/www.korhanyilmaz.com\/index.php?rest_route=%2Fwp%2Fv2%2Fcategories&post=33486"},{"taxonomy":"post_tag","embeddable":true,"href":"http:\/\/www.korhanyilmaz.com\/index.php?rest_route=%2Fwp%2Fv2%2Ftags&post=33486"}],"curies":[{"name":"wp","href":"https:\/\/api.w.org\/{rel}","templated":true}]}}