{"id":33483,"date":"2011-05-24T18:16:49","date_gmt":"2011-05-24T15:16:49","guid":{"rendered":"http:\/\/www.korhanyilmaz.com\/?p=33483"},"modified":"2011-05-24T18:16:49","modified_gmt":"2011-05-24T15:16:49","slug":"cihanerin-3-hedefi-vardi","status":"publish","type":"post","link":"http:\/\/www.korhanyilmaz.com\/?p=33483","title":{"rendered":"&#8220;Cihaner&#8217;in 3 hedefi vard\u0131&#8221;"},"content":{"rendered":"<p style=\"text-align: justify;\"><a href=\"http:\/\/www.korhanyilmaz.com\/wp-content\/uploads\/2011\/05\/327.jpg\"  class=\"lightview\"><img loading=\"lazy\" decoding=\"async\" class=\"aligncenter size-full wp-image-33484\" src=\"http:\/\/www.korhanyilmaz.com\/wp-content\/uploads\/2011\/05\/327.jpg\" alt=\"\" width=\"414\" height=\"220\" \/><\/a><\/p>\n<p style=\"text-align: justify;\">&#8221;\u0130rtica ile M\u00fccadele Eylem Plan\u0131&#8221; davas\u0131nda ifade veren gizli tan\u0131k &#8221;Efe&#8221;, &#8221;eski Erzincan Cumhuriyet Ba\u015fsavc\u0131s\u0131 \u0130lhan Cihaner, \u00e7e\u015fitli cemaatlerin liderlerinin yan\u0131 s\u0131ra, ayn\u0131 zamanda Ba\u015fbakan\u0131 ve bakanlar\u0131 da hukuksuz, gayriresmi olarak dinliyordu&#8221; dedi.<\/p>\n<p style=\"text-align: justify;\">Eski Star Gazetesi Yazar\u0131 ve AK Parti Gaziantep milletvekili aday\u0131 \u015eamil Tayyar, gizli tan\u0131k &#8220;Efe&#8221;nin Silivri&#8217;deki Ergenekon mahkemesinde anlatt\u0131klar\u0131n\u0131 Denizli&#8217;ye yapt\u0131\u011f\u0131 se\u00e7im gezisinde anlatt\u0131.<!--more--><\/p>\n<p style=\"text-align: justify;\">\u0130STANBUL &#8211; \u0130stanbul 13. A\u011f\u0131r Ceza Mahkemesince Silivri Ceza \u0130nfaz Kurumlar\u0131 Yerle\u015fkesi&#8217;ndeki salonda g\u00f6r\u00fclen d\u00fcnk\u00fc oturumda mahkeme heyeti, duru\u015fma salonunda ifade vermek istemesi \u00fczerine gizli tan\u0131k &#8221;Efe&#8221;nin s\u00f6zl\u00fc ve yaz\u0131l\u0131 beyanlar\u0131 ve CMK&#8217;n\u0131n 58 ve 187. maddeleriyle Tan\u0131k Koruma Yasas\u0131&#8217;n\u0131n ilgili maddeleri dikkate al\u0131narak, kapal\u0131 oturumda dinleyiciler ve bas\u0131n mensuplar\u0131 \u00e7\u0131kar\u0131larak dinlenilmesine karar verdi.<\/p>\n<p style=\"text-align: justify;\">Mahkeme heyeti, bu dinlenme s\u0131ras\u0131nda kimli\u011fi hakk\u0131nda yaln\u0131zca &#8221;Gizli Tan\u0131k Efe&#8221; tabirinin kullan\u0131lmas\u0131na ve dinlendikten sonra da sadece bu tabir kullan\u0131larak yay\u0131n yap\u0131labilece\u011fine, a\u00e7\u0131k kimli\u011finin her ne \u015fekilde olursa olsun a\u00e7\u0131klanmas\u0131yla ilgili yay\u0131n yasa\u011f\u0131 konulmas\u0131na, aksine hareket edenler hakk\u0131nda yasal i\u015flem yap\u0131laca\u011f\u0131na h\u00fckmetti.<\/p>\n<p style=\"text-align: justify;\">Karar uyar\u0131nca bas\u0131n mensuplar\u0131 ve izleyicilerin \u00e7\u0131kmas\u0131n\u0131n ard\u0131ndan duru\u015fma salonuna al\u0131nan gizli tan\u0131k &#8221;Efe&#8221;, burada hangi kamu kurumunda ne g\u00f6rev yapt\u0131\u011f\u0131n\u0131 s\u00f6yleyece\u011fini ifade ederek, bunu s\u00f6ylememesi durumunda s\u00f6yleyeceklerinin y\u00fczde 50&#8217;sinin eksik kalaca\u011f\u0131n\u0131 kaydetti.<\/p>\n<p style=\"text-align: justify;\">Eski Erzincan Cumhuriyet Savc\u0131s\u0131 \u0130lhan Cihaner ile ailece haftada birka\u00e7 defa g\u00f6r\u00fc\u015ft\u00fc\u011f\u00fcn\u00fc s\u00f6yleyen gizli tan\u0131k &#8221;Efe&#8221;, av merak\u0131 oldu\u011funu, Erzincan \u0130stihbarat \u015eube M\u00fcd\u00fcr\u00fc ve alt\u0131ndaki \u00e7al\u0131\u015fanlar\u0131, 3. Ordu Komutanl\u0131\u011f\u0131nda g\u00f6revli albaylar\u0131, komutanlar\u0131, bu merak\u0131ndan dolay\u0131 girdikleri ili\u015fki nedeniyle tan\u0131d\u0131\u011f\u0131n\u0131 anlatt\u0131.<\/p>\n<p style=\"text-align: justify;\">Erzincan&#8217;a gitti\u011finde, buraya tayin edilen b\u00fct\u00fcn \u00fcst d\u00fczey b\u00fcrokratlar\u0131n, bir ama\u00e7 do\u011frultusunda oraya tayin edildi\u011fini bizzat g\u00f6rd\u00fc\u011f\u00fcn\u00fc anlatan gizli tan\u0131k &#8221;Efe&#8221;, \u015funlar\u0131 s\u00f6yledi:<\/p>\n<p style=\"text-align: justify;\">&#8221;\u00c7\u00fcnk\u00fc ben o grubun i\u00e7erisindeydim, bir\u00e7ok \u015feye \u015fahit oldum. Kayda ald\u0131m, almam gerekiyordu ve bunu da daha sonra gerekli makamlara vicdan\u0131m\u0131n sesini susturmak i\u00e7in vicdan\u0131mdan \u00e7\u0131kan sesi susturmak i\u00e7in iletmek zorunda kald\u0131m. Halbuki beni bekleyen iyi bir gelecek vard\u0131. Bunlar\u0131 elimin tersiyle ittim. \u00c7\u00fcnk\u00fc bana g\u00f6re o zamanlar T\u00fcrkiye&#8217;de stat\u00fcko hakimdi. Bunlar\u0131 elimin tersiyle iterken ben baz\u0131 \u015feyleri de\u015fifre etmek zorunda kald\u0131m.&#8221;<\/p>\n<p style=\"text-align: justify;\">Gizli tan\u0131k &#8221;Efe&#8221;, av merak\u0131ndan dolay\u0131 Erzincan&#8217;daki bir\u00e7ok komutanla diyalog kurdu\u011funu dile getirerek, 3. Orduyla ilgili verdi\u011fi bilgilerin hepsini avda tan\u0131d\u0131\u011f\u0131 komutanlardan ald\u0131\u011f\u0131n\u0131 s\u00f6yledi.<\/p>\n<p style=\"text-align: justify;\">&#8221;2009&#8217;un ba\u015f\u0131nda orada, asl\u0131nda Balyoz&#8217;dan daha b\u00fcy\u00fck yap\u0131lan seminerin i\u00e7eri\u011fini ben bu albaylardan \u00f6\u011frendim&#8221; diyen gizli tan\u0131k &#8221;Efe&#8221;, &#8221;O seminere kat\u0131lmad\u0131m, kendileri \u00f6yle bir seminer oldu\u011funu kabul ediyorlar, ama i\u00e7eri\u011fini kabul etmiyorlar. Nitekim Balyoz san\u0131klar\u0131 da semineri kabul ediyor, ama i\u00e7eri\u011fini kabul etmiyor. Ben onun i\u00e7eri\u011fini bizzat bu kurmay albaylardan \u00f6zel ortamlarda duydum&#8221; dedi.<\/p>\n<p style=\"text-align: justify;\">Jandarma istihbarat \u015fubedeki \u00f6zel odada yap\u0131lan birka\u00e7 tane toplant\u0131ya Cihaner&#8217;in g\u00f6t\u00fcrmesiyle kat\u0131ld\u0131\u011f\u0131n\u0131 anlatan gizli tan\u0131k &#8221;Efe&#8221;, i\u015fin vahametini o toplant\u0131lara kat\u0131ld\u0131\u011f\u0131nda anlad\u0131\u011f\u0131n\u0131 kaydetti.<\/p>\n<p style=\"text-align: justify;\">Gizli tan\u0131k &#8221;Efe&#8221;, toplant\u0131lar\u0131n, \u0130lhan Cihaner&#8217;in ba\u015fkanl\u0131\u011f\u0131nda yap\u0131ld\u0131\u011f\u0131n\u0131 iddia ederek, bu toplant\u0131larda, alperen ve \u00fclk\u00fcc\u00fc sivillerin temsilcilerinin yan\u0131 s\u0131ra, askeri istihbarat ve 3. Ordu&#8217;dan gelen istihbarat\u00e7\u0131lar\u0131n da oldu\u011funu ifade etti.<\/p>\n<p style=\"text-align: justify;\"><strong>&#8221;TER\u00d6R EYLEMLER\u0130 ARTTIRILMALI&#8217; S\u00d6ZLER\u0130N\u0130 DUYDUM&#8221;<\/strong><\/p>\n<p style=\"text-align: justify;\">Kat\u0131ld\u0131\u011f\u0131 ilk toplant\u0131da, ortam\u0131n gerdirilmesi gerekti\u011fini duydu\u011funu s\u00f6yleyen gizli tan\u0131k &#8221;Efe&#8221;, \u015f\u00f6yle devam etti:<\/p>\n<p style=\"text-align: justify;\">&#8221;\u0130lhan Cihaner&#8217;den, &#8216;Ter\u00f6r eylemleri art\u0131r\u0131lmal\u0131&#8217; \u015feklinde s\u00f6zler duyuyordum. Ter\u00f6r eylemi derken burada ter\u00f6ristlerin yapm\u0131\u015f oldu\u011fu eylemlerden ziyade, Erzincan \u00dcniversitesinin y\u00fczde 60 \u00f6\u011frencisi K\u00fcrt k\u00f6kenli \u00f6\u011frencidir. Orada \u00fclk\u00fcc\u00fc grup da var, alperen grubu da vard\u0131r. Ba\u015fka grup yoktur. 2 grup kar\u015f\u0131 kar\u015f\u0131yad\u0131r. Eylemler derken mesela oradan \u00fclk\u00fcc\u00fc grubun temsilcisine diyordu ki &#8216;Siz gidin Baraka Kafe&#8217;yi bas\u0131n. Orada kavga \u00e7\u0131kart\u0131n&#8217; nitekim Baraka Kafe bas\u0131ld\u0131. Oras\u0131 2 defa yand\u0131. Alperen gen\u00e7li\u011finin temsilcisine &#8216;Arkada\u015flar\u0131n\u0131z\u0131 sokaklara d\u00f6k\u00fcn K\u00fcrt k\u00f6kenli \u00f6\u011frencileri ta\u015flas\u0131nlar&#8217;. Bunlar teklif ediliyordu, onlar da bunlar\u0131 kabul ediyordu. Ter\u00f6r eylemlerinin art\u0131r\u0131lmas\u0131 derken \u015fehir i\u00e7erisinde bir korku sal\u0131nmas\u0131 ortam\u0131n gerilmesi d\u00fc\u015f\u00fcn\u00fcl\u00fcyordu.&#8221;<\/p>\n<p style=\"text-align: justify;\">Erzincan&#8217;da &#8216;Ergenekon&#8217; yap\u0131lamas\u0131n\u0131n olup olmad\u0131\u011f\u0131n\u0131 bilmedi\u011fini anlatan gizli tan\u0131k &#8221;Efe&#8221;, \u0130lhan Cihaner&#8217;in kendisine s\u0131k s\u0131k T\u00fcrkiye&#8217;nin en b\u00fcy\u00fck tehlikesinin Fethullah G\u00fclen oldu\u011funu s\u00f6yledi\u011fini ileri s\u00fcrd\u00fc.<\/p>\n<p style=\"text-align: justify;\">\u0130lhan Cihaner&#8217;in 3 tane hedefi oldu\u011funu iddia eden gizli tan\u0131k Efe, &#8221;Fethullah G\u00fclen cemaatini Usame Bin Ladin \u00f6rg\u00fct\u00fcyle ayn\u0131 kefeye sokmak istiyordu. Bu \u015fekilde b\u00fct\u00fcn d\u00fcnyada ve T\u00fcrkiye&#8217;de bu cemaati \u00e7\u00f6kertmek istiyordu. Tek derdi buydu. Fethullah G\u00fclen&#8217;in cemaatinin, iktidara destek verdi\u011fini de biliyordu, iktidar\u0131 da yozla\u015ft\u0131rmak ve y\u0131pratmak istiyordu. Bunlar\u0131n olu\u015fabilmesi i\u00e7in T\u00fcrkiye art\u0131k de\u011fi\u015fiyor yani bir \u015fekilde demokrasi bekleniyor, demokrasi \u00f6zlemi var. Askeri stat\u00fcko veya T\u00fcrkiye&#8217;de hakim olan stat\u00fcko kaybolmak \u00fczere. Bunu engellemek i\u00e7in de 12 Eyl\u00fcl \u00f6ncesi bir ortama s\u00fcrekli ihtiya\u00e7 duyuldu\u011fu Cihaner taraf\u0131ndan bu dile getirildi&#8221;<\/p>\n<p style=\"text-align: justify;\"><strong>&#8221;C\u0130HANER&#8217;\u0130N \u0130KT\u0130DARA Y\u00d6NEL\u0130K EN B\u00dcY\u00dcK EYLEM\u0130&#8221;<\/strong><\/p>\n<p style=\"text-align: justify;\">Gizli tan\u0131k &#8221;Efe&#8221;, Erzincan&#8217;da ABD \u015firketine ait d\u00fcnyan\u0131n en b\u00fcy\u00fck 2. veya 3. alt\u0131n madeni oldu\u011funu ifade ederek, bu madenin rezervinin, \u015firketin resmi olarak vermi\u015f oldu\u011fu bilgilere g\u00f6re 70 ton oldu\u011funu, ancak kendisinin oraya getirdi\u011fi bilirki\u015filere g\u00f6re 600 ton oldu\u011funun belirlendi\u011fini kaydetti.<\/p>\n<p style=\"text-align: justify;\">Gizli tan\u0131k &#8221;Efe&#8221;, \u0130lhan Cihaner&#8217;in, \u00c7al\u0131k Grubunun almak istedi\u011fi bu alt\u0131n madeniyle \u00e7evreyi kirletip kirletmedi\u011fiyle ilgili soru\u015fturma a\u00e7\u0131lmas\u0131n\u0131 istedi\u011fini belirterek, &#8221;\u0130lhan Cihaner&#8217;in bu \u015fekilde, alt\u0131n madeni dosyas\u0131n\u0131 iktidar\u0131n \u00fczerine y\u0131karak birka\u00e7 bakan\u0131 ve yine milyonlarca dolar yat\u0131r\u0131m yapan \u00c7al\u0131k Grubunu y\u0131pratmak istedi. Bu, resmi olarak, orada dosyalarda mevcuttur. Hepsi vard\u0131r. Bense do\u011fru olarak bildi\u011fim ne varsa onu kendimi de risk alt\u0131na alarak size a\u00e7\u0131kl\u0131yorum. \u0130ktidara y\u00f6nelik \u0130lhan Cihaner&#8217;in bahsetmi\u015f oldu\u011fum en b\u00fcy\u00fck eylemi buydu&#8221; \u015feklinde konu\u015ftu.<\/p>\n<p style=\"text-align: justify;\">Gizli tan\u0131k &#8221;Efe&#8221;, ayn\u0131 zaman zarf\u0131nda, 3. Ordu Askeri Savc\u0131l\u0131\u011f\u0131n\u0131n da talimat\u0131 ile 3 muvazzaf askerin, jandarma b\u00f6lgesinde tutmu\u015f olduklar\u0131 evlere operasyonlar yap\u0131lmas\u0131 y\u00f6n\u00fcnde plan da haz\u0131rland\u0131\u011f\u0131n\u0131 dile getirerek, \u015funlar\u0131 s\u00f6yledi:<\/p>\n<p style=\"text-align: justify;\">&#8221;\u0130lhan Cihaner&#8217;in bizzat benim \u00f6n\u00fcmde haz\u0131rlam\u0131\u015f oldu\u011fu plan\u0131 anlat\u0131yorum. Askeri \u015fah\u0131slar\u0131n evine, birka\u00e7 tane ruhsats\u0131z silah ve ayn\u0131 zamanda Sait Nursi&#8217;nin, Fethullah G\u00fclen&#8217;in kitaplar\u0131 konulacakt\u0131. Askeri savc\u0131l\u0131k, yap\u0131lan bir ihbar \u00fczerine buraya operasyon yapacakt\u0131. Bu \u015fah\u0131slar\u0131n evinde bu dok\u00fcmanlarla beraber su\u00e7\u00fcst\u00fc yap\u0131lacakt\u0131. Sonra etkin pi\u015fmanl\u0131ktan faydaland\u0131r\u0131lacakt\u0131, yani onlar\u0131 kurtarma planlar\u0131 da vard\u0131. Belki askeri cezaevinden girip arkadan \u00e7\u0131kacakt\u0131 bilemiyorum, ama etkin pi\u015fmanl\u0131ktan faydalanacakt\u0131, daha sonra da etkin pi\u015fmanl\u0131ktan sabit ikametgah sahibi de serbest kalacakt\u0131.&#8221;<\/p>\n<p style=\"text-align: justify;\"><strong>FETULLAH G\u00dcLEN HAKKINDA YAKALAMA EMR\u0130 \u00c7IKARILACAKTI<\/strong><\/p>\n<p style=\"text-align: justify;\">S\u00f6z konusu muvazzaf askerlerin, ifadelerinde, &#8221;Bizi daha ilkokul \u00e7a\u011flar\u0131ndan beri bu cemaat eline ald\u0131. \u0130\u015fte F tipi yap\u0131lanma diyorlar y\u0131llarca bizi yeti\u015ftirdi b\u00fcy\u00fctt\u00fc zihnimizi y\u0131kad\u0131 biz \u015fu an \u00e7ok pi\u015fman\u0131z bizi askeri yap\u0131 i\u00e7erisinde g\u00f6revlendirdi biz \u00f6rg\u00fctlendik&#8221; demelerinin planland\u0131\u011f\u0131n\u0131 belirten gizli tan\u0131k &#8221;Efe&#8221;, b\u00f6ylece bu askerlerin g\u00f6revlerinin bitmi\u015f olaca\u011f\u0131n\u0131 kaydetti.<\/p>\n<p style=\"text-align: justify;\">Gizli tan\u0131k &#8221;Efe&#8221;, bu \u015fekilde Fethullah G\u00fclen ve etraf\u0131ndaki 5 ki\u015fi hakk\u0131nda yakalama emrinin \u00e7\u0131kar\u0131lmas\u0131n\u0131n planland\u0131\u011f\u0131n\u0131 anlatarak, &#8221;\u0130lhan Cihaner&#8217;in ara\u015ft\u0131rmas\u0131na g\u00f6re, Fethullah G\u00fclen Cemaatinin, T\u00fcrkiye&#8217;de 12 milyon mensubu var. Cemaat bu insanlar\u0131 soka\u011fa d\u00f6kmeyi hedefliyordu. Bu \u015fekilde de 12 Eyl\u00fcl benzeri bir ihtilalin ortaya \u00e7\u0131kmas\u0131n\u0131 sa\u011flayacakt\u0131. Bunu yaparken \u0130lhan Cihaner tabii tek ba\u015f\u0131na hareket etmiyordu&#8221; \u015feklinde konu\u015ftu.<\/p>\n<p style=\"text-align: justify;\">Cihaner&#8217;in en b\u00fcy\u00fck deste\u011fi d\u00f6nemin 3. Ordu Komutan\u0131 Orgeneral Sald\u0131ray Berk&#8217;ten ald\u0131\u011f\u0131n\u0131, Nitekim 2009&#8217;un ba\u015flar\u0131nda 3. Ordu Komutanl\u0131\u011f\u0131nda yap\u0131lan seminerin de i\u00e7eri\u011finin direkt bununla ilgili oldu\u011funu s\u00f6yledi.<\/p>\n<p style=\"text-align: justify;\">Cihaner ile bir ilin daha ba\u015fsavc\u0131n\u0131n kat\u0131ld\u0131\u011f\u0131 bu seminerin, 3-4 g\u00fcn s\u00fcrd\u00fc\u011f\u00fcn\u00fc ifade eden Gizli tan\u0131k &#8221;Efe&#8221;, \u0130stanbul ve Ankara&#8217;dan gelen general seviyesinde bir\u00e7ok ki\u015finin kat\u0131ld\u0131\u011f\u0131 bu seminerde, 17 veya 16 ilin alay komutan\u0131n\u0131n da haz\u0131r bulundu\u011funu kaydetti.<\/p>\n<p style=\"text-align: justify;\">Gizli tan\u0131k &#8221;Efe&#8221;, &#8221;tabiri caizse \u0130lhan Cihaner&#8217;in haz\u0131rlam\u0131\u015f oldu\u011fu yemek, bu seminerde onlar\u0131n \u00f6nlerine sunulacakt\u0131&#8221; dedi.<\/p>\n<p style=\"text-align: justify;\"><strong>G\u0130ZL\u0130 TANIK: &#8221;PLANLARI DE\u015e\u0130FRE ETT\u0130M&#8221;<\/strong><\/p>\n<p style=\"text-align: justify;\">Bu planlar\u0131 de\u015fifre etti\u011fini dile getiren gizli tan\u0131k &#8221;Efe&#8221;, olay\u0131 de\u015fifre etti\u011finin anla\u015f\u0131lmas\u0131 \u00fczerine soru\u015fturma ya\u011fmuruna tutuldu\u011funu ve 21 ayr\u0131 soru\u015fturma ge\u00e7irdi\u011fini kaydetti.<\/p>\n<p style=\"text-align: justify;\">Gizli tan\u0131k &#8221;Efe&#8221;, Cihaner&#8217;in kendisini usuls\u00fcz olarak soru\u015fturdu\u011funu anlatarak, &#8221;Daha sonra Kadir \u00d6zbek taraf\u0131ndan Ankara&#8217;ya 2-3 kez \u00e7a\u011fr\u0131ld\u0131m. &#8221;Ali Ertosun da \u00e7a\u011f\u0131r\u0131ld\u0131. Bana &#8216;Sen bizim g\u00f6z\u00fcm\u00fcz\u00fcn nurusun. Bak sana g\u00fcvendik, seni oraya yollad\u0131k. Sen \u0130lhan Abin ile beraber olmak zorundas\u0131n. Seni kand\u0131rm\u0131\u015flar. Sen oradaki, onlara g\u00f6re, tezgah\u0131 ancak sen bozabilirsin.&#8217; diye bana fikir verdi. Ancak ben vicdan\u0131m\u0131n sesini dinledi\u011fimi s\u00f6yledim&#8221; dedi.<\/p>\n<p style=\"text-align: justify;\">Bu g\u00f6r\u00fc\u015fmelerin ard\u0131ndan ter\u00f6r \u00f6rg\u00fct\u00fc PKK&#8217;n\u0131n 7 bin 200 ki\u015filik da\u011f kadrosunun bulundu\u011fu bir il\u00e7eye tayininin \u00e7\u0131kar\u0131ld\u0131\u011f\u0131n\u0131 belirten &#8221;Efe&#8221;, &#8221;Beni oraya, &#8216;Bu adam\u0131 yok etsinler&#8217; diye g\u00f6nderdiler. Nitekim o da oldu, bir hakim arkada\u015fla beni zehirlediler. Temizlik\u00e7imin de kocas\u0131n\u0131 \u00f6ld\u00fcrd\u00fcler&#8221; iddias\u0131nda bulundu.<\/p>\n<p style=\"text-align: justify;\"><strong>&#8221;C\u0130HANER, BA\u015eBAKAN VE BAKANLARI HUKUKSUZ OLARAK D\u0130NL\u0130YORDU&#8221;<\/strong><\/p>\n<p style=\"text-align: justify;\">Erzincan eski Alay Komutan\u0131 Recep Gen\u00e7o\u011flu&#8217;nun avukat\u0131n\u0131n kendisini arad\u0131\u011f\u0131n\u0131 aktaran &#8221;Efe&#8221;, &#8221;Bana, &#8216;Biz sizi tan\u0131yoruz. Siz i\u015fte milliyet\u00e7i bir insans\u0131n\u0131z, biz de milliyet\u00e7i insan\u0131z. Bak\u0131n siz Recep Gen\u00e7o\u011flu hakk\u0131nda \u015f\u00f6yle \u015f\u00f6yle diyorsunuz, ama sizin ortak bir tan\u0131d\u0131\u011f\u0131n\u0131z var&#8217; dedi. Telefonun ucunda Eski\u015fehir \u0130l Emniyet M\u00fcd\u00fcr\u00fc Hanefi Avc\u0131 vard\u0131. Biz Hanefi Avc\u0131&#8217;yla 2003&#8217;ten beri tan\u0131\u015f\u0131r\u0131z. Avc\u0131 bana telefonda, &#8216;Sald\u0131ray Berk&#8217;e de Recep Gen\u00e7o\u011flu&#8217;na da kefilim. Burada b\u00fcy\u00fck bir tuzak var. Seni kullanm\u0131\u015flar, sen beyefendi bir insans\u0131n. Madem \u00fclkene faydal\u0131 bir insan olmak istiyorsun. Gel beraber hareket edelim&#8217; dedi&#8221; ifadesini kulland\u0131.<\/p>\n<p style=\"text-align: justify;\">Gizli tan\u0131k &#8221;Efe&#8221;, o d\u00f6nemde bu olaylarla ilgili kitap yazd\u0131\u011f\u0131n\u0131 anlatarak, Hanefi Avc\u0131&#8217;n\u0131n kendisine, ortak kitap \u00e7\u0131karmay\u0131 teklif etti\u011fini kaydetti.<\/p>\n<p style=\"text-align: justify;\">Avc\u0131&#8217;n\u0131n daha sonra kendisine bir CD verdi\u011fini de ifade eden gizli tan\u0131k &#8221;Efe&#8221;, \u015funlar\u0131 kaydetti:<\/p>\n<p style=\"text-align: justify;\">&#8221;O CD&#8217;de \u015fu an kimin oldu\u011funu s\u00f6ylemeyece\u011fim. Adalet Bakanl\u0131\u011f\u0131nda \u00e7ok \u00fcst d\u00fczey bir b\u00fcrokrat\u0131n, CHP Erzincan \u0130l Ba\u015fkan\u0131, \u00f6zel kuvvetlerden 2 tane albay ve uluslararas\u0131 uyu\u015fturucu ka\u00e7ak\u00e7\u0131s\u0131 olan ki\u015fi ile \u00e7ekilmi\u015f videolar\u0131n\u0131 bana verdi. Mutlaka bir g\u00fcn o CD&#8217;yi birileri ortaya \u00e7\u0131kart\u0131r, ben \u00e7\u0131kartmam da birileri, yarg\u0131 mutlaka \u00e7\u0131karacakt\u0131r ortaya, ama \u00f6yle bir CD kesinlikle var, ben kendi g\u00f6zlerimle g\u00f6rd\u00fcm o CD&#8217;yi. B\u00f6yle bask\u0131lar alt\u0131nda kald\u0131m.&#8221;<\/p>\n<p style=\"text-align: justify;\">&#8221;Cihaner, sadece \u00e7e\u015fitli cemaatlerin liderleri d\u0131\u015f\u0131nda ayn\u0131 zamanda Ba\u015fbakan\u0131 ve bakanlar\u0131 da hukuksuz, gayri resmi olarak dinliyordu&#8221; diyen gizli tan\u0131k &#8221;Efe&#8221;, &#8221;Nitekim 32. G\u00fcn program\u0131na \u00e7\u0131kt\u0131\u011f\u0131nda da bunu kendisi ifade etti. Her ne kadar daha sonra tekzip etse de&#8221; \u015feklinde konu\u015ftu.<\/p>\n<p style=\"text-align: justify;\"><a href=\"http:\/\/www.gazeteport.com.tr\/GUNCEL\/NEWS\/GP_909938\" target=\"_blank\">Kaynak : GAZETEPORT<\/a><\/p>\n","protected":false},"excerpt":{"rendered":"<p style=\"text-align: justify;\">\n<p style=\"text-align: justify;\">&#8221;\u0130rtica ile M\u00fccadele Eylem Plan\u0131&#8221; davas\u0131nda ifade veren gizli tan\u0131k &#8221;Efe&#8221;, &#8221;eski Erzincan Cumhuriyet Ba\u015fsavc\u0131s\u0131 \u0130lhan Cihaner, \u00e7e\u015fitli cemaatlerin liderlerinin yan\u0131 s\u0131ra, ayn\u0131 zamanda Ba\u015fbakan\u0131 ve bakanlar\u0131 da hukuksuz, gayriresmi olarak dinliyordu&#8221; dedi.<\/p>\n<p style=\"text-align: justify;\">Eski Star Gazetesi Yazar\u0131 ve AK Parti Gaziantep milletvekili aday\u0131 \u015eamil Tayyar, gizli tan\u0131k &#8220;Efe&#8221;nin <\/p>\n","protected":false},"author":1,"featured_media":0,"comment_status":"open","ping_status":"closed","sticky":false,"template":"","format":"standard","meta":{"footnotes":""},"categories":[105],"tags":[],"class_list":["post-33483","post","type-post","status-publish","format-standard","hentry","category-gundem","odd"],"_links":{"self":[{"href":"http:\/\/www.korhanyilmaz.com\/index.php?rest_route=\/wp\/v2\/posts\/33483","targetHints":{"allow":["GET"]}}],"collection":[{"href":"http:\/\/www.korhanyilmaz.com\/index.php?rest_route=\/wp\/v2\/posts"}],"about":[{"href":"http:\/\/www.korhanyilmaz.com\/index.php?rest_route=\/wp\/v2\/types\/post"}],"author":[{"embeddable":true,"href":"http:\/\/www.korhanyilmaz.com\/index.php?rest_route=\/wp\/v2\/users\/1"}],"replies":[{"embeddable":true,"href":"http:\/\/www.korhanyilmaz.com\/index.php?rest_route=%2Fwp%2Fv2%2Fcomments&post=33483"}],"version-history":[{"count":0,"href":"http:\/\/www.korhanyilmaz.com\/index.php?rest_route=\/wp\/v2\/posts\/33483\/revisions"}],"wp:attachment":[{"href":"http:\/\/www.korhanyilmaz.com\/index.php?rest_route=%2Fwp%2Fv2%2Fmedia&parent=33483"}],"wp:term":[{"taxonomy":"category","embeddable":true,"href":"http:\/\/www.korhanyilmaz.com\/index.php?rest_route=%2Fwp%2Fv2%2Fcategories&post=33483"},{"taxonomy":"post_tag","embeddable":true,"href":"http:\/\/www.korhanyilmaz.com\/index.php?rest_route=%2Fwp%2Fv2%2Ftags&post=33483"}],"curies":[{"name":"wp","href":"https:\/\/api.w.org\/{rel}","templated":true}]}}