{"id":33479,"date":"2011-05-24T21:18:50","date_gmt":"2011-05-24T18:18:50","guid":{"rendered":"http:\/\/www.korhanyilmaz.com\/?p=33479"},"modified":"2011-05-24T21:18:50","modified_gmt":"2011-05-24T18:18:50","slug":"aleviler-ofkeli-basbakana-acik-mektup","status":"publish","type":"post","link":"http:\/\/www.korhanyilmaz.com\/?p=33479","title":{"rendered":"Aleviler \u00f6fkeli! Ba\u015fbakan&#8217;a a\u00e7\u0131k mektup"},"content":{"rendered":"<p style=\"text-align: justify;\"><a href=\"http:\/\/www.korhanyilmaz.com\/wp-content\/uploads\/2011\/05\/325.jpg\"  class=\"lightview\"><img loading=\"lazy\" decoding=\"async\" class=\"aligncenter size-full wp-image-33480\" title=\"\" src=\"http:\/\/www.korhanyilmaz.com\/wp-content\/uploads\/2011\/05\/325.jpg\" alt=\"\" width=\"292\" height=\"278\" \/><\/a><\/p>\n<p style=\"text-align: justify;\">Alevi Bekta\u015fi Federasyonu&#8217;ndan, Ba\u015fbakan Recep Tayyip Erdo\u011fan&#8217;a g\u00f6nderilen mektupta,&#8221;Etnik ve inan\u00e7 k\u00f6kenleri \u00fczerinden siyaset yapmak, siyaset \u00fcretemeyen siyaset\u00e7ilerin se\u00e7ene\u011fidir&#8221; denildi. Mektupta, &#8220;siz, tarihe, yaln\u0131z heykel y\u0131kan de\u011fil, \u00fclkenizdeki bir inanc\u0131 yuhalatarak &#8216;nefret su\u00e7u&#8217; i\u015fleyen bir ba\u015fbakan olarak da ge\u00e7eceksiniz!&#8221; denildi. <!--more--><\/p>\n<p style=\"text-align: justify;\">Alevi Bekta\u015fi Federasyonu&#8217;ndan yap\u0131lan yaz\u0131l\u0131 a\u00e7\u0131klamada, Ba\u015fbakan Recep Tayyip Erdo\u011fan&#8217;a &#8220;A\u00e7\u0131k Mektup&#8221; ba\u015fl\u0131\u011f\u0131yla bir mektup g\u00f6nderildi\u011fi belirtildi.<\/p>\n<p style=\"text-align: justify;\">Mektupta se\u00e7imlerin geri kalm\u0131\u015f ya da b\u0131rak\u0131lm\u0131\u015f \u00fclkelerde bir d\u00f6n\u00fcm noktas\u0131, bir yenili\u011fin gelmesi olarak alg\u0131land\u0131\u011f\u0131 ve beklentinin y\u00fcksek oldu\u011fu ifade edilerek, T\u00fcrkiye&#8217;de se\u00e7im \u00e7al\u0131\u015fmalar\u0131n\u0131n geli\u015fmi\u015f \u00fclkelerde oldu\u011fu gibi ileti\u015fim ara\u00e7lar\u0131 \u00fczerinden de\u011fil, meydanlara \u00e7\u0131k\u0131larak yap\u0131ld\u0131\u011f\u0131na dikkat \u00e7ekildi.<\/p>\n<p style=\"text-align: justify;\">Siyasi partilerin oy almak i\u00e7in beklentilere kar\u015f\u0131l\u0131k vermesinin do\u011fal oldu\u011fu vurgulanan mektupta, Ba\u015fbakan Erdo\u011fan&#8217;\u0131n meydan konu\u015fmalar\u0131nda s\u00fcrekli olarak Alevilere ve Alevili\u011fe at\u0131fta bulundu\u011fu iddia edildi.<\/p>\n<p style=\"text-align: justify;\">Mektupta \u015fu ifadelere yer verildi: &#8220;Etnik ve inan\u00e7 k\u00f6kenleri \u00fczerinden siyaset yapmak, siyaset \u00fcretemeyen siyaset\u00e7ilerin se\u00e7ene\u011fidir. E\u011fer meydanlara \u00e7\u0131k\u0131l\u0131yorsa ciddi \u015feylerin konu\u015fulmas\u0131 gerekir; halk\u0131 heyecanland\u0131rmak yaln\u0131z inan\u00e7 ve etnik k\u00f6ken \u00fczerinden yap\u0131lan vurgularla m\u00fcmk\u00fcnse e\u011fer, ortaya seviyeden yoksun, yavan, s\u0131\u011f bir siyaset \u00e7\u0131kar. Ne yaz\u0131k ki 21. Y\u00fczy\u0131lda \u00fclkemiz b\u00f6yle bir d\u00f6nemi ya\u015f\u0131yor. Unutmamak gerekir ki, toplumsal bellekle reel tarih birbirlerinden \u00e7ok farkl\u0131d\u0131r; Tarih bir \u00fclkede veya toplumda ya\u015fanan katliamlar\u0131, k\u0131y\u0131mlar\u0131, \u00f6lenlerin say\u0131s\u0131n\u0131 kayda ge\u00e7erken toplumsal bellek \u00e7ekilen ac\u0131lar\u0131 ve a\u015fa\u011f\u0131lanmalar\u0131 kayda ge\u00e7er; t\u00fcrk\u00fcler, a\u011f\u0131tlar, destanlar buradan t\u00fcrerler. Alevilerin Cumhuriyet ili\u015fkilerini, bu a\u00e7\u0131dan da de\u011ferlendirmek gerekir. Onca k\u0131y\u0131m ve \u00f6l\u00fcm varken &#8216;Kerbela&#8217; ve &#8216;Yezid&#8217; bu y\u00fczden belleklere kaz\u0131nm\u0131\u015ft\u0131r. Hz. Ali de \u015fehit edilmi\u015f olmas\u0131na ra\u011fmen &#8216;Kerbela&#8217; bu y\u00fczden \u00f6ne \u00e7\u0131km\u0131\u015ft\u0131r.&#8221;<\/p>\n<p style=\"text-align: justify;\"><strong>Vatanda\u015flardan yuhalamalar&#8230;<\/strong><\/p>\n<p style=\"text-align: justify;\">Ba\u015fbakanl\u0131k makam\u0131n\u0131n ge\u00e7ici oldu\u011fu vurgulanan mektupta, Erdo\u011fan&#8217;\u0131n meydan konu\u015fmalar\u0131nda, Alevi s\u00f6zc\u00fc\u011f\u00fcn\u00fcn ge\u00e7mesinden sonra vatanda\u015flardan yuhalamalar y\u00fckseldi\u011fi ve Erdo\u011fan&#8217;\u0131n da sessiz kald\u0131\u011f\u0131 ileri s\u00fcr\u00fcld\u00fc, bundan duyulan rahats\u0131zl\u0131k ifade edildi.<\/p>\n<p style=\"text-align: justify;\">&#8220;Mezhepsel kimlik \u00fczerine oturmu\u015f bir siyasetten o \u00fclkeye yaln\u0131z ve yaln\u0131z zarar gelece\u011fini g\u00f6steren onlarca \u00f6rnek var etraf\u0131m\u0131zda&#8221; ifadelerinin yer ald\u0131\u011f\u0131 mektup, \u015f\u00f6yle devam etti:<\/p>\n<p style=\"text-align: justify;\">&#8220;E\u011fer Alevilik Hz. Ali Keremallah\u00fc Veche&#8217;yi sevmekse, ben Alevilerden daha \u00e7ok Aleviyim. Ama bunlar\u0131n ya\u015fam\u0131nda Hz. Ali var m\u0131? Hz. Ali gibi ya\u015famak var m\u0131? Yok. Hz. Ali nerede, bunlar nerede?&#8217; diyorsunuz. Alevilik yaln\u0131zca Hz. Aliyi sevmek de\u011fil onun ad\u0131na kurumla\u015fm\u0131\u015f de\u011ferler b\u00fct\u00fcn\u00fcd\u00fcr ve bunlar size \u00e7ok uzakt\u0131r. K\u0131sacas\u0131 bizden daha \u00e7ok Alevi olman\u0131z m\u00fcmk\u00fcn de\u011fildir. &#8216;Bunlar Hac\u0131 Bekta\u015f-\u0131 Veli&#8217;yi bile anlamam\u0131\u015flar&#8217; diyorsunuz. Ulular\u0131n s\u00f6zleri 3 anlaml\u0131d\u0131r; Bu s\u00f6zlerden alim ba\u015fka, cahil ba\u015fka, ehli ba\u015fka anlam \u00e7\u0131kar\u0131r. S\u00f6zlerinizde hangi anlam\u0131 kastetti\u011finize dair bir bilgi yok.&#8221;<\/p>\n<p style=\"text-align: justify;\"><strong>&#8220;Nefret su\u00e7u i\u015fleyen ba\u015fbakan&#8221;<\/strong><\/p>\n<p style=\"text-align: justify;\">Ba\u015fbakan Erdo\u011fan&#8217;\u0131n b\u00fcy\u00fck i\u015fler yaparak tarihe farkl\u0131 ge\u00e7mek istemesinin do\u011fal oldu\u011fu anlat\u0131lan mektupta, &#8220;E\u011fer ger\u00e7ekten bunu istiyorsan\u0131z, bunun i\u00e7in her \u015feyden \u00f6nce bu mektubu yazmay\u0131 zorunlu k\u0131lan ortam\u0131 yok etmelisiniz. Bin y\u0131ld\u0131r bu topraklarda ya\u015fayan ve bu topraklarla yo\u011frulmu\u015f Alevilerin tarihin kara sayfalar\u0131na ge\u00e7ecek bir eylemleri olmam\u0131\u015ft\u0131r. Bug\u00fcn geldi\u011fimiz bu noktada en ufak bir sorumluluklar\u0131 yoktur. \u00dclkenin i\u00e7inde bulundu\u011fu bug\u00fcnk\u00fc kaos, Alevileri d\u00fc\u015fman sayan zihniyetin \u00fcr\u00fcn\u00fcd\u00fcr.&#8221;<\/p>\n<p style=\"text-align: justify;\">Mektup, \u015fu ifadelerle sona erdi: &#8220;Bir \u00fclkenin refah\u0131 ve istikrar\u0131 yaln\u0131zca ekonomiyle ve siyasetle sa\u011flanamaz, ayn\u0131 zamanda sosyal yap\u0131s\u0131yla da ilgilidir; T\u00fcrkiye;de K\u00fcrd\u00fcn Hakk\u0131n\u0131 T\u00fcrk, T\u00fcrk\u00fcn Hakk\u0131n\u0131 K\u00fcrt, Alevinin Hakk\u0131n\u0131 S\u00fcnni, S\u00fcnninin Hakk\u0131n\u0131 Alevi savunmad\u0131k\u00e7a sosyal bar\u0131\u015f\u0131 kal\u0131c\u0131 k\u0131lmak m\u00fcmk\u00fcn de\u011fildir. Tarihe b\u00f6yle bir ortam yarat\u0131larak ge\u00e7ilir. Siz, tarihe, yaln\u0131z heykel y\u0131kan de\u011fil, \u00fclkenizdeki bir inanc\u0131 yuhalatarak &#8216;nefret su\u00e7u&#8217; i\u015fleyen bir ba\u015fbakan olarak da ge\u00e7eceksiniz!&#8221;<\/p>\n<p style=\"text-align: justify;\"><a href=\"http:\/\/www.cnnturk.com\/2011\/turkiye\/05\/24\/aleviler.ofkeli.basbakana.acik.mektup\/617815.0\/index.html\" target=\"_blank\">Kaynak : CNN T\u00dcRK<\/a><\/p>\n","protected":false},"excerpt":{"rendered":"<p style=\"text-align: justify;\">\n<p style=\"text-align: justify;\">Alevi Bekta\u015fi Federasyonu&#8217;ndan, Ba\u015fbakan Recep Tayyip Erdo\u011fan&#8217;a g\u00f6nderilen mektupta,&#8221;Etnik ve inan\u00e7 k\u00f6kenleri \u00fczerinden siyaset yapmak, siyaset \u00fcretemeyen siyaset\u00e7ilerin se\u00e7ene\u011fidir&#8221; denildi. Mektupta, &#8220;siz, tarihe, yaln\u0131z heykel y\u0131kan de\u011fil, \u00fclkenizdeki bir inanc\u0131 yuhalatarak &#8216;nefret su\u00e7u&#8217; i\u015fleyen bir ba\u015fbakan olarak da ge\u00e7eceksiniz!&#8221; denildi. <\/p>\n","protected":false},"author":1,"featured_media":0,"comment_status":"open","ping_status":"closed","sticky":false,"template":"","format":"standard","meta":{"footnotes":""},"categories":[105],"tags":[],"class_list":["post-33479","post","type-post","status-publish","format-standard","hentry","category-gundem","odd"],"_links":{"self":[{"href":"http:\/\/www.korhanyilmaz.com\/index.php?rest_route=\/wp\/v2\/posts\/33479","targetHints":{"allow":["GET"]}}],"collection":[{"href":"http:\/\/www.korhanyilmaz.com\/index.php?rest_route=\/wp\/v2\/posts"}],"about":[{"href":"http:\/\/www.korhanyilmaz.com\/index.php?rest_route=\/wp\/v2\/types\/post"}],"author":[{"embeddable":true,"href":"http:\/\/www.korhanyilmaz.com\/index.php?rest_route=\/wp\/v2\/users\/1"}],"replies":[{"embeddable":true,"href":"http:\/\/www.korhanyilmaz.com\/index.php?rest_route=%2Fwp%2Fv2%2Fcomments&post=33479"}],"version-history":[{"count":0,"href":"http:\/\/www.korhanyilmaz.com\/index.php?rest_route=\/wp\/v2\/posts\/33479\/revisions"}],"wp:attachment":[{"href":"http:\/\/www.korhanyilmaz.com\/index.php?rest_route=%2Fwp%2Fv2%2Fmedia&parent=33479"}],"wp:term":[{"taxonomy":"category","embeddable":true,"href":"http:\/\/www.korhanyilmaz.com\/index.php?rest_route=%2Fwp%2Fv2%2Fcategories&post=33479"},{"taxonomy":"post_tag","embeddable":true,"href":"http:\/\/www.korhanyilmaz.com\/index.php?rest_route=%2Fwp%2Fv2%2Ftags&post=33479"}],"curies":[{"name":"wp","href":"https:\/\/api.w.org\/{rel}","templated":true}]}}