{"id":33469,"date":"2011-05-24T15:49:22","date_gmt":"2011-05-24T12:49:22","guid":{"rendered":"http:\/\/www.korhanyilmaz.com\/?p=33469"},"modified":"2011-05-24T15:49:22","modified_gmt":"2011-05-24T12:49:22","slug":"tib-o-goruntuleri-kaldirdi","status":"publish","type":"post","link":"http:\/\/www.korhanyilmaz.com\/?p=33469","title":{"rendered":"T\u0130B o g\u00f6r\u00fcnt\u00fcleri 4 g\u00fcn sonra  kald\u0131rd\u0131"},"content":{"rendered":"<p style=\"text-align: center;\"><a href=\"http:\/\/www.korhanyilmaz.com\/wp-content\/uploads\/2011\/05\/324.jpg\"  class=\"lightview\"><img loading=\"lazy\" decoding=\"async\" class=\"aligncenter size-full wp-image-33470\" src=\"http:\/\/www.korhanyilmaz.com\/wp-content\/uploads\/2011\/05\/324.jpg\" alt=\"\" width=\"413\" height=\"220\" \/><\/a><\/p>\n<p style=\"text-align: justify;\">Bilgi Teknolojileri ve \u0130leti\u015fim Kurumu Telekom\u00fcnikasyon \u0130leti\u015fim Ba\u015fkan\u0131 Fethi \u015eim\u015fek, MHP&#8217;li Mehmet Ekici&#8217;nin avukat\u0131 S\u00fcleyman Ayhan&#8217;\u0131n talebine konu olan her iki \u0130nternet sitesinden ilgili i\u00e7eriklerin \u00e7\u0131kart\u0131lmas\u0131n\u0131n sa\u011fland\u0131\u011f\u0131n\u0131 bildirdi.<\/p>\n<p style=\"text-align: justify;\">ANKARA &#8211; Bilgi Teknolojileri ve \u0130leti\u015fim Kurumu Telekom\u00fcnikasyon \u0130leti\u015fim Ba\u015fkan\u0131 Fethi \u015eim\u015fek, bir siyasi partinin mensubu hakk\u0131nda 21 May\u0131s 2011 Cumartesi g\u00fcn\u00fc kamuoyuna yans\u0131yan i\u00e7erikler kapsam\u0131nda T\u0130B taraf\u0131ndan derhal i\u015flem ba\u015flat\u0131ld\u0131\u011f\u0131n\u0131 anlatt\u0131.\u00a0<!--more--><\/p>\n<p style=\"text-align: justify;\">Bu \u00e7er\u00e7evede s\u00f6z konusu g\u00f6r\u00fcnt\u00fclerin kayna\u011f\u0131 olan &#8221;1farkliulkuculuk.wordpress.com&#8221; adl\u0131 internet adresi hakk\u0131nda Ba\u015fkanl\u0131k\u00e7a ayn\u0131 g\u00fcn re&#8217;sen eri\u015fimin engellenmesi tedbiri uyguland\u0131\u011f\u0131n\u0131 belirten \u015eim\u015fek, eri\u015fimi engellenen siteyle benzer i\u00e7eri\u011fe sahip &#8221;emreoznur.wordpress.com&#8221; ile &#8221;http:\/\/uploadbox.com&#8221; hakk\u0131nda da yine T\u0130B taraf\u0131ndan re&#8217;sen eri\u015fimin engellenmesi tedbirinin uyguland\u0131\u011f\u0131n\u0131 bildirdi.<\/p>\n<p style=\"text-align: justify;\">Fethi \u015eim\u015fek, &#8221;Bu \u00e7er\u00e7evede s\u00f6z konusu g\u00f6r\u00fcnt\u00fclerin yay\u0131ld\u0131\u011f\u0131 kullan\u0131c\u0131 potansiyeli y\u00fcksek internet adresleriyle hemen irtibata ge\u00e7ildi ve bu \u0130nternet adreslerinin s\u00f6z konusu i\u00e7erikleri \u00e7\u0131karmalar\u0131 sa\u011fland\u0131. Ba\u015fkanl\u0131k\u00e7a ger\u00e7ekle\u015ftirilen i\u00e7erik \u00e7\u0131karma i\u015flemleriyle bu adresler \u00fczerinden s\u00f6z konusu i\u00e7eriklere farkl\u0131 y\u00f6ntemler kullan\u0131larak ula\u015f\u0131lmas\u0131 \u00f6nlendi. Benzer i\u00e7eriklerin \u00e7\u0131kart\u0131lmas\u0131na y\u00f6nelik \u00e7al\u0131\u015fmalar s\u00fcrd\u00fcr\u00fcl\u00fcyor&#8221; diye konu\u015ftu.<\/p>\n<p style=\"text-align: justify;\">MHP&#8217;li Mehmet Ekici&#8217;nin avukat\u0131 S\u00fcleyman Ayhan&#8217;\u0131n baz\u0131 bas\u0131n yay\u0131n organlar\u0131na yans\u0131yan a\u00e7\u0131klamalar\u0131na da yan\u0131t veren T\u0130B Ba\u015fkan\u0131 \u015eim\u015fek, Ayhan&#8217;\u0131n 21 May\u0131sta saat 21.25&#8217;te Telekom\u00fcnikasyon \u0130leti\u015fim Ba\u015fkanl\u0131\u011f\u0131na iki adet \u0130nternet sayfas\u0131 \u00e7\u0131kt\u0131s\u0131 getirerek, &#8221;beyazgazete.com&#8221; sitesi hakk\u0131nda uyar-kald\u0131r, &#8221;vimeo.com&#8221; sitesi hakk\u0131nda re&#8217;sen engelleme uygulanmas\u0131n\u0131 istedi\u011fini anlatt\u0131.<\/p>\n<p style=\"text-align: justify;\">\u015eim\u015fek, \u015funlar\u0131 kaydetti:<\/p>\n<p style=\"text-align: justify;\">&#8221;Yap\u0131lan incelemede talebe konu i\u00e7eriklerden &#8216;vimeo.com\/24036933&#8217; URL uzant\u0131s\u0131 hakk\u0131nda 21 May\u0131s 2011 saat 12.06&#8217;da ihbar geldi\u011fi, ayn\u0131 tarih saat 14.36&#8217;da ilgili \u0130nternet sitesine i\u00e7eri\u011fin \u00e7\u0131kart\u0131lmas\u0131 i\u00e7in bildirimde bulunuldu\u011fu anla\u015f\u0131ld\u0131. &#8216;vimeo.com\/24036933&#8217; URL uzant\u0131s\u0131 hakk\u0131nda yeniden saat 23.06&#8217;da ve &#8216;beyazgazete.com&#8217; adl\u0131 internet sitesindeki habere ili\u015fkin olarak ise saat 22.57&#8217;de \u0130nternet Hukuk N\u00f6bet\u00e7isi taraf\u0131ndan bildirimde bulunuldu. MHP&#8217;li Mehmet Ekici&#8217;nin avukat\u0131 S\u00fcleyman Ayhan&#8217;\u0131n talebine konu olan her iki \u0130nternet sitesinden ilgili i\u00e7eriklerin \u00e7\u0131kart\u0131lmas\u0131 sa\u011fland\u0131.&#8221;<\/p>\n<p style=\"text-align: justify;\"><a href=\"http:\/\/www.gazeteport.com.tr\/GUNCEL\/NEWS\/GP_909846\" target=\"_blank\">Kaynak : GAZETEPORT<\/a><\/p>\n","protected":false},"excerpt":{"rendered":"<p style=\"text-align: center;\">\n<p style=\"text-align: justify;\">Bilgi Teknolojileri ve \u0130leti\u015fim Kurumu Telekom\u00fcnikasyon \u0130leti\u015fim Ba\u015fkan\u0131 Fethi \u015eim\u015fek, MHP&#8217;li Mehmet Ekici&#8217;nin avukat\u0131 S\u00fcleyman Ayhan&#8217;\u0131n talebine konu olan her iki \u0130nternet sitesinden ilgili i\u00e7eriklerin \u00e7\u0131kart\u0131lmas\u0131n\u0131n sa\u011fland\u0131\u011f\u0131n\u0131 bildirdi.<\/p>\n<p style=\"text-align: justify;\">ANKARA &#8211; Bilgi Teknolojileri ve \u0130leti\u015fim Kurumu Telekom\u00fcnikasyon \u0130leti\u015fim Ba\u015fkan\u0131 Fethi \u015eim\u015fek, bir siyasi partinin mensubu hakk\u0131nda 21 May\u0131s 2011 <\/p>\n","protected":false},"author":1,"featured_media":0,"comment_status":"open","ping_status":"closed","sticky":false,"template":"","format":"standard","meta":{"footnotes":""},"categories":[105],"tags":[],"class_list":["post-33469","post","type-post","status-publish","format-standard","hentry","category-gundem","odd"],"_links":{"self":[{"href":"http:\/\/www.korhanyilmaz.com\/index.php?rest_route=\/wp\/v2\/posts\/33469","targetHints":{"allow":["GET"]}}],"collection":[{"href":"http:\/\/www.korhanyilmaz.com\/index.php?rest_route=\/wp\/v2\/posts"}],"about":[{"href":"http:\/\/www.korhanyilmaz.com\/index.php?rest_route=\/wp\/v2\/types\/post"}],"author":[{"embeddable":true,"href":"http:\/\/www.korhanyilmaz.com\/index.php?rest_route=\/wp\/v2\/users\/1"}],"replies":[{"embeddable":true,"href":"http:\/\/www.korhanyilmaz.com\/index.php?rest_route=%2Fwp%2Fv2%2Fcomments&post=33469"}],"version-history":[{"count":0,"href":"http:\/\/www.korhanyilmaz.com\/index.php?rest_route=\/wp\/v2\/posts\/33469\/revisions"}],"wp:attachment":[{"href":"http:\/\/www.korhanyilmaz.com\/index.php?rest_route=%2Fwp%2Fv2%2Fmedia&parent=33469"}],"wp:term":[{"taxonomy":"category","embeddable":true,"href":"http:\/\/www.korhanyilmaz.com\/index.php?rest_route=%2Fwp%2Fv2%2Fcategories&post=33469"},{"taxonomy":"post_tag","embeddable":true,"href":"http:\/\/www.korhanyilmaz.com\/index.php?rest_route=%2Fwp%2Fv2%2Ftags&post=33469"}],"curies":[{"name":"wp","href":"https:\/\/api.w.org\/{rel}","templated":true}]}}