{"id":33465,"date":"2011-05-24T14:55:59","date_gmt":"2011-05-24T11:55:59","guid":{"rendered":"http:\/\/www.korhanyilmaz.com\/?p=33465"},"modified":"2011-05-24T14:55:59","modified_gmt":"2011-05-24T11:55:59","slug":"kilicdaroglundan-ozerklik-aciklamasi","status":"publish","type":"post","link":"http:\/\/www.korhanyilmaz.com\/?p=33465","title":{"rendered":"K\u0131l\u0131\u00e7daro\u011flu&#8217;ndan &#8216;\u00f6zerklik&#8217; a\u00e7\u0131klamas\u0131"},"content":{"rendered":"<p style=\"text-align: justify;\"><a href=\"http:\/\/www.korhanyilmaz.com\/wp-content\/uploads\/2011\/05\/323.jpg\"  class=\"lightview\"><img loading=\"lazy\" decoding=\"async\" class=\"aligncenter size-full wp-image-33466\" src=\"http:\/\/www.korhanyilmaz.com\/wp-content\/uploads\/2011\/05\/323.jpg\" alt=\"\" width=\"414\" height=\"219\" \/><\/a><\/p>\n<p style=\"text-align: justify;\">CHP Genel Ba\u015fkan\u0131 Kemal K\u0131l\u0131\u00e7daro\u011flu, &#8221;Biz \u00fclkemizi seviyoruz. \u0130nsan\u0131m\u0131z\u0131 seviyoruz. \u0130nsan\u0131m\u0131z\u0131n mutlulu\u011fu i\u00e7in \u00e7aba harcayaca\u011f\u0131z. Onun i\u00e7in yola \u00e7\u0131kt\u0131k, onun i\u00e7in m\u00fccadele edece\u011fiz. B\u00fct\u00fcn bask\u0131lar\u0131 da yok edece\u011fiz&#8221; dedi.<\/p>\n<p style=\"text-align: justify;\">K\u0131l\u0131\u00e7daro\u011flu, Hakkari&#8217;de yapt\u0131\u011f\u0131 \u00f6zerklik a\u00e7\u0131klamas\u0131yla ilgili sorulan soru \u00fczerine &#8220;Belediye y\u00f6netimlerini yetkilendirmemiz laz\u0131m. Bu her partinin program\u0131nda var ama AK Parti yapmad\u0131, biz yapaca\u011f\u0131z&#8221; dedi.<\/p>\n<p style=\"text-align: justify;\"><!--more--><\/p>\n<p style=\"text-align: justify;\">ARDAHAN-K\u0131l\u0131\u00e7daro\u011flu, partisince Kongre Caddesi&#8217;nde d\u00fczenlenen mitingde, AK Parti h\u00fck\u00fcmetini ele\u015ftirerek, iktidara gelmeleri durumunda yapacaklar\u0131 \u00e7al\u0131\u015fmalar hakk\u0131nda bilgi verdi.<\/p>\n<p style=\"text-align: justify;\">Mitinge 50 dakika ge\u00e7 gelen K\u0131l\u0131\u00e7daro\u011flu, se\u00e7im otob\u00fcs\u00fcnde \u00e7alan t\u00fcrk\u00fcye de\u011finerek s\u00f6zlerine ba\u015flad\u0131 ve &#8221;T\u00fcrk\u00fcm\u00fcz diyor ki, &#8216;ak dedik, kara \u00e7\u0131kt\u0131&#8217;. Bunlar\u0131n zaten akl\u0131kla falan bir alakas\u0131 yok. \u00c7ok g\u00fczel bir pankart var orada. Ger\u00e7ekten bizim insan\u0131m\u0131z\u0131n zekas\u0131na hayran\u0131m. &#8216;AKP&#8217;lilerin en sevdi\u011fi hayvan nedir? Fil. \u00c7\u00fcnk\u00fc fillerin hortumlar\u0131 vard\u0131r&#8217; demi\u015fler&#8221; diye konu\u015ftu.<\/p>\n<p style=\"text-align: justify;\">&#8221;Size s\u00f6z\u00fcm var, size ahdim var. Bu \u00fclkede herkesin bar\u0131\u015f i\u00e7inde ya\u015fayaca\u011f\u0131, herkesin i\u00e7inde ya\u015fayaca\u011f\u0131, bir \u00e7ocu\u011fun bile yata\u011fa a\u00e7 girmeyece\u011fi, g\u00fczel T\u00fcrkiye&#8217;yi kuraca\u011f\u0131z ve bunun gere\u011fi neyse sonuna kadar yapaca\u011f\u0131z&#8221; diyen K\u0131l\u0131\u00e7daro\u011flu, s\u00f6zlerini \u015f\u00f6yle s\u00fcrd\u00fcrd\u00fc:<\/p>\n<p style=\"text-align: justify;\">&#8221;9 y\u0131ld\u0131r \u00fclkeyi y\u00f6netiyorlar. Allah a\u015fk\u0131na Ardahan&#8217;a ne verdiler? Bir de bir me\u015fhur sloganlar\u0131 var bunlar\u0131n. &#8216;\u0130stikrar s\u00fcrs\u00fcn T\u00fcrkiye b\u00fcy\u00fcs\u00fcn&#8217;. Ardahan b\u00fcy\u00fcd\u00fc m\u00fc? Fabrikalar a\u00e7\u0131ld\u0131 m\u0131? Hayvanc\u0131l\u0131k geli\u015fti mi? S\u00fct fiyatlar\u0131 iyi mi? Ee, peki neyin istikrar\u0131 s\u00fcrs\u00fcn? Recep&#8217;in istikrar\u0131 s\u00fcrs\u00fcn. Recepler b\u00fcy\u00fcs\u00fcn, k\u00f6\u015feyi d\u00f6ns\u00fcnler. Bunlar\u0131n istikrar\u0131 bu. 2,5 ayl\u0131k K\u00fcbra annesinin kuca\u011f\u0131nda a\u00e7l\u0131ktan \u00f6l\u00fcrken, Recep Tayyip Erdo\u011fan&#8217;\u0131n \u00fcz\u00fcld\u00fc\u011f\u00fcn\u00fc duydunuz mu? \u015eimdi diyor ki: Rica ediyorum bundan bahsetmesin. Bundan bahsetmezsem ben senin maskeni nas\u0131l indirece\u011fim. Diyarbak\u0131r&#8217;da bir anne 4 \u00e7ocu\u011funa sabah kahvalt\u0131s\u0131 veremedi diye intihar ediyorsa, bunun ay\u0131b\u0131 Ankara&#8217;da oturup ahkam kesenlerin de\u011fil mi? Bundan bahsetmeyecek miyiz? Elbette bahsedece\u011fiz. E\u011fer insansak y\u00fcre\u011fimizde insan sevgisi ta\u015f\u0131yorsak bundan bahsedece\u011fiz. E\u011fer bir anne \u00e7ocu\u011funu o\u011flunu hastanenin bah\u00e7esinde b\u0131rak\u0131p, bir notta &#8216;ben o\u011fluma bakam\u0131yorum, param yok, gelirim yok ne olur bu \u00e7ocu\u011fumu bulan buna baks\u0131n. Allah r\u0131zas\u0131 i\u00e7in baks\u0131n&#8217; diyorsa bunun ay\u0131b\u0131, bunun utanc\u0131 Ankara&#8217;da oturanlara ait de\u011fil mi? Recep Bey bunlardan utan\u0131yor mu? Bunlardan s\u0131k\u0131l\u0131yor mu? \u00c7\u00fcnk\u00fc onun derdi hortum. Yanda\u015flar\u0131m\u0131z nas\u0131l k\u00f6\u015feyi d\u00f6ner onun derdi bu.&#8221;<\/p>\n<p style=\"text-align: justify;\">K\u0131l\u0131\u00e7daro\u011flu, AK Parti&#8217;nin derdinin yanda\u015flar\u0131 oldu\u011funu ileri s\u00fcrerek, \u015f\u00f6yle dedi:<\/p>\n<p style=\"text-align: justify;\">&#8221;Yanda\u015f nas\u0131l k\u00f6\u015feyi d\u00f6ner? &#8216;Nas\u0131l yarg\u0131y\u0131 ele ge\u00e7iririm. B\u00fcrokrasiyi nas\u0131l ele ge\u00e7iririm. Yay\u0131nlanmam\u0131\u015f kitab\u0131 nas\u0131l yasakl\u0131 hale getiririm. Vatanda\u015f telefonla konu\u015fmas\u0131n, onu nas\u0131l dinlerim&#8217; derdi o. Bizim derdimiz herkesin karn\u0131n\u0131n doymas\u0131, herkesin huzur i\u00e7inde olmas\u0131, herkesin mutlu olmas\u0131, bizim derdimiz de bu. Arada siyahla beyaz kadar fark var. Biz \u00fclkemizi seviyoruz. \u0130nsan\u0131m\u0131z\u0131 seviyoruz. \u0130nsan\u0131m\u0131z\u0131n mutlulu\u011fu i\u00e7in \u00e7aba harcayaca\u011f\u0131z. Onun i\u00e7in yola \u00e7\u0131kt\u0131k, onun i\u00e7in m\u00fccadele edece\u011fiz. B\u00fct\u00fcn bask\u0131lar\u0131 da yok edece\u011fiz.&#8221;<\/p>\n<p style=\"text-align: justify;\"><strong>&#8221;M\u0130LLET MAKARNA DE\u011e\u0130L, M\u0130LLET \u0130\u015e \u0130ST\u0130YOR, M\u0130LLET A\u015e \u0130ST\u0130YOR&#8221;<\/strong><\/p>\n<p style=\"text-align: justify;\">Ardahan&#8217;\u0131n T\u00fcrkiye&#8217;nin en g\u00fczel illerinden birisi oldu\u011funu ifade eden K\u0131l\u0131\u00e7daro\u011flu, &#8221;Ardahan il olurken n\u00fcfusuna bak\u0131n \u015fimdiki n\u00fcfusuna bak\u0131n. 100 binin \u00fcst\u00fcnde n\u00fcfus g\u00f6\u00e7 etmi\u015f. Niye g\u00f6\u00e7 eder bir insan? &#8216;T\u00fcrkiye b\u00fcy\u00fcs\u00fcn&#8217; diyorlard\u0131. Ee, T\u00fcrkiye b\u00fcy\u00fcyorsa, Ardahan T\u00fcrkiye&#8217;nin par\u00e7as\u0131 de\u011fil mi? En g\u00fczel illerden birisi de\u011fil mi? Ee, Ardahan niye k\u00fc\u00e7\u00fcl\u00fcyor? Onlar b\u00fcy\u00fcd\u00fcler. Onlar k\u00f6\u015feyi d\u00f6nd\u00fcler. Hani bizim t\u00fcrk\u00fcm\u00fcz varya &#8216;Arad\u0131k hep ceplerini her taraftan para \u00e7\u0131kt\u0131&#8217; diyor. Onlar \u00f6yle&#8221; dedi.<\/p>\n<p style=\"text-align: justify;\">Vatanda\u015fa bir s\u00f6z\u00fcn\u00fcn oldu\u011funu, ayn\u0131 \u015fekilde AK Parti&#8217;nin de bir s\u00f6z\u00fcn\u00fcn bulundu\u011funu bildiren K\u0131l\u0131\u00e7daro\u011flu, \u015funlar\u0131 kaydetti:<\/p>\n<p style=\"text-align: justify;\">&#8221;Size s\u00f6z\u00fcm\u00fcz var. AKP&#8217;nin de bir s\u00f6z\u00fc var. AKP&#8217;nin s\u00f6z\u00fc \u015fu: Millet \u00e7al\u0131\u015fmas\u0131n, millet \u00fcretmesin. Bunun i\u00e7in de elinden ne geliyorsa yap\u0131yor. Mazot mu? Fiyata zam yap. G\u00fcbre mi? Fiyata zam yap. \u0130la\u00e7 m\u0131? Fiyata zam yap. Elektrik mi? Fiyata zam yap. Millet \u00fcretmesin. Ne olacak? Suya makarnaya muhta\u00e7 olacak. Bir afi\u015fimiz vard\u0131 &#8216;Tayyip yaz AKP&#8217;ye g\u00f6nder makarna evine gelsin&#8217; diyor. Millet makarna de\u011fil, millet i\u015f istiyor, millet a\u015f istiyor.&#8221;<\/p>\n<p style=\"text-align: justify;\">K\u0131l\u0131\u00e7daro\u011flu, Ardahan&#8217;\u0131n hayvanc\u0131l\u0131kta marka oldu\u011funu belirterek, \u015f\u00f6yle konu\u015ftu:<\/p>\n<p style=\"text-align: justify;\">&#8221;Ardahan hayvanc\u0131l\u0131k denince T\u00fcrkiye&#8217;nin en \u00f6nemli markalar\u0131ndan birisidir. \u015eimdi ben size soru soraca\u011f\u0131m, siz bana cevap verin. Ardahan&#8217;da yaylalar var m\u0131? Meralar var m\u0131? \u00c7al\u0131\u015fkan insan\u0131 var m\u0131? Allah a\u015fk\u0131na her \u015feyimiz var. Neden d\u0131\u015far\u0131dan ithal et getirelim. Niye getirelim? Her \u015feyimiz var. AKP, &#8216;Bizim insan\u0131m\u0131z \u00fcretmesin, bizim insan\u0131m\u0131z \u00e7al\u0131\u015fmas\u0131n, yoksulla\u015fs\u0131n; bir kilo makarnaya muhta\u00e7 olsun ben ona makarna vereyim. O da bana oy versin&#8217; diyor. \u0130zledi\u011fi politika bu. Bu politikay\u0131 reddediyoruz.&#8221;<\/p>\n<p style=\"text-align: justify;\">&#8221;Bizim bir pankart\u0131m\u0131z daha var. Recep Bey&#8217;in marifetlerini anlatan g\u00fczel bir pankart daha var&#8221; diyen K\u0131l\u0131\u00e7daro\u011flu, \u015funlar\u0131 s\u00f6yledi:<\/p>\n<p style=\"text-align: justify;\">&#8221;(B\u00fcy\u00fcks\u00fcn usta. Yumurtay\u0131 aklad\u0131n, feneri paklad\u0131n, serveti katlad\u0131n) diyor. Ee, bunlar\u0131n ustal\u0131\u011f\u0131 onun \u00fczerine zaten. D\u00fcr\u00fcstl\u00fck \u00fczerine ustal\u0131k olsa Kemal karde\u015finizin kar\u015f\u0131s\u0131na \u00e7\u0131kar de\u011fil mi? \u00c7\u0131kabilir mi? Diyor ki: Efendim bu, kameralara d\u00fc\u015fk\u00fcn. Kameralara d\u00fc\u015fk\u00fcn olan sensin. Hangi kasetleri \u00e7evirdi\u011fini biliyoruz senin. Hangi numaralar\u0131 \u00e7ekti\u011fini biliyoruz senin. Ha, televizyonda kar\u015f\u0131ma \u00e7\u0131kmaya cesaret edemiyorsan. \u0130\u015fte Ardahan&#8217;\u0131n meydan\u0131 gel buraya. Gelebilir mi, gelebilir mi?&#8221;<\/p>\n<p style=\"text-align: justify;\">Bu s\u0131rada kalabal\u0131\u011f\u0131n, &#8221;Vur vur inlesin Tayyip dinlesin&#8221; \u015feklinde slogan atmalar\u0131 \u00fczerine ise K\u0131l\u0131\u00e7daro\u011flu, &#8221;Hi\u00e7 meraklanmay\u0131n ezberini bozdum onun. Kimyas\u0131n\u0131 bozdum, \u015fifresini de \u00e7\u00f6zd\u00fcm&#8221; diyerek, \u015f\u00f6yle konu\u015ftu:<\/p>\n<p style=\"text-align: justify;\">&#8221;Recep Tayyip Erdo\u011fan ister televizyonda, ister meydanlarda ister konferans salonlar\u0131nda kar\u015f\u0131ma \u00e7\u0131kabilir mi? \u00c7\u0131kamaz, \u00e7\u00fcnk\u00fc \u00e7\u0131kmas\u0131 i\u00e7in \u00fc\u00e7 tane \u015fart vard\u0131r. Bir; ge\u00e7mi\u015finin temiz olmas\u0131 laz\u0131m. \u0130ki; kul hakk\u0131 yememesi laz\u0131m. \u00dc\u00e7; mangal gibi y\u00fcrek laz\u0131m. Bunlar\u0131n \u00fc\u00e7\u00fc de var m\u0131 Recep Bey&#8217;de? Var m\u0131? Ben de biliyorum ki yok. Korkak adamdan \u00fclkeyi y\u00f6netme bilgisi becerisini bekleyebilir misiniz? Temiz adamsan gel. Diyor ki: Ben ustay\u0131m, o \u00e7\u0131rak. Ee, gel kar\u015f\u0131ma. Ben kim usta, kim \u00e7\u0131rak millete g\u00f6stereyim. Gel kar\u015f\u0131ma.&#8221;<\/p>\n<p style=\"text-align: justify;\">K\u0131l\u0131\u00e7daro\u011flu, AKP h\u00fck\u00fcmetinin bir y\u0131lda yurt d\u0131\u015f\u0131ndan ithal ettikleri tar\u0131m ve hayvanc\u0131l\u0131k \u00fcr\u00fcnleri ile ete 20 milyar dolar para \u00f6dedi\u011fini ifade ederek, &#8221;Ba\u015fkalar\u0131n\u0131n \u00e7ift\u00e7isi kazans\u0131n diye pamuk getiriyorlar, bu\u011fday getiriyorlar, arpa getiriyorlar, yulaf getiriyorlar. Canl\u0131 hayvan getiriyorlar, et getiriyorlar. 20 milyar dolar \u00f6d\u00fcyorlar. 20 milyar dolar\u0131 ba\u015fka \u00fclkeye \u00f6deyece\u011fine, 5 milyar dolar\u0131n\u0131 bu \u00fclke insan\u0131na \u00f6de. B\u0131rak T\u00fcrkiye&#8217;yi b\u00fct\u00fcn Ortado\u011fu&#8217;yu besleriz&#8221; diye konu\u015ftu.<\/p>\n<p style=\"text-align: justify;\">&#8221;B\u00fct\u00fcn yurtta\u015flar\u0131mdan \u015funu bekliyorum: 12 Haziran&#8217;da sand\u0131\u011fa giderken bir \u015feyi d\u00fc\u015f\u00fcnmenizi istiyorum. Cumhuriyet tarihinde hangi iktidar yurt d\u0131\u015f\u0131ndan kurbanl\u0131k koyun getirdi&#8221; diyen K\u0131l\u0131\u00e7daro\u011flu, \u015f\u00f6yle devam etti:<\/p>\n<p style=\"text-align: justify;\">&#8221;Siz biliyorsunuz, ben de biliyorum, vatanda\u015flar\u0131m\u0131z da biliyor. AKP getirdi. O zaman sand\u0131\u011fa giderken, arkada\u015f sen yurt d\u0131\u015f\u0131ndan kurbanl\u0131k koyun getirdin, et getirdin, hayvanc\u0131lar\u0131, besicileri peri\u015fan ettin. Peri\u015fan etmeye de devam et diyorsan\u0131z oyunuzu AKP&#8217;ye verin. Hay\u0131r, art\u0131k yeter bu \u00fclkenin de insanlar\u0131 var. Bu \u00fclkenin de \u00fcreticileri var. Onlar\u0131n da kazanmas\u0131 laz\u0131m, onlar\u0131n da \u00fcretmesi laz\u0131m, onlar\u0131n da helal para kazanmas\u0131 laz\u0131m diyorsan\u0131z s\u0131rt\u0131n\u0131z\u0131 AKP&#8217;ye d\u00f6n\u00fcn, kar\u015f\u0131ya bak\u0131n ne g\u00f6r\u00fcyorsunuz? Cumhuriyet Halk Partisi. Onun \u00f6n\u00fcne ge\u00e7tiniz. Oyunuzu vereceksiniz 13 Haziran&#8217;da halk\u0131n iktidar\u0131n\u0131 kuraca\u011f\u0131z. Gidelim herhangi bir esnaftan, bakkaldan veya esnaftan bir \u015fi\u015fe su, bir \u015fi\u015fe s\u00fct alal\u0131m. Hangisi daha pahal\u0131. S\u00fct m\u00fc? Su mu? Suyun bak\u0131m\u0131n\u0131 yap\u0131yor musunuz. Ee, nas\u0131l oluyor da bu su s\u00fctten daha pahal\u0131 oluyor? Ee, Recep&#8217;in d\u00fczeni. Her sabah halk\u0131n iktidar\u0131nda kap\u0131n\u0131z\u0131 sabah\u0131n k\u00f6r\u00fcnde polis \u00e7almayacak. S\u00fct\u00e7\u00fc \u00e7alacak 2 \u015fi\u015fe s\u00fct her aileye b\u0131rakacak. \u00c7ocuklar devletin bedelini \u00f6dedi\u011fi s\u00fct\u00fc alacaklar. Analar s\u00fct\u00fc \u0131s\u0131tacak \u00e7ocuklar\u0131na i\u00e7irecek ve iki yana\u011f\u0131ndan \u00f6perek \u00e7ocuklar\u0131n\u0131 okula g\u00f6nderecekler. Karn\u0131 doyacak \u00e7ocuklar\u0131n. S\u00fct \u00fcreticisi kazanacak, sosyal devlet aya\u011fa kalkacak. Hi\u00e7bir \u00e7ocuk a\u00e7 okula gitmeyecek. Bunu yapaca\u011f\u0131z.&#8221;<\/p>\n<p style=\"text-align: justify;\">Bu arada miting alan\u0131ndaki bir vatanda\u015f\u0131n bir senedir \u00e7ad\u0131rda ya\u015fad\u0131\u011f\u0131n\u0131 belirtmesi \u00fczerine K\u0131l\u0131\u00e7daro\u011flu, \u015funlar\u0131 s\u00f6yledi:<\/p>\n<p style=\"text-align: justify;\">&#8221;\u00c7ad\u0131rda oturuyorsun. Recep Bey \u00e7ad\u0131r vermi\u015f iyi yine. Ya \u00e7ad\u0131r vermeseydi ne olurdu. Dikkat edin \u00e7ad\u0131r\u0131n\u0131z\u0131 her an alabilirler. Biz bu \u00fclkede herkesin ev bark sahibi olmas\u0131n\u0131 isteriz. Bak\u0131n K\u00fctahya Simav&#8217;a insanlar K\u0131z\u0131lay \u00e7ad\u0131r\u0131nda oturuyor. Depremin oldu\u011fu g\u00fcn gittim. Ama AKP&#8217;liler gidemediler. Oraya y\u00fczleri yok onlar\u0131n. Biz vatanda\u015flar\u0131n hem ac\u0131 g\u00fcnlerinde, hem sevin\u00e7li g\u00fcnlerinde onlar\u0131n yanlar\u0131nday\u0131z. Onlar bizim yurtta\u015flar\u0131m\u0131z. Kim olursa olsun, kimseyi \u00f6tekile\u015ftirmeden herkesi kucaklayarak, t\u00fcm yurtta\u015flar\u0131m\u0131z\u0131n gelece\u011fini d\u00fc\u015f\u00fcn\u00fcyoruz. Onlar bu \u00fclkede huzur, refah i\u00e7inde ya\u015fas\u0131nlar diye. Bu vatanda hepimize yetecek toprak var, su var, her \u015feyimiz var. Bereketli bir co\u011frafyada ya\u015f\u0131yoruz, ama bereketsiz bir h\u00fck\u00fcmetle kar\u015f\u0131 kar\u015f\u0131yay\u0131z.&#8221;<\/p>\n<p style=\"text-align: justify;\"><strong>AK PART\u0130&#8217;Y\u0130 ELE\u015eT\u0130RD\u0130<\/strong><\/p>\n<p style=\"text-align: justify;\">K\u0131l\u0131\u00e7daro\u011flu, AK Parti h\u00fck\u00fcmetini ele\u015ftirerek, &#8221;9 y\u0131ld\u0131r \u00fclkeyi peri\u015fan ettiler. Yoksul say\u0131s\u0131 artt\u0131, i\u015fsiz say\u0131s\u0131 artt\u0131. \u00c7ocuklar yata\u011fa a\u00e7 giriyor. Evlerde huzur kalmad\u0131. Bo\u015fanma davalar\u0131 artt\u0131, hapse giren yurtta\u015flar\u0131m\u0131z\u0131n say\u0131s\u0131 da artt\u0131&#8221; diye konu\u015ftu.<\/p>\n<p style=\"text-align: justify;\">&#8221;AKP h\u00fck\u00fcmeti son 9 y\u0131lda 49 tane yeni hapishane yapt\u0131. Evet 49 tane&#8230; Yeni hapishane yapaca\u011f\u0131na 49 tane yeni fabrika yapsayd\u0131n\u0131z gen\u00e7lerimiz gidip \u00e7al\u0131\u015fsayd\u0131 \u00fcretseydi emek harcasayd\u0131 kazansayd\u0131 evine al\u0131n teriyle kazand\u0131\u011f\u0131 ekme\u011fi g\u00f6t\u00fcrseydi g\u00fcnaha m\u0131 girmi\u015f olurlard\u0131&#8221; diyen K\u0131l\u0131\u00e7daro\u011flu, s\u00f6zlerini \u015f\u00f6yle s\u00fcrd\u00fcrd\u00fc:<\/p>\n<p style=\"text-align: justify;\">&#8221;Onlar fabrika de\u011fil hapishane s\u00f6z\u00fc verdiler. Onlar fabrika de\u011fil, hapishane a\u00e7t\u0131lar. Halk\u0131n iktidar\u0131nda hapishane de\u011fil, fabrika olacak. \u0130\u015fsizlik de\u011fil, i\u015f olacak. A\u015fs\u0131zl\u0131k de\u011fil, a\u015f olacak. Sizin i\u00e7in \u00e7al\u0131\u015faca\u011f\u0131z, sizin i\u00e7in \u00fcretece\u011fiz. Hemen \u00fcst\u00fcm\u00fczde dershane var. Dershanede gen\u00e7lerimiz var. &#8216;YGS yaz Tayyibe g\u00f6nder \u015fifre cebine gelsin&#8217; diyorlar duydunuz mu. 1 milyon 700 bin \u00e7ocu\u011fumuzun emekleriyle oynad\u0131lar. 1 milyon 700 bin \u00e7ocu\u011fumuzun gelece\u011fiyle oynad\u0131lar.&#8221;<\/p>\n<p style=\"text-align: justify;\">Bu s\u0131rada vatanda\u015flar\u0131n &#8221;\u015eifreci Tayyip&#8221; diye ba\u011f\u0131rmalar\u0131 \u00fczerine K\u0131l\u0131\u00e7daro\u011flu, &#8221;Ben onun \u015fifreci oldu\u011funu biliyorum zaten. Onun gizli g\u00fcndemi var. Ama ben onun \u015fifresini \u00e7\u00f6zd\u00fcm, itiraflara ba\u015flad\u0131. Daha \u00e7ok \u015fey itiraf ettirece\u011fim ona. &#8216;Benim bakanlar\u0131mdan baz\u0131lar\u0131 yolsuzluk yapt\u0131lar diye onlar\u0131 milletvekili listelerine almad\u0131m&#8217; diyorsun. Ben de dedim ki &#8216;\u00e7\u0131k o yolsuzluk yapan bakanlar\u0131n a\u00e7\u0131kla.&#8217; \u0130simlerini de verdim. &#8216;Benim i\u00e7i\u015flerime kar\u0131\u015fma&#8217; diyor. &#8216;Bizim partinin i\u00e7i\u015flerine kar\u0131\u015fma&#8217; diyor. Ben senin i\u00e7i\u015flerine kar\u0131\u015fm\u0131yorum. Ben, &#8216;yolsuzluk yapan bakanlar\u0131n\u0131 a\u00e7\u0131kla&#8217; diyorum. &#8216;Kul hakk\u0131 yiyen bakanlar\u0131n kimse \u00f6\u011frenelim&#8217; diyorum. Cumhuriyet tarihinde ilk kez bir ba\u015fbakan \u00e7\u0131kt\u0131, &#8216;benim bakanlar\u0131m yolsuzluk yapt\u0131 ben de onlar\u0131 milletvekili listelerine almad\u0131m&#8217; dedi. B\u00f6ylece bir h\u00fck\u00fcmetin bakanlar\u0131n\u0131n yolsuzluk yapt\u0131\u011f\u0131n\u0131 bu \u00fclkenin Ba\u015fbakan\u0131 a\u00e7\u0131klad\u0131. Diyorum ya Allah b\u00fcy\u00fckt\u00fcr \u015fifresini \u00e7\u00f6zd\u00fcm, daha \u00e7ok itiraf edecek.&#8221;<\/p>\n<p style=\"text-align: justify;\"><strong>&#8221;S\u00d6ZLE\u015eMEL\u0130 KALKACAK HERKES KADROLU \u00d6\u011eRETMEN OLACAK&#8221;<\/strong><\/p>\n<p style=\"text-align: justify;\">K\u0131l\u0131\u00e7daro\u011flu, \u00f6\u011fretmenlerin neden atanamad\u0131klar\u0131n\u0131 sorarak, &#8221;\u00dcniversiteyi bitirmi\u015f \u00f6\u011fretmen olacak, niye \u00f6\u011fretmen atam\u0131yorlar? \u00c7ocuklar iyi e\u011fitilemesin diye, s\u0131nav kazanmas\u0131nlar diye, i\u015fsiz kals\u0131nlar AKP&#8217;ye muhta\u00e7 olsunlar diye. Bunu kald\u0131raca\u011f\u0131z hi\u00e7 endi\u015fe etmeyin \u00f6\u011frencimiz var, okulumuz var, \u00f6\u011frenci ve \u00f6\u011fretmeni okulda bulu\u015fturaca\u011f\u0131z&#8221; dedi.<\/p>\n<p style=\"text-align: justify;\">&#8221;Bir \u00f6\u011fretmenimiz &#8216;8 y\u0131ld\u0131r s\u00f6zle\u015fmeli \u00f6\u011fretmen yapt\u0131lar, kar\u0131mla \u00e7ocu\u011fumu benden ettiler&#8217; diyor&#8221; ifadesini kullanan K\u0131l\u0131\u00e7daro\u011flu, \u015funlar\u0131 kaydetti:<\/p>\n<p style=\"text-align: justify;\">&#8221;S\u00f6zle\u015fmelinin \u015f\u00f6yle bir uygulamas\u0131 var. S\u00f6zle\u015fmeli yap\u0131yorsun, at\u0131yorsun Edirne&#8217;ye kar\u0131s\u0131 da \u00f6\u011fretmen o da s\u00f6zle\u015fmeli o da Hakkari&#8217;de. Bunlar bir t\u00fcrl\u00fc bulu\u015fam\u0131yorlar. Anayasa&#8217;da da &#8216;ailenin birli\u011fi esast\u0131r&#8217; diyor. Bunlar ailenin birli\u011fini de\u011fil, ailenin ayr\u0131lmas\u0131n\u0131 esas al\u0131yorlar. Tam tersini yap\u0131yorlar. S\u00f6zle\u015fmeli kalkacak herkes kadrolu \u00f6\u011fretmen olacak. Allah a\u015fk\u0131na olur mu? Ayn\u0131 okulda \u00e7al\u0131\u015f\u0131yoruz birimiz kadrolu birimiz s\u00f6zle\u015fmeli farkl\u0131 maa\u015flar al\u0131yoruz. Okulu ayn\u0131 niye \u00f6\u011fretmenler farkl\u0131, hi\u00e7 endi\u015fe etmeyin de\u011fi\u015ftirece\u011fiz. 4B&#8217;yi de de\u011fi\u015ftirece\u011fiz, 4C&#8217;yi de de\u011fi\u015ftirece\u011fiz. Herkesin kadrosu olacak. Bir pankart\u0131m\u0131z dava var, ba\u015f harflerini okuyunca bilirsiniz kim oldu\u011funu &#8216;tutars\u0131z, ayr\u0131mc\u0131, yanda\u015f, yolsuz, i\u015fg\u00fczar ve pazarlamac\u0131&#8217;. Diyordu ki ben \u00fclkemi pazarlamakla m\u00fckellefim. Allah Allah&#8230; Bir Ba\u015fbakan \u00fclkesini tan\u0131tmakla m\u00fckelleftir, pazarlamakla de\u011fil. Ama pazarlad\u0131n, iyi pazarlad\u0131n&#8230; 12 milyon 715 bin yoksul yaratt\u0131n. \u015eimdi kalkm\u0131\u015f milletten oy istiyor. O yoksul insanlara bir bakal\u0131m yaz\u0131k, g\u00fcnah de\u011fil mi o insanlara?&#8221;<\/p>\n<p style=\"text-align: justify;\">K\u0131l\u0131\u00e7daro\u011flu, konu\u015fmas\u0131nda s\u0131n\u0131r ticaretine de de\u011finerek, &#8221;Biliyorum s\u0131n\u0131r ticareti \u00f6nemli. Van&#8217;da da \u00f6nemli s\u0131n\u0131r ticareti, Hakkari&#8217;de de \u00f6nemli s\u0131n\u0131r ticareti. Biliyorum s\u0131n\u0131r ticareti dolay\u0131s\u0131yla belki ucuz mazot getireceksiniz. O imkan\u0131 sa\u011flayaca\u011f\u0131z, s\u0131n\u0131r ticaretini a\u00e7aca\u011f\u0131z. Hi\u00e7 endi\u015feniz olmas\u0131n&#8221; diye konu\u015ftu.<\/p>\n<p style=\"text-align: justify;\"><strong>KILI\u00c7DARO\u011eLU&#8217;NUN HAKKAR\u0130&#8217;DEK\u0130 A\u00c7IKLAMASI<\/strong><\/p>\n<p style=\"text-align: justify;\">Bu arada K\u0131l\u0131\u00e7daro\u011flu, Ardahan&#8217;dan helikopterle I\u011fd\u0131r&#8217;a gitmek \u00fczere 75. Y\u0131l Cumhuriyet Stad\u0131&#8217;na geldi\u011finde burada bir gazetecinin Hakkari&#8217;de yapt\u0131\u011f\u0131 a\u00e7\u0131klamay\u0131 hat\u0131rlatmas\u0131 \u00fczerine, a\u00e7\u0131klamas\u0131n\u0131n \u00e7arp\u0131t\u0131ld\u0131\u011f\u0131n\u0131 s\u00f6yledi.<\/p>\n<p style=\"text-align: justify;\">&#8221;Ne s\u00f6yledim orada? Ayr\u0131\u015fma s\u00fcreci de\u011fil, \u00f6yle bir \u015fey s\u00f6z konusu de\u011fil&#8221; diyen K\u0131l\u0131\u00e7daro\u011flu, \u015f\u00f6yle devam etti:<\/p>\n<p style=\"text-align: justify;\">&#8221;AB&#8217;nin kabul etti\u011fi ko\u015fullarda, evrensel ko\u015fullarda yerel y\u00f6netimleri, yerel belediye ba\u015fkanlar\u0131n\u0131 kim se\u00e7iyor? Halk se\u00e7iyor. Oradaki vatanda\u015flar se\u00e7iyor. Belediye Yasas\u0131 \u00e7\u0131kmas\u0131 laz\u0131m. Yerel y\u00f6netimleri biraz daha yetkilendirmemiz laz\u0131m. Bunu a\u00e7\u0131n ta eskiden yerel parti program\u0131m\u0131zda var. B\u00fct\u00fcn partilerin program\u0131nda var. Ama bunu AKP yapmad\u0131. Biz yapaca\u011f\u0131z. Halk\u0131m\u0131za g\u00fcveniyoruz. Hi\u00e7bir yurtta\u015f\u0131m\u0131z bu \u00fclkeden ayr\u0131lmak istemiyor. D\u00fcn bana belediye ba\u015fkan\u0131n\u0131n odas\u0131nda eski bir muhtar &#8216;Ben \u00fclkemi seviyorum&#8217; dedi. &#8216;Hakkari&#8217;yi de seviyorum, \u0130zmir&#8217;i de seviyorum. \u0130zmir benim i\u00e7in neyse Hakkari de ayn\u0131 o.&#8217; Ayn\u0131 \u015feyi s\u00f6yl\u00fcyoruz zaten.<\/p>\n<p style=\"text-align: justify;\">Ayr\u0131lmak de\u011fil, b\u00fct\u00fcnle\u015fmek istiyoruz. Ayr\u0131\u015fmak de\u011fil, bir araya gelmek istiyoruz. Siyaset\u00e7inin g\u00f6revi ayr\u0131\u015fmay\u0131 tetiklemek de\u011fildir. Tam tersine insan\u0131m\u0131za g\u00fcvenece\u011fiz. \u0130nsanlar\u0131m\u0131z\u0131 bir araya getirece\u011fiz. Var olan sorunlar\u0131 \u00e7\u00f6zece\u011fiz. Siyaset kurumunun g\u00f6revi budur. Bu baz\u0131lar\u0131, \u00f6zellikle yanda\u015f medya, &#8216;Efendim oralar ayr\u0131lacak m\u0131?&#8217; bunu s\u00f6yledi. &#8216;O iller ayr\u0131lacak m\u0131?&#8217; Kimse ayr\u0131lmak istemiyor. Biz de ayr\u0131lmak istemiyoruz. Bu g\u00fczel \u00fclkede demokrasiyi, \u00f6zg\u00fcrl\u00fckleri ve insan haklar\u0131n\u0131 geli\u015ftirerek daha \u00e7a\u011fda\u015f, daha uygar bir T\u00fcrkiye yarataca\u011f\u0131z. Bask\u0131c\u0131 de\u011fil, \u00f6zg\u00fcrl\u00fck\u00e7\u00fc bir T\u00fcrkiye&#8217;nin olmas\u0131 laz\u0131m. Herkesin karn\u0131n\u0131n doydu\u011fu g\u00fczel bir T\u00fcrkiye yaratmak istiyoruz. Ama tabii ki bunu ne kadar TRT yay\u0131nlar, ne kadar k\u0131rp\u0131l\u0131r onu bilmem. Siz g\u00f6nderirsiniz de mutfakta ne olur, onu bilemiyorum. Ama mutfakta bunun tamam\u0131n\u0131n yay\u0131nlanmas\u0131n\u0131 isterim.&#8221;<\/p>\n<p style=\"text-align: justify;\"><a href=\"http:\/\/www.gazeteport.com.tr\/SIYASET\/NEWS\/GP_909818\" target=\"_blank\">Kaynak : GAZETEPORT<\/a><\/p>\n","protected":false},"excerpt":{"rendered":"<p style=\"text-align: justify;\">\n<p style=\"text-align: justify;\">CHP Genel Ba\u015fkan\u0131 Kemal K\u0131l\u0131\u00e7daro\u011flu, &#8221;Biz \u00fclkemizi seviyoruz. \u0130nsan\u0131m\u0131z\u0131 seviyoruz. \u0130nsan\u0131m\u0131z\u0131n mutlulu\u011fu i\u00e7in \u00e7aba harcayaca\u011f\u0131z. Onun i\u00e7in yola \u00e7\u0131kt\u0131k, onun i\u00e7in m\u00fccadele edece\u011fiz. B\u00fct\u00fcn bask\u0131lar\u0131 da yok edece\u011fiz&#8221; dedi.<\/p>\n<p style=\"text-align: justify;\">K\u0131l\u0131\u00e7daro\u011flu, Hakkari&#8217;de yapt\u0131\u011f\u0131 \u00f6zerklik a\u00e7\u0131klamas\u0131yla ilgili sorulan soru \u00fczerine &#8220;Belediye y\u00f6netimlerini yetkilendirmemiz laz\u0131m. Bu her partinin program\u0131nda var ama <\/p>\n","protected":false},"author":1,"featured_media":0,"comment_status":"open","ping_status":"closed","sticky":false,"template":"","format":"standard","meta":{"footnotes":""},"categories":[105],"tags":[],"class_list":["post-33465","post","type-post","status-publish","format-standard","hentry","category-gundem","odd"],"_links":{"self":[{"href":"http:\/\/www.korhanyilmaz.com\/index.php?rest_route=\/wp\/v2\/posts\/33465","targetHints":{"allow":["GET"]}}],"collection":[{"href":"http:\/\/www.korhanyilmaz.com\/index.php?rest_route=\/wp\/v2\/posts"}],"about":[{"href":"http:\/\/www.korhanyilmaz.com\/index.php?rest_route=\/wp\/v2\/types\/post"}],"author":[{"embeddable":true,"href":"http:\/\/www.korhanyilmaz.com\/index.php?rest_route=\/wp\/v2\/users\/1"}],"replies":[{"embeddable":true,"href":"http:\/\/www.korhanyilmaz.com\/index.php?rest_route=%2Fwp%2Fv2%2Fcomments&post=33465"}],"version-history":[{"count":0,"href":"http:\/\/www.korhanyilmaz.com\/index.php?rest_route=\/wp\/v2\/posts\/33465\/revisions"}],"wp:attachment":[{"href":"http:\/\/www.korhanyilmaz.com\/index.php?rest_route=%2Fwp%2Fv2%2Fmedia&parent=33465"}],"wp:term":[{"taxonomy":"category","embeddable":true,"href":"http:\/\/www.korhanyilmaz.com\/index.php?rest_route=%2Fwp%2Fv2%2Fcategories&post=33465"},{"taxonomy":"post_tag","embeddable":true,"href":"http:\/\/www.korhanyilmaz.com\/index.php?rest_route=%2Fwp%2Fv2%2Ftags&post=33465"}],"curies":[{"name":"wp","href":"https:\/\/api.w.org\/{rel}","templated":true}]}}