{"id":33462,"date":"2011-05-24T16:23:18","date_gmt":"2011-05-24T13:23:18","guid":{"rendered":"http:\/\/www.korhanyilmaz.com\/?p=33462"},"modified":"2011-05-24T16:23:18","modified_gmt":"2011-05-24T13:23:18","slug":"silivri-kandil-irtibati-tescillendi","status":"publish","type":"post","link":"http:\/\/www.korhanyilmaz.com\/?p=33462","title":{"rendered":"&#8220;Silivri-Kandil irtibat\u0131 tescillendi&#8221;"},"content":{"rendered":"<p style=\"text-align: center;\"><a href=\"http:\/\/www.korhanyilmaz.com\/wp-content\/uploads\/2011\/05\/322.jpg\"  class=\"lightview\"><img loading=\"lazy\" decoding=\"async\" class=\"aligncenter size-full wp-image-33463\" src=\"http:\/\/www.korhanyilmaz.com\/wp-content\/uploads\/2011\/05\/322.jpg\" alt=\"\" width=\"403\" height=\"208\" \/><\/a><\/p>\n<p style=\"text-align: justify;\">Ba\u015fbakan Erdo\u011fan, CHP lideri K\u0131l\u0131\u00e7daro\u011flu&#8217;nun &#8216;K\u00fcrt sorununu \u00e7\u00f6zece\u011fim&#8217; a\u00e7\u0131klamalar\u0131n\u0131 BDP ile ittifak olarak yorumlad\u0131 ve \u00e7ete ba\u011flant\u0131s\u0131 yapt\u0131. Erdo\u011fan, MHP&#8217;deki kaset skandal\u0131yla ilgili olarak da &#8220;Bunlar CHP&#8217;nin, MHP&#8217;nin i\u00e7 i\u015fidir. Kendi sorunlar\u0131n\u0131 kendileri \u00e7\u00f6zs\u00fcn&#8221; dedi. Ba\u015fbakan, gazeteci Bekir Co\u015fkun&#8217;a da g\u00f6nderme yaparak &#8220;fitneci Bekir&#8221; ifadesini kulland\u0131.<!--more--><\/p>\n<p style=\"text-align: justify;\">\u015eIRNAK- AK Parti Genel Ba\u015fkan\u0131 ve Ba\u015fbakan Erdo\u011fan, &#8221;Dikkat ederseniz bir kaset numaras\u0131 \u00e7evirdiler. Ben bunlara girecek de\u011filim. Bunlar benim i\u015fim de\u011fil. Bunlar CHP&#8217;nin, MHP&#8217;nin kendi i\u00e7 sorunlar\u0131d\u0131r. Kendi sorunlar\u0131n\u0131 kendileri \u00e7\u00f6zs\u00fcn. E\u011fer temizlenmek istiyorlarsa kendi problemlerini kendileri \u00e7\u00f6zs\u00fcn&#8221; dedi.<\/p>\n<p style=\"text-align: justify;\">Partisinin Cumhuriyet Meydan\u0131&#8217;nda d\u00fczenlenen mitinginde vatanda\u015flara hitap eden Erdo\u011fan, 3 Kas\u0131m 2002 se\u00e7imlerinin ard\u0131ndan yeni bir s\u00fcre\u00e7 ba\u015flatt\u0131klar\u0131n\u0131 s\u00f6yledi. &#8221;Biz, inkar politikalar\u0131na, ret politikalar\u0131na, asimilasyona kesinkes son verdik&#8221; diyen Ba\u015fbakan Erdo\u011fan, AK Parti&#8217;nin milletin kurdu\u011fu bir parti oldu\u011funu vurgulad\u0131.<\/p>\n<p style=\"text-align: justify;\">Ge\u00e7ti\u011fimiz haftalarda, ortada komplo ve tezgah oldu\u011funu, \u00e7irkin bir senaryonun uygulanmak istendi\u011fini s\u00f6yledi\u011fini hat\u0131rlatan Ba\u015fbakan Erdo\u011fan, birbiriyle u\u00e7 gibi, birbirinin hasm\u0131 gibi g\u00f6r\u00fcnen taraflar aras\u0131nda irtibat oldu\u011funu ifade etti\u011fini s\u00f6yledi. \u00c7etelerle ter\u00f6r \u00f6rg\u00fct\u00fcn\u00fcn ayn\u0131 hizaya ge\u00e7ti\u011fini ve muhalefet partilerini de yedeklerine alarak AK Parti&#8217;ye kar\u015f\u0131 a\u00e7\u0131k bir sald\u0131r\u0131 ba\u015flatt\u0131klar\u0131n\u0131 kaydeden Erdo\u011fan, \u015f\u00f6yle konu\u015ftu:<\/p>\n<p style=\"text-align: justify;\"><strong>&#8220;S\u00d6YLED\u0130KLER\u0130M TEK TEK \u00c7IKIYOR&#8230;&#8221;<\/strong><\/p>\n<p style=\"text-align: justify;\">&#8221;\u0130\u015fte s\u00f6ylediklerim tek tek \u00e7\u0131k\u0131yor&#8230; \u00d6nce, dikkat ederseniz bir kaset numaras\u0131 \u00e7evirdiler. Ben bunlara girecek de\u011filim. Bunlar benim i\u015fim de\u011fil. Bunlar CHP&#8217;nin, MHP&#8217;nin kendi i\u00e7 sorunlar\u0131d\u0131r. Kendi sorunlar\u0131n\u0131 kendileri \u00e7\u00f6zs\u00fcn. E\u011fer temizlenmek istiyorlarsa kendi problemlerini kendileri \u00e7\u00f6zs\u00fcn.<\/p>\n<p style=\"text-align: justify;\">Yeni bir ad\u0131m&#8230; Silivri ile Kandil aras\u0131ndaki irtibat, \u015fu anda CHP-BDP muhabbetiyle art\u0131k tescillenmi\u015f durumda. Senaryo t\u0131k\u0131r t\u0131k\u0131r i\u015fliyor, tezgah t\u0131k\u0131r t\u0131k\u0131r i\u015fliyor. T\u00fcrkiye&#8217;nin demokrasi m\u00fccadelesi kar\u015f\u0131s\u0131nda, bir kez daha \u00e7etelere can suyu verilmek isteniyor.<\/p>\n<p style=\"text-align: justify;\">Biz, CHP&#8217;nin de MHP&#8217;nin de Sivas&#8217;\u0131n \u00f6tesine ge\u00e7mesini, buralara gelmesini, vatanda\u015fla kucakla\u015fmas\u0131n\u0131 her zaman istedik ve onlar\u0131 her zaman te\u015fvik ettik. CHP Genel Ba\u015fkan\u0131&#8217;n\u0131n sonunda Van&#8217;da, Hakkari&#8217;de miting yapmas\u0131 elbette sevindiricidir. Ama dikkat edin Hakkari&#8217;de 147-150 tane oy alan CHP, son yapt\u0131\u011f\u0131 mitingde BDP&#8217;lilere Yeni Ba\u015fkan hitap etti. Orada olan CHP&#8217;li de\u011fil ha, BDP&#8217;li. B\u00fct\u00fcn hareketleriyle ortada zaten. Yani milleti nas\u0131l aldat\u0131r\u0131z, \u00e7ar\u015f\u0131, pazarda bug\u00fcn burada oynanan oyunu, o g\u00fcn Hakkari&#8217;de oynad\u0131lar. Benim vatanda\u015f\u0131m orada kepenk kapatmad\u0131, orada kepenk kapatt\u0131r\u0131ld\u0131. Tehditle kapatt\u0131r\u0131ld\u0131. Utanmadan, s\u0131k\u0131lmadan, &#8216;kendi takdirini kulland\u0131&#8217; diyor. Yahu bir g\u00fcn \u00f6ncesinden vatanda\u015fa tehditler g\u00f6nderildi. &#8216;Gidin ekme\u011finizi al\u0131n. Yar\u0131n f\u0131r\u0131nlar kapal\u0131 olacak, d\u00fckkanlar kapal\u0131 olacak&#8217; diye. Bunlar\u0131n hepsini biliyoruz. B\u00fct\u00fcn evlere gereken talimatlar\u0131 verdiler, tehditler yap\u0131ld\u0131. Niye? &#8216;Yar\u0131n buraya Ba\u015fbakan geliyor. Kimse buraya gelmeyecek&#8217; diye. Buna ra\u011fmen, oraya gelip y\u00fcre\u011fini ortaya koyan vatanda\u015f\u0131ma ben hitap ettim. &#8220;<\/p>\n<p style=\"text-align: justify;\"><strong>&#8220;KEND\u0130 PROBLEMLER\u0130, KEND\u0130LER\u0130 \u00c7\u00d6ZS\u00dcNLER&#8221;<\/strong><\/p>\n<p style=\"text-align: justify;\">Ba\u015fbakan Erdo\u011fan, MHP&#8217;yi sarsan kaset skandallar\u0131na da de\u011finerek, &#8221;Dikkat ederseniz bir kaset numaras\u0131 \u00e7evirdiler. Ben bunlara girecek de\u011filim. Bunlar benim i\u015fim de\u011fil. Bunlar CHP&#8217;nin, MHP&#8217;nin i\u00e7 i\u015fidir. Kendi sorunlar\u0131n\u0131 kendileri \u00e7\u00f6zs\u00fcn. E\u011fer temizlenmek istiyorlarsa kendi problemlerini kendileri \u00e7\u00f6zs\u00fcn&#8221; dedi.<\/p>\n<p style=\"text-align: justify;\"><strong>GAZETEC\u0130 BEK\u0130R CO\u015eKUN&#8217;A &#8220;F\u0130TNEC\u0130 BEK\u0130R&#8221; DED\u0130<\/strong><\/p>\n<p style=\"text-align: justify;\">Ge\u00e7en Cuma g\u00fcn\u00fc Van&#8217;da, 1940&#8217;l\u0131 y\u0131llara ait be\u015f resmi belgeyi a\u00e7\u0131klad\u0131\u011f\u0131n\u0131 hat\u0131rlatan Erdo\u011fan, CHP d\u00f6neminde, K\u00fcrt\u00e7e kitaplar\u0131n ve K\u00fcrt\u00e7e kasetlerin, bakanlar kurulu karar\u0131yla nas\u0131l yasakland\u0131\u011f\u0131n\u0131 resmi belgeleriyle g\u00f6sterdi\u011fini ifade etti. \u0130sim vermeden yine gazeteci Bekir Co\u015fkun&#8217;u hedef alan ve &#8220;Fitneci Bekir&#8221; diyen Erdo\u011fan, \u015f\u00f6yle devam etti:<\/p>\n<p style=\"text-align: justify;\">&#8221;T\u00fcrkiye, 1940&#8217;lardan 2002 y\u0131l\u0131na kadar, AK Parti&#8217;ye kadar, K\u00fcrt karde\u015flerime kar\u015f\u0131 inkar, ret ve asimilasyon politikas\u0131 izlemi\u015ftir. K\u00fcrt kimli\u011fi, K\u00fcrt k\u00fclt\u00fcr\u00fc, K\u00fcrt dili yasaklanm\u0131\u015f, yok say\u0131lm\u0131\u015f, inkar edilmi\u015ftir. Ahmed Hani&#8217;nin eseri Mem u Zin, bir a\u015fk hikayesi&#8230; Ferhat ile \u015eirin, Arzu ile Kanber, Leyla ile Mecnun ne ise; \u015furada, Cizre&#8217;de yatan Mem u Zin de i\u015fte odur. Mem u Zin&#8217;i birbirine hasret koyan zihniyet, Fitneci Bekir zihniyeti neyse, Mem u Zin kitab\u0131n\u0131 yasaklayan zihniyet de odur. \u0130\u015fte 1940&#8217;larda bakanlar kurulunun yasaklad\u0131\u011f\u0131 o kitab\u0131, 2010 y\u0131l\u0131nda T\u00fcrkiye Cumhuriyeti K\u00fclt\u00fcr ve Turizm Bakanl\u0131\u011f\u0131 bast\u0131. Tek ba\u015f\u0131na bu bile, T\u00fcrkiye&#8217;nin hangi noktaya ula\u015ft\u0131\u011f\u0131n\u0131n g\u00f6stergesidir.&#8221;<\/p>\n<p style=\"text-align: justify;\"><strong>&#8220;KILI\u00c7DARO\u011eLU KARDE\u015eL\u0130\u011eE KAR\u015eIDIR&#8221;<\/strong><\/p>\n<p style=\"text-align: justify;\">&#8220;Cumhuriyet Halk Partisi, sadece 1940&#8217;larda de\u011fil, 2002 sonras\u0131nda da ayn\u0131 \u015fekilde inkar, ret ve asimilasyonu \u00e7ok g\u00fc\u00e7l\u00fc \u015fekilde savunan bir parti olmu\u015ftur. Yeni CHP&#8217;nin Yeni Genel Ba\u015fkan\u0131, Meclis&#8217;te bir arkada\u015f\u0131 &#8216;Dersim&#8217;de tabi ki analar a\u011flayacakt\u0131&#8217; dedi\u011finde, onu alk\u0131\u015flam\u0131\u015f, ard\u0131ndan &#8216;Gere\u011fini yaps\u0131n&#8217; demi\u015f, ard\u0131ndan da uyar\u0131y\u0131 al\u0131nca susmu\u015f, sesini \u00e7\u0131karmam\u0131\u015f bir ki\u015fidir. Yeni CHP&#8217;nin Yeni Genel Ba\u015fkan\u0131, Milli Birlik ve Karde\u015flik Projesi&#8217;ne kar\u015f\u0131 \u00e7\u0131km\u0131\u015f, \u00f6n\u00fcnde durmu\u015f, engel olmu\u015f bir ki\u015fidir. Karde\u015fli\u011fe kar\u015f\u0131d\u0131r. Yeni CHP&#8217;nin Yeni Genel Ba\u015fkan\u0131, &#8216;Nerede bu Ergenekon, gidip \u00fcye olaca\u011f\u0131m&#8217; diyecek kadar, \u00e7ete sevdal\u0131s\u0131 oldu\u011funu a\u00e7\u0131k a\u00e7\u0131k belirtmi\u015ftir. Bu Genel Ba\u015fkan, \u00e7etelere avukatl\u0131\u011f\u0131 bir ad\u0131m daha \u00f6teye ta\u015f\u0131m\u0131\u015f, CHP&#8217;nin \u00e7etelere kol kanat germesini sa\u011flam\u0131\u015ft\u0131r.&#8221;<\/p>\n<p style=\"text-align: justify;\"><strong>&#8221;BU MUHABBET NEREDEN GEL\u0130YOR B\u00d6YLE?&#8221;<\/strong><\/p>\n<p style=\"text-align: justify;\">Ba\u015fbakan Erdo\u011fan, t\u00fcm bask\u0131lara ra\u011fmen, \u015e\u0131rnakl\u0131lar\u0131n oyuna gelmediklerini ve miting meydan\u0131n\u0131 g\u00fcmb\u00fcr g\u00fcmb\u00fcr doldurduklar\u0131n\u0131 s\u00f6yledi. &#8221;Bu muhabbet nereden geliyor b\u00f6yle?&#8221; diye CHP ve BDP&#8217;ye soru soran Erdo\u011fan, \u015f\u00f6yle konu\u015ftu:<\/p>\n<p style=\"text-align: justify;\">&#8221;Yahu bu \u00fclkede K\u00fcrt meselesinin hi\u00e7bir zaman sahibi olmayan bu CHP ile K\u00fcrt meselesinden beslenen BDP, bug\u00fcn kol kola girmi\u015f durumda. Y\u0131llarca K\u00fcrt kimli\u011fini, K\u00fcrt\u00e7eyi inkar eden, y\u0131llarca benim K\u00fcrt karde\u015flerime zulmeden CHP ile g\u00fcya K\u00fcrtlerin temsilcisi oldu\u011funu iddia eden BDP, bug\u00fcn i\u015fbirli\u011fi yapm\u0131\u015f durumda. Yahu ne oldu size? Sizi bir araya getiren ne? Sizi bulu\u015fturan ne? Sizi i\u015fbirli\u011fi noktas\u0131na getiren ne?<\/p>\n<p style=\"text-align: justify;\">Bunlar, \u00e7eteleri yeniden diriltmek i\u00e7in i\u015fbirli\u011fi yapt\u0131lar. Bunlar, \u00e7etelere yeniden can suyu vermek i\u00e7in i\u015fbirli\u011fi yapt\u0131lar. Bunlar, kan \u00fczerinden, g\u00f6zya\u015f\u0131 \u00fczerinden i\u015fbirli\u011fi yapt\u0131lar. Bunlar, T\u00fcrkiye&#8217;yi 2002 \u00f6ncesine geri g\u00f6t\u00fcrmek i\u00e7in i\u015fbirli\u011fi yapt\u0131lar. \u00c7\u00fcnk\u00fc 2002 \u00f6ncesi karanl\u0131kt\u0131. 2002 \u00f6ncesinde \u00e7eteler cirit at\u0131yordu. 2002 \u00f6ncesinde \u00e7eteler \u00fclkeye istedikleri gibi istikamet veriyordu. 2002 \u00f6ncesinde ret vard\u0131, inkar vard\u0131, asimilasyon vard\u0131. 2002 \u00f6ncesinde, m\u00fcdahaleler yoluyla, k\u0131\u015fk\u0131rtmalar yoluyla siyaset \u015fekillendiriliyor, milli irade \u00fczerine ipotek konuluyordu. \u0130\u015fte bug\u00fcn de ayn\u0131 \u015fey yap\u0131lmak isteniyor. Bug\u00fcn de siyaset, siyaset d\u0131\u015f\u0131 mihraklar taraf\u0131ndan \u015fekillendirilmek isteniyor.&#8221;<\/p>\n<p style=\"text-align: justify;\"><a href=\"http:\/\/www.gazeteport.com.tr\/SIYASET\/NEWS\/GP_909880\" target=\"_blank\">Kaynak : GAZETEPORT<\/a><\/p>\n","protected":false},"excerpt":{"rendered":"<p style=\"text-align: center;\">\n<p style=\"text-align: justify;\">Ba\u015fbakan Erdo\u011fan, CHP lideri K\u0131l\u0131\u00e7daro\u011flu&#8217;nun &#8216;K\u00fcrt sorununu \u00e7\u00f6zece\u011fim&#8217; a\u00e7\u0131klamalar\u0131n\u0131 BDP ile ittifak olarak yorumlad\u0131 ve \u00e7ete ba\u011flant\u0131s\u0131 yapt\u0131. Erdo\u011fan, MHP&#8217;deki kaset skandal\u0131yla ilgili olarak da &#8220;Bunlar CHP&#8217;nin, MHP&#8217;nin i\u00e7 i\u015fidir. Kendi sorunlar\u0131n\u0131 kendileri \u00e7\u00f6zs\u00fcn&#8221; dedi. Ba\u015fbakan, gazeteci Bekir Co\u015fkun&#8217;a da g\u00f6nderme yaparak &#8220;fitneci Bekir&#8221; ifadesini kulland\u0131.<\/p>\n","protected":false},"author":1,"featured_media":0,"comment_status":"open","ping_status":"closed","sticky":false,"template":"","format":"standard","meta":{"footnotes":""},"categories":[105],"tags":[],"class_list":["post-33462","post","type-post","status-publish","format-standard","hentry","category-gundem","odd"],"_links":{"self":[{"href":"http:\/\/www.korhanyilmaz.com\/index.php?rest_route=\/wp\/v2\/posts\/33462","targetHints":{"allow":["GET"]}}],"collection":[{"href":"http:\/\/www.korhanyilmaz.com\/index.php?rest_route=\/wp\/v2\/posts"}],"about":[{"href":"http:\/\/www.korhanyilmaz.com\/index.php?rest_route=\/wp\/v2\/types\/post"}],"author":[{"embeddable":true,"href":"http:\/\/www.korhanyilmaz.com\/index.php?rest_route=\/wp\/v2\/users\/1"}],"replies":[{"embeddable":true,"href":"http:\/\/www.korhanyilmaz.com\/index.php?rest_route=%2Fwp%2Fv2%2Fcomments&post=33462"}],"version-history":[{"count":0,"href":"http:\/\/www.korhanyilmaz.com\/index.php?rest_route=\/wp\/v2\/posts\/33462\/revisions"}],"wp:attachment":[{"href":"http:\/\/www.korhanyilmaz.com\/index.php?rest_route=%2Fwp%2Fv2%2Fmedia&parent=33462"}],"wp:term":[{"taxonomy":"category","embeddable":true,"href":"http:\/\/www.korhanyilmaz.com\/index.php?rest_route=%2Fwp%2Fv2%2Fcategories&post=33462"},{"taxonomy":"post_tag","embeddable":true,"href":"http:\/\/www.korhanyilmaz.com\/index.php?rest_route=%2Fwp%2Fv2%2Ftags&post=33462"}],"curies":[{"name":"wp","href":"https:\/\/api.w.org\/{rel}","templated":true}]}}