{"id":33458,"date":"2011-05-24T15:43:05","date_gmt":"2011-05-24T12:43:05","guid":{"rendered":"http:\/\/www.korhanyilmaz.com\/?p=33458"},"modified":"2011-05-24T15:43:05","modified_gmt":"2011-05-24T12:43:05","slug":"gunay-seriatci-degiliz","status":"publish","type":"post","link":"http:\/\/www.korhanyilmaz.com\/?p=33458","title":{"rendered":"G\u00fcnay: &#8220;\u015eeriat\u00e7\u0131 de\u011filiz&#8221;"},"content":{"rendered":"<p style=\"text-align: justify;\"><a href=\"http:\/\/www.korhanyilmaz.com\/wp-content\/uploads\/2011\/05\/320.jpg\"  class=\"lightview\"><img loading=\"lazy\" decoding=\"async\" class=\"aligncenter size-full wp-image-33459\" src=\"http:\/\/www.korhanyilmaz.com\/wp-content\/uploads\/2011\/05\/320.jpg\" alt=\"\" width=\"412\" height=\"219\" \/><\/a><\/p>\n<p style=\"text-align: justify;\">K\u00fclt\u00fcr Bakan\u0131 G\u00fcnay, &#8220;Ge\u00e7mi\u015fte uzun y\u0131llar Kom\u00fcnist olmad\u0131\u011f\u0131m\u0131 anlatmaya \u00e7al\u0131\u015ft\u0131m, \u015fimdi de \u015feriat\u00e7\u0131 olmad\u0131\u011f\u0131m\u0131z\u0131 anlatmaya \u00e7al\u0131\u015f\u0131yoruz&#8221; dedi.<\/p>\n<p style=\"text-align: justify;\">\u0130ZM\u0130R- K\u00fclt\u00fcr ve Turizm Bakan\u0131 Ertu\u011frul G\u00fcnay, hayat\u0131 boyunca demokrasiyi savundu\u011funu, ge\u00e7mi\u015fte uzun y\u0131llar kom\u00fcnist olmad\u0131\u011f\u0131n\u0131 anlatmaya \u00e7al\u0131\u015ft\u0131\u011f\u0131n\u0131 belirterek, &#8221;Ben neye inan\u0131yorsam 30&#8217;lu, 40&#8217;l\u0131 ya\u015flar\u0131mda, gene ayn\u0131 \u015feye inan\u0131yorum. Bu sefer de \u015feriat\u00e7\u0131 olmad\u0131\u011f\u0131m\u0131z\u0131 anlatmaya \u00e7al\u0131\u015f\u0131yoruz&#8221; dedi. <!--more--><\/p>\n<p style=\"text-align: justify;\">G\u00fcnay, \u0130zmir Sanayici ve \u0130\u015fadamlar\u0131 Derne\u011fi (\u0130ZS\u0130AD) taraf\u0131ndan Tarihi Havagaz\u0131 Fabrikas\u0131 K\u00fclt\u00fcr Merkezi&#8217;nde d\u00fczenlenen toplant\u0131ya kat\u0131ld\u0131.<\/p>\n<p style=\"text-align: justify;\">Bakan G\u00fcnay, yapt\u0131\u011f\u0131 konu\u015fmada, Nuri Bilge Ceylan&#8217;\u0131n ald\u0131\u011f\u0131 \u00f6d\u00fcl\u00fcn sevindirici oldu\u011funu ve T\u00fcrk sinemas\u0131n\u0131n son y\u0131llarda geldi\u011fi noktay\u0131 g\u00f6sterdi\u011fini belirterek, T\u00fcrk filmi seyircisi say\u0131s\u0131n\u0131n 2010 y\u0131l\u0131nda 22 milyona \u00e7\u0131karak, yabanc\u0131 filmleri ge\u00e7ti\u011fini s\u00f6yledi.<\/p>\n<p style=\"text-align: justify;\"><a href=\"http:\/\/www.korhanyilmaz.com\/wp-content\/uploads\/2011\/05\/321.jpg\"  class=\"lightview\"><img loading=\"lazy\" decoding=\"async\" class=\"aligncenter size-full wp-image-33460\" src=\"http:\/\/www.korhanyilmaz.com\/wp-content\/uploads\/2011\/05\/321.jpg\" alt=\"\" width=\"448\" height=\"230\" \/><\/a><\/p>\n<p style=\"text-align: justify;\"><strong>&#8220;AKP KADIN EVDE OTURSUN D\u0130YOR&#8230;&#8221;<\/strong><\/p>\n<p style=\"text-align: justify;\">Toplant\u0131da bir kad\u0131n \u00fcyenin, AK Parti&#8217;de kad\u0131n\u0131n stat\u00fcs\u00fcyle ilgili &#8221;evinin han\u0131m\u0131 olsun, evde otursun&#8221; anlay\u0131\u015f\u0131n\u0131n hakim oldu\u011funu d\u00fc\u015f\u00fcnd\u00fc\u011f\u00fcn\u00fc dile getirerek, &#8221;E\u011fitimli kad\u0131nlar\u0131n size oy vermesi i\u00e7in bize neler s\u00f6yleyeceksiniz? \u00c7ok g\u00fczel projeleriniz var ama benim g\u00f6nl\u00fcm\u00fc nas\u0131l rahatlatacaks\u0131n\u0131z&#8221; demesi \u00fczerine G\u00fcnay, \u015f\u00f6yle konu\u015ftu:<\/p>\n<p style=\"text-align: justify;\">&#8221;\u0130tiraf edeyim ki anlam\u0131yorum. Bizim de e\u015fimiz, \u00e7ocu\u011fumuz var. Biz de bu hayat\u0131n i\u00e7inde ya\u015f\u0131yoruz. \u0130nsanlar\u0131n bu saatten sonra ne yedi\u011fi, ne i\u00e7ti\u011fi, ne giydi\u011fiyle ilgilenilmesi ve ona g\u00f6re siyasi tav\u0131r al\u0131nmas\u0131 bana g\u00f6re \u00e7ok eskimi\u015f geliyor. Art\u0131k bunu a\u015fmam\u0131z gerekti\u011fi d\u00fc\u015f\u00fcncesindeyim. Ben hayat\u0131m boyunca demokrasiyi savundum. Uzun d\u00f6nem kom\u00fcnist olmad\u0131\u011f\u0131m\u0131 anlatmaya \u00e7al\u0131\u015ft\u0131m. Kenar\u0131ndan ge\u00e7medim bu d\u00fc\u015f\u00fcncenin. Ben neye inan\u0131yorsam 30&#8217;lu 40&#8217;l\u0131 ya\u015flar\u0131mda, gene ayn\u0131 \u015feye inan\u0131yorum. Ben yine demokrasiye, sosyal adalete, \u00e7o\u011fulculu\u011fa inan\u0131yorum. Bu sefer de \u015feriat\u00e7\u0131 olmad\u0131\u011f\u0131m\u0131z\u0131 anlatmaya \u00e7al\u0131\u015f\u0131yoruz. Art\u0131k bu su\u00e7lamalar d\u00fcnyada bitti.&#8221;<\/p>\n<p style=\"text-align: justify;\">ABD&#8217;de 40 y\u0131l \u00f6ncesine kadar siyahlar\u0131n ya\u015fad\u0131klar\u0131na i\u015faret eden ve \u015fimdi Obama&#8217;n\u0131n ABD Ba\u015fkan\u0131 se\u00e7ildi\u011fini hat\u0131rlatan G\u00fcnay, s\u00f6zlerini \u015f\u00f6yle s\u00fcrd\u00fcrd\u00fc:<\/p>\n<p style=\"text-align: justify;\">&#8221;Bu eski fikirlerimizi b\u0131rakal\u0131m. \u00c7o\u011fulcu bir toplumda ya\u015fayaca\u011f\u0131z biz. Eskiden siyasetin g\u00fcndeminde Alevilik, S\u00fcnnilik; T\u00fcrkl\u00fck, K\u00fcrtl\u00fck; ba\u015f\u00f6rt\u00fcl\u00fc, ba\u015f\u0131 a\u00e7\u0131k; i\u00e7ki i\u00e7iyor i\u00e7miyor; inan\u0131yor inanm\u0131yor konular\u0131 vard\u0131.<\/p>\n<p style=\"text-align: justify;\">Biz T\u00fcrkiye Cumhuriyeti n\u00fcfus ka\u011f\u0131d\u0131n\u0131 bu co\u011frafyan\u0131n en de\u011ferli belgesi haline getirmeye \u00e7al\u0131\u015f\u0131yoruz. Bizim birli\u011fimizi b\u00fct\u00fcnl\u00fc\u011f\u00fcm\u00fcz\u00fc sa\u011flayacak olan, bir arada ya\u015fatacak olan sofram\u0131zdaki bereketin \u00e7o\u011falmas\u0131d\u0131r. T\u00fcrkiye&#8217;nin \u00fcretim g\u00fcc\u00fc, ihracat g\u00fcc\u00fcn\u00fcn artmas\u0131d\u0131r. Niye Amerika&#8217;dan ayr\u0131lmaya kimse kalkm\u0131yor?&#8221;<\/p>\n<p style=\"text-align: justify;\"><a href=\"http:\/\/www.gazeteport.com.tr\/SIYASET\/NEWS\/GP_909843\" target=\"_blank\">Kaynak : GAZETEPORT<\/a><\/p>\n","protected":false},"excerpt":{"rendered":"<p style=\"text-align: justify;\">\n<p style=\"text-align: justify;\">K\u00fclt\u00fcr Bakan\u0131 G\u00fcnay, &#8220;Ge\u00e7mi\u015fte uzun y\u0131llar Kom\u00fcnist olmad\u0131\u011f\u0131m\u0131 anlatmaya \u00e7al\u0131\u015ft\u0131m, \u015fimdi de \u015feriat\u00e7\u0131 olmad\u0131\u011f\u0131m\u0131z\u0131 anlatmaya \u00e7al\u0131\u015f\u0131yoruz&#8221; dedi.<\/p>\n<p style=\"text-align: justify;\">\u0130ZM\u0130R- K\u00fclt\u00fcr ve Turizm Bakan\u0131 Ertu\u011frul G\u00fcnay, hayat\u0131 boyunca demokrasiyi savundu\u011funu, ge\u00e7mi\u015fte uzun y\u0131llar kom\u00fcnist olmad\u0131\u011f\u0131n\u0131 anlatmaya \u00e7al\u0131\u015ft\u0131\u011f\u0131n\u0131 belirterek, &#8221;Ben neye inan\u0131yorsam 30&#8217;lu, 40&#8217;l\u0131 ya\u015flar\u0131mda, gene ayn\u0131 \u015feye inan\u0131yorum. Bu sefer <\/p>\n","protected":false},"author":1,"featured_media":0,"comment_status":"open","ping_status":"closed","sticky":false,"template":"","format":"standard","meta":{"footnotes":""},"categories":[105],"tags":[],"class_list":["post-33458","post","type-post","status-publish","format-standard","hentry","category-gundem","odd"],"_links":{"self":[{"href":"http:\/\/www.korhanyilmaz.com\/index.php?rest_route=\/wp\/v2\/posts\/33458","targetHints":{"allow":["GET"]}}],"collection":[{"href":"http:\/\/www.korhanyilmaz.com\/index.php?rest_route=\/wp\/v2\/posts"}],"about":[{"href":"http:\/\/www.korhanyilmaz.com\/index.php?rest_route=\/wp\/v2\/types\/post"}],"author":[{"embeddable":true,"href":"http:\/\/www.korhanyilmaz.com\/index.php?rest_route=\/wp\/v2\/users\/1"}],"replies":[{"embeddable":true,"href":"http:\/\/www.korhanyilmaz.com\/index.php?rest_route=%2Fwp%2Fv2%2Fcomments&post=33458"}],"version-history":[{"count":0,"href":"http:\/\/www.korhanyilmaz.com\/index.php?rest_route=\/wp\/v2\/posts\/33458\/revisions"}],"wp:attachment":[{"href":"http:\/\/www.korhanyilmaz.com\/index.php?rest_route=%2Fwp%2Fv2%2Fmedia&parent=33458"}],"wp:term":[{"taxonomy":"category","embeddable":true,"href":"http:\/\/www.korhanyilmaz.com\/index.php?rest_route=%2Fwp%2Fv2%2Fcategories&post=33458"},{"taxonomy":"post_tag","embeddable":true,"href":"http:\/\/www.korhanyilmaz.com\/index.php?rest_route=%2Fwp%2Fv2%2Ftags&post=33458"}],"curies":[{"name":"wp","href":"https:\/\/api.w.org\/{rel}","templated":true}]}}