{"id":33451,"date":"2011-05-24T15:49:19","date_gmt":"2011-05-24T12:49:19","guid":{"rendered":"http:\/\/www.korhanyilmaz.com\/?p=33451"},"modified":"2011-05-24T15:49:19","modified_gmt":"2011-05-24T12:49:19","slug":"kaset-skandallariyla-ilgili-buyuk-iddia","status":"publish","type":"post","link":"http:\/\/www.korhanyilmaz.com\/?p=33451","title":{"rendered":"Kaset skandallar\u0131yla ilgili b\u00fcy\u00fck iddia"},"content":{"rendered":"<p style=\"text-align: center;\"><a href=\"http:\/\/www.korhanyilmaz.com\/wp-content\/uploads\/2011\/05\/319.jpg\"  class=\"lightview\"><img loading=\"lazy\" decoding=\"async\" class=\"aligncenter size-full wp-image-33452\" src=\"http:\/\/www.korhanyilmaz.com\/wp-content\/uploads\/2011\/05\/319.jpg\" alt=\"\" width=\"315\" height=\"237\" \/><\/a><\/p>\n<p style=\"text-align: justify;\">12 Haziran&#8217;da yap\u0131lacak genel se\u00e7imler \u00f6ncesinde kaset skandallar\u0131 ile sars\u0131lan MHP, kasetlerin kayna\u011f\u0131 konusunda &#8220;okyanus \u00f6tesi&#8221;ni adres g\u00f6sterirken, CHP&#8217;li Ahmet Ersin ise ilgin\u00e7 iddialarda bulundu.<!--more--><\/p>\n<p style=\"text-align: justify;\">Ankara- CHP \u0130zmir Milletvekili ve TBMM \u0130nsan Haklar\u0131n\u0131 \u0130nceleme Komisyonu \u00fcyesi Ahmet Ersin, MHP&#8217;yi sarsan kasetleri de\u011ferlendirdi. 2008 y\u0131l\u0131nda kamuoyuna yans\u0131yan ses kasetleriyle ilgili \u0130nsan Haklar\u0131 Komisyonu&#8217;na ba\u015fvurduklar\u0131n\u0131 ve telefon dinlemeleriyle ilgili komisyon kuruldu\u011funu hat\u0131rlatan Ersin, \u015fu bilgileri verdi:<\/p>\n<p style=\"text-align: justify;\">&#8220;Alt komisyonda CHP&#8217;den ben, AKP&#8217;den \u00fc\u00e7 milletvekili ve MHP&#8217;den de Mehmet Ekici vard\u0131. Bana o \u00e7al\u0131\u015fmalar s\u0131ras\u0131nda mobil dinleme ara\u00e7lar\u0131yla ilgili bilgi geldi. Mobil dinleme ara\u00e7lar\u0131n\u0131n \u00fczerine gitmemiz gerekti\u011fi s\u00f6ylendi. Alt komisyona yaz\u0131l\u0131 ba\u015fvuru yapt\u0131m. Mobil dinleme ara\u00e7lar\u0131n\u0131n kimler taraf\u0131ndan ithal edildi\u011finin g\u00fcmr\u00fcklerden sorumlu bakana sorulmas\u0131n\u0131 istedi. Alt komisyon sadece Emniyet&#8217;i dinledi, ama Jandarma, M\u0130T&#8217;ten g\u00f6revlileri \u00e7a\u011f\u0131rmad\u0131. Bunlar\u0131n da \u00e7a\u011fr\u0131lmas\u0131n\u0131 istedim. Ben 23 Temmuz&#8217;da komisyona ba\u015fvurdum mobil dinleme ara\u00e7lar\u0131yla ilgili. Alt komisyon 24 Temmuz&#8217;da \u00e7al\u0131\u015fmalar\u0131n\u0131 apar topar sonland\u0131rd\u0131.&#8221;<\/p>\n<p style=\"text-align: justify;\">Yasad\u0131\u015f\u0131 telefon dinlemeleri ve g\u00f6r\u00fcnt\u00fc kasetlerinin kayna\u011f\u0131n\u0131n asl\u0131nda 2003 y\u0131l\u0131na dayand\u0131\u011f\u0131n\u0131 savunan Ersin, &#8220;Ba\u015fbakan Erdo\u011fan yolsuzluklar\u0131 takip i\u00e7in Emniyet, M\u0130T ve sivil ki\u015filerin oldu\u011fu bir \u00f6rg\u00fct olu\u015fturdu. Bu \u00f6rg\u00fct bakt\u0131 yolsuzluklar AKP&#8217;li belediyelerden kaynaklan\u0131yor, 2005 y\u0131l\u0131ndan itibaren \u00e7al\u0131\u015fmalar\u0131n\u0131 siyasi \u00f6rg\u00fct olarak s\u00fcrd\u00fcrd\u00fc. Bu Ba\u015fbakan&#8217;a ba\u011fl\u0131 yasad\u0131\u015f\u0131 bir istihbarat \u00f6rg\u00fct\u00fc. Siyasileri takip ediyor. Onlar\u0131n g\u00f6r\u00fcnt\u00fclerini, seslerini kay\u0131t alt\u0131na al\u0131yor. Yine yarg\u0131da, silahl\u0131 kuvvetlerdeki \u00e7e\u015fitli ki\u015fileri takip alt\u0131na alan bir \u00f6rg\u00fct. Alt komisyon \u00e7al\u0131\u015fmalar\u0131 s\u0131ras\u0131nda ara\u015ft\u0131r\u0131lmas\u0131n\u0131 istedi\u011fim mobil dinleme ara\u00e7lar\u0131n\u0131n iki \u00fc\u00e7 tanesi kay\u0131p, envanterde g\u00f6r\u00fcnm\u00fcyor. Bu ara\u00e7lar\u0131n da Ba\u015fbakan&#8217;a ba\u011fl\u0131 istihbarat \u00f6rg\u00fct\u00fcn\u00fcn elinde oldu\u011funu d\u00fc\u015f\u00fcn\u00fcyorum. Ben kasetlerle ilgili \u00e7al\u0131\u015fmalar\u0131 Ba\u015fbakan&#8217;a ba\u011fl\u0131 bu istihbarat \u00f6rg\u00fct\u00fcn\u00fcn yapt\u0131\u011f\u0131n\u0131 d\u00fc\u015f\u00fcn\u00fcyorum&#8221; diye konu\u015ftu.<\/p>\n<p style=\"text-align: justify;\"><strong>Cemaat etkisi<\/strong><\/p>\n<p style=\"text-align: justify;\">Ersin, MHP Genel Ba\u015fkan\u0131 Devlet Bah\u00e7eli&#8217;nin kasetlerle ilgili adres g\u00f6sterdi\u011fi &#8220;okyanus \u00f6tesi&#8221; konusunda ise, &#8220;T\u00fcrkiye&#8217;de bu i\u015fi yapanlar var. Bu kasetler ge\u00e7mi\u015fte \u00e7ekilmi\u015f, zaman\u0131 gelince devreye sokuyorlar. Mutlaka Okyanus \u00f6tesiyle de ilgisi var. \u00c7\u00fcnk\u00fc Ba\u015fbakan&#8217;a ba\u011fl\u0131 bu istihbarat \u00f6rg\u00fct\u00fcn\u00fcn yap\u0131s\u0131nda G\u00fclen cemaatinin etkisi \u00e7ok b\u00fcy\u00fck. \u00d6rg\u00fctteki ki\u015filer de Emniyet, M\u0130T ve sivil ki\u015filer&#8221; dedi.<\/p>\n<p style=\"text-align: justify;\">Kasetler arac\u0131l\u0131\u011f\u0131yla korku ortam\u0131 yarat\u0131lmak istendi\u011fini vurgulayan Ersin, &#8220;Ama ipin ucunu ka\u00e7\u0131rd\u0131lar. Siyasi partileri tehdit edecek a\u015famaya geldi bu g\u00fc\u00e7 sava\u015f\u0131. Bu \u00f6rg\u00fct disiplinden \u00e7\u0131kt\u0131. AKP i\u00e7in de asl\u0131nda tehdit olu\u015fturuyor. Hanefi Avc\u0131&#8217;y\u0131 ziyaret etti\u011fimizde de s\u00f6ylemi\u015fti; Ba\u015fbakan ve bakanlar\u0131n kasetlerinin de oldu\u011funu&#8221; diye konu\u015ftu.<\/p>\n<p style=\"text-align: justify;\">Kasetlerle ilgili ya\u015fanan sorunu &#8220;ortada insanl\u0131k cellatlar\u0131, onur cellatlar\u0131 kol geziyor&#8221; \u015feklinde de\u011ferlendiren Ahmet Ersin, Cumhurba\u015fkan\u0131&#8217;ndan Meclis Ba\u015fkan\u0131&#8217;na ve Ba\u015fbakan&#8217;a kadar herkesin g\u00f6z\u00fc \u00f6n\u00fcnde bu faaliyetlerin s\u00fcrd\u00fcr\u00fcld\u00fc\u011f\u00fcn\u00fc belirtti ve \u015f\u00f6yle konu\u015ftu:<\/p>\n<p style=\"text-align: justify;\">&#8220;Cumhurba\u015fkan\u0131&#8217;ndan Ba\u015fbakan&#8217;a kadar &#8216;aman bize bula\u015fmas\u0131n&#8217; anlay\u0131\u015f\u0131 var ve bu anlay\u0131\u015f i\u00e7inde bu insanl\u0131k d\u0131\u015f\u0131 faaliyete kar\u015f\u0131 \u00f6nlem alm\u0131yorlar. Hepsinde ayn\u0131 korku var. Yoksa bu kadar a\u011f\u0131r bir sorun ortada duruyorken bir h\u00fck\u00fcmet nas\u0131l y\u0131llardan beri bunlar\u0131 yapanlardan bir tanesini bile yarg\u0131 \u00f6n\u00fcne \u00e7\u0131karamaz, bu m\u00fcmk\u00fcn m\u00fc? Nas\u0131l Bakan Hayati Yaz\u0131c\u0131 ile ilgili olan mailin zanl\u0131s\u0131n\u0131 buluverdiler. Y\u0131llardan beri b\u00fcy\u00fck bir \u00e7\u0131\u011fl\u0131k y\u00fckseliyor T\u00fcrkiye&#8217;de. \u0130nsanlar dinleniyor, takip ediliyor, \u00f6zel ya\u015famlar\u0131 te\u015fhir ediliyor. T\u00fcrkiye bu insanl\u0131k d\u0131\u015f\u0131 uygulamalar nedeniyle b\u00fct\u00fcn d\u00fcnyada prestij kayb\u0131na u\u011fruyor ama bu i\u015fin i\u00e7inde olanlardan hi\u00e7 kimse yarg\u0131 \u00f6n\u00fcne \u00e7\u0131kar\u0131lm\u0131\u015f de\u011fil. Bunu anlay\u0131\u015fla kar\u015f\u0131lamak m\u00fcmk\u00fcn de\u011fil. T\u00fcrkiye&#8217;de olumlu ya da olumsuz her \u015feyin sorumlusu h\u00fck\u00fcmettir. Bu y\u00fckselen \u00e7\u0131\u011fl\u0131\u011f\u0131 duymuyorsa ya\u015fanan olumsuzlu\u011fun da orta\u011f\u0131 demektir.&#8221;<\/p>\n<p style=\"text-align: justify;\"><a href=\"http:\/\/www.cumhuriyet.com.tr\/?hn=246650&amp;kw=Kaset+skandallar%FDyla+ilgili+b%FCy%FCk+iddia\" target=\"_blank\">Kaynak : Cumhuriyet Haber Portal\u0131<\/a><\/p>\n","protected":false},"excerpt":{"rendered":"<p style=\"text-align: center;\">\n<p style=\"text-align: justify;\">12 Haziran&#8217;da yap\u0131lacak genel se\u00e7imler \u00f6ncesinde kaset skandallar\u0131 ile sars\u0131lan MHP, kasetlerin kayna\u011f\u0131 konusunda &#8220;okyanus \u00f6tesi&#8221;ni adres g\u00f6sterirken, CHP&#8217;li Ahmet Ersin ise ilgin\u00e7 iddialarda bulundu.<\/p>\n","protected":false},"author":1,"featured_media":0,"comment_status":"open","ping_status":"closed","sticky":false,"template":"","format":"standard","meta":{"footnotes":""},"categories":[105],"tags":[],"class_list":["post-33451","post","type-post","status-publish","format-standard","hentry","category-gundem","odd"],"_links":{"self":[{"href":"http:\/\/www.korhanyilmaz.com\/index.php?rest_route=\/wp\/v2\/posts\/33451","targetHints":{"allow":["GET"]}}],"collection":[{"href":"http:\/\/www.korhanyilmaz.com\/index.php?rest_route=\/wp\/v2\/posts"}],"about":[{"href":"http:\/\/www.korhanyilmaz.com\/index.php?rest_route=\/wp\/v2\/types\/post"}],"author":[{"embeddable":true,"href":"http:\/\/www.korhanyilmaz.com\/index.php?rest_route=\/wp\/v2\/users\/1"}],"replies":[{"embeddable":true,"href":"http:\/\/www.korhanyilmaz.com\/index.php?rest_route=%2Fwp%2Fv2%2Fcomments&post=33451"}],"version-history":[{"count":0,"href":"http:\/\/www.korhanyilmaz.com\/index.php?rest_route=\/wp\/v2\/posts\/33451\/revisions"}],"wp:attachment":[{"href":"http:\/\/www.korhanyilmaz.com\/index.php?rest_route=%2Fwp%2Fv2%2Fmedia&parent=33451"}],"wp:term":[{"taxonomy":"category","embeddable":true,"href":"http:\/\/www.korhanyilmaz.com\/index.php?rest_route=%2Fwp%2Fv2%2Fcategories&post=33451"},{"taxonomy":"post_tag","embeddable":true,"href":"http:\/\/www.korhanyilmaz.com\/index.php?rest_route=%2Fwp%2Fv2%2Ftags&post=33451"}],"curies":[{"name":"wp","href":"https:\/\/api.w.org\/{rel}","templated":true}]}}